{"id":91549,"date":"2022-09-01T20:52:23","date_gmt":"2022-09-02T01:52:23","guid":{"rendered":"https:\/\/reporteroshoy.mx\/noticias\/?p=91549"},"modified":"2022-09-01T20:53:59","modified_gmt":"2022-09-02T01:53:59","slug":"por-no-pasar-pension-a-su-hija-vinculan-a-padre-incumplido-en-merida","status":"publish","type":"post","link":"https:\/\/reporteroshoy.mx\/noticias\/por-no-pasar-pension-a-su-hija-vinculan-a-padre-incumplido-en-merida\/","title":{"rendered":"Por no pasar pensi\u00f3n a su hija, vinculan a padre incumplido en M\u00e9rida"},"content":{"rendered":"<p class=\"x_MsoNormal\" style=\"text-align: justify;\"><span style=\"color: #000000;\">M\u00e9rida, Yucat\u00e1n; 1 de septiembre de 2022.- Despu\u00e9s de valorar los datos de prueba presentados por la Fiscal\u00eda General del Estado (FGE), H.M.O.Q. fue vinculado a proceso por el delito de desobediencia de particulares a un mandato de autoridad, denunciado por no cumplir con los acuerdos establecidos ante un Juez de lo Familiar, quien lo hab\u00eda sentenciado al pago de la pensi\u00f3n alimenticia de su hija menor de edad.<\/span><\/p>\n<p class=\"x_MsoNormal\" style=\"text-align: justify;\"><span style=\"color: #000000;\">En la audiencia celebrada en el Centro de Justicia Oral de M\u00e9rida, los fiscales de litigaci\u00f3n expusieron los datos de prueba que permitieron al Juez Primero de Control decretar el auto de vinculaci\u00f3n a proceso al considerar los argumentos presentados como suficientes para resolver la situaci\u00f3n legal del imputado; adem\u00e1s otorg\u00f3 un plazo de dos meses para el cierre de la investigaci\u00f3n complementaria.<\/span><\/p>\n<p><img loading=\"lazy\" decoding=\"async\" class=\"wp-image-52942 aligncenter\" src=\"https:\/\/reporteroshoy.mx\/noticias\/wp-content\/uploads\/2020\/12\/MANUTENCION.jpeg\" alt=\"\" width=\"656\" height=\"327\" \/><\/p>\n<p class=\"x_MsoNormal\" style=\"text-align: justify;\"><span style=\"color: #000000;\">Cabe recordar que durante la audiencia inicial, los fiscales de litigaci\u00f3n establecieron que el imputado y la denunciante realizaron un divorcio voluntario ante un Juez de lo Familiar, donde el encausado fue sentenciado al pago mensual de una pensi\u00f3n alimenticia en favor de su hija, en ese entonces menor de edad, pero a pesar de que en repetidas ocasiones se le solicitaron los pagos, \u00e9l hizo caso omiso, por lo que el caso fue turnado a la Fiscal\u00eda para la judicializaci\u00f3n bajo la causa panel 112\/2022, por el delito de desobediencia a un mandato de autoridad.<\/span><\/p>\n<p class=\"x_MsoNormal\" style=\"text-align: justify;\"><span style=\"color: #000000;\">Antes de concluir la diligencia, fueron ratificadas las medidas cautelares impuestas durante la audiencia inicial, las cuales incluyen acudir peri\u00f3dicamente al Centro Estatal de Medidas Cautelares, tiene prohibido salir del Estado sin autorizaci\u00f3n judicial y deber\u00e1 someterse al cuidado y vigilancia del citado Centro por todo el tiempo que dure el proceso.<\/span><\/p>\n","protected":false},"excerpt":{"rendered":"<p>Durante a\u00f1os se hizo &#8216;pato&#8217; y no pag\u00f3 la cuota mensual que estableci\u00f3 el juez para su hija, en ese entonces menor de edad. Ya fue vinculado por desobediencia a un mandato de autoridad.<\/p>\n","protected":false},"author":2,"featured_media":62479,"comment_status":"open","ping_status":"closed","sticky":false,"template":"","format":"standard","meta":{"footnotes":""},"categories":[14],"tags":[22537,8701],"class_list":["post-91549","post","type-post","status-publish","format-standard","has-post-thumbnail","hentry","category-policia","tag-manutencion-en-merida","tag-padre-incumplido"],"yoast_head":"<!-- This site is optimized with the Yoast SEO plugin v28.3 - https:\/\/yoast.com\/product\/yoast-seo-wordpress\/ -->\n<title>Por no pasar pensi\u00f3n a su hija, vinculan a padre incumplido en M\u00e9rida<\/title>\n<meta name=\"description\" content=\"Durante a\u00f1os se hizo &#039;pato&#039; y no pag\u00f3 la cuota mensual que estableci\u00f3 el juez para su hija, en ese entonces menor de edad. Ya fue vinculado por desobediencia a un mandato de autoridad.\" \/>\n<meta name=\"robots\" content=\"index, follow, max-snippet:-1, max-image-preview:large, max-video-preview:-1\" \/>\n<link rel=\"canonical\" href=\"https:\/\/reporteroshoy.mx\/noticias\/por-no-pasar-pension-a-su-hija-vinculan-a-padre-incumplido-en-merida\/\" \/>\n<meta property=\"og:locale\" content=\"es_ES\" \/>\n<meta property=\"og:type\" content=\"article\" \/>\n<meta property=\"og:title\" content=\"Por no pasar pensi\u00f3n a su hija, vinculan a padre incumplido en M\u00e9rida\" \/>\n<meta property=\"og:description\" content=\"Durante a\u00f1os se hizo &#039;pato&#039; y no pag\u00f3 la cuota mensual que estableci\u00f3 el juez para su hija, en ese entonces menor de edad. Ya fue vinculado por desobediencia a un mandato de autoridad.\" \/>\n<meta property=\"og:url\" content=\"https:\/\/reporteroshoy.mx\/noticias\/por-no-pasar-pension-a-su-hija-vinculan-a-padre-incumplido-en-merida\/\" \/>\n<meta property=\"og:site_name\" content=\"Reporteros Hoy | Noticias de Yucat\u00e1n\" \/>\n<meta property=\"article:publisher\" content=\"http:\/\/www.facebook.com\/reporteroshoymx\" \/>\n<meta property=\"article:published_time\" content=\"2022-09-02T01:52:23+00:00\" \/>\n<meta property=\"article:modified_time\" content=\"2022-09-02T01:53:59+00:00\" \/>\n<meta property=\"og:image\" content=\"https:\/\/reporteroshoy.mx\/noticias\/wp-content\/uploads\/2021\/04\/Pension.jpg\" \/>\n\t<meta property=\"og:image:width\" content=\"768\" \/>\n\t<meta property=\"og:image:height\" content=\"431\" \/>\n\t<meta property=\"og:image:type\" content=\"image\/jpeg\" \/>\n<meta name=\"author\" content=\"Reporteros Hoy HY\" \/>\n<meta name=\"twitter:card\" content=\"summary_large_image\" \/>\n<meta name=\"twitter:creator\" content=\"@reporteroshoy\" \/>\n<meta name=\"twitter:site\" content=\"@reporteroshoy\" \/>\n<meta name=\"twitter:label1\" content=\"Escrito por\" \/>\n\t<meta name=\"twitter:data1\" content=\"Reporteros Hoy HY\" \/>\n\t<meta name=\"twitter:label2\" content=\"Tiempo de lectura\" \/>\n\t<meta name=\"twitter:data2\" content=\"2 minutos\" \/>\n<script type=\"application\/ld+json\" class=\"yoast-schema-graph\">{\"@context\":\"https:\\\/\\\/schema.org\",\"@graph\":[{\"@type\":\"Article\",\"@id\":\"https:\\\/\\\/reporteroshoy.mx\\\/noticias\\\/por-no-pasar-pension-a-su-hija-vinculan-a-padre-incumplido-en-merida\\\/#article\",\"isPartOf\":{\"@id\":\"https:\\\/\\\/reporteroshoy.mx\\\/noticias\\\/por-no-pasar-pension-a-su-hija-vinculan-a-padre-incumplido-en-merida\\\/\"},\"author\":{\"name\":\"Reporteros Hoy HY\",\"@id\":\"https:\\\/\\\/reporteroshoy.mx\\\/noticias\\\/#\\\/schema\\\/person\\\/d32189074678a9d41498d4248e29aac3\"},\"headline\":\"Por no pasar pensi\u00f3n a su hija, vinculan a padre incumplido en M\u00e9rida\",\"datePublished\":\"2022-09-02T01:52:23+00:00\",\"dateModified\":\"2022-09-02T01:53:59+00:00\",\"mainEntityOfPage\":{\"@id\":\"https:\\\/\\\/reporteroshoy.mx\\\/noticias\\\/por-no-pasar-pension-a-su-hija-vinculan-a-padre-incumplido-en-merida\\\/\"},\"wordCount\":314,\"commentCount\":0,\"image\":{\"@id\":\"https:\\\/\\\/reporteroshoy.mx\\\/noticias\\\/por-no-pasar-pension-a-su-hija-vinculan-a-padre-incumplido-en-merida\\\/#primaryimage\"},\"thumbnailUrl\":\"https:\\\/\\\/reporteroshoy.mx\\\/noticias\\\/wp-content\\\/uploads\\\/2021\\\/04\\\/Pension.jpg\",\"keywords\":[\"manutenci\u00f3n en M\u00e9rida\",\"Padre incumplido\"],\"articleSection\":[\"Polic\u00eda\"],\"inLanguage\":\"es\",\"potentialAction\":[{\"@type\":\"CommentAction\",\"name\":\"Comment\",\"target\":[\"https:\\\/\\\/reporteroshoy.mx\\\/noticias\\\/por-no-pasar-pension-a-su-hija-vinculan-a-padre-incumplido-en-merida\\\/#respond\"]}]},{\"@type\":\"WebPage\",\"@id\":\"https:\\\/\\\/reporteroshoy.mx\\\/noticias\\\/por-no-pasar-pension-a-su-hija-vinculan-a-padre-incumplido-en-merida\\\/\",\"url\":\"https:\\\/\\\/reporteroshoy.mx\\\/noticias\\\/por-no-pasar-pension-a-su-hija-vinculan-a-padre-incumplido-en-merida\\\/\",\"name\":\"Por no pasar pensi\u00f3n a su hija, vinculan a padre incumplido en M\u00e9rida\",\"isPartOf\":{\"@id\":\"https:\\\/\\\/reporteroshoy.mx\\\/noticias\\\/#website\"},\"primaryImageOfPage\":{\"@id\":\"https:\\\/\\\/reporteroshoy.mx\\\/noticias\\\/por-no-pasar-pension-a-su-hija-vinculan-a-padre-incumplido-en-merida\\\/#primaryimage\"},\"image\":{\"@id\":\"https:\\\/\\\/reporteroshoy.mx\\\/noticias\\\/por-no-pasar-pension-a-su-hija-vinculan-a-padre-incumplido-en-merida\\\/#primaryimage\"},\"thumbnailUrl\":\"https:\\\/\\\/reporteroshoy.mx\\\/noticias\\\/wp-content\\\/uploads\\\/2021\\\/04\\\/Pension.jpg\",\"datePublished\":\"2022-09-02T01:52:23+00:00\",\"dateModified\":\"2022-09-02T01:53:59+00:00\",\"author\":{\"@id\":\"https:\\\/\\\/reporteroshoy.mx\\\/noticias\\\/#\\\/schema\\\/person\\\/d32189074678a9d41498d4248e29aac3\"},\"description\":\"Durante a\u00f1os se hizo 'pato' y no pag\u00f3 la cuota mensual que estableci\u00f3 el juez para su hija, en ese entonces menor de edad. Ya fue vinculado por desobediencia a un mandato de autoridad.\",\"breadcrumb\":{\"@id\":\"https:\\\/\\\/reporteroshoy.mx\\\/noticias\\\/por-no-pasar-pension-a-su-hija-vinculan-a-padre-incumplido-en-merida\\\/#breadcrumb\"},\"inLanguage\":\"es\",\"potentialAction\":[{\"@type\":\"ReadAction\",\"target\":[\"https:\\\/\\\/reporteroshoy.mx\\\/noticias\\\/por-no-pasar-pension-a-su-hija-vinculan-a-padre-incumplido-en-merida\\\/\"]}]},{\"@type\":\"ImageObject\",\"inLanguage\":\"es\",\"@id\":\"https:\\\/\\\/reporteroshoy.mx\\\/noticias\\\/por-no-pasar-pension-a-su-hija-vinculan-a-padre-incumplido-en-merida\\\/#primaryimage\",\"url\":\"https:\\\/\\\/reporteroshoy.mx\\\/noticias\\\/wp-content\\\/uploads\\\/2021\\\/04\\\/Pension.jpg\",\"contentUrl\":\"https:\\\/\\\/reporteroshoy.mx\\\/noticias\\\/wp-content\\\/uploads\\\/2021\\\/04\\\/Pension.jpg\",\"width\":768,\"height\":431},{\"@type\":\"BreadcrumbList\",\"@id\":\"https:\\\/\\\/reporteroshoy.mx\\\/noticias\\\/por-no-pasar-pension-a-su-hija-vinculan-a-padre-incumplido-en-merida\\\/#breadcrumb\",\"itemListElement\":[{\"@type\":\"ListItem\",\"position\":1,\"name\":\"Portada\",\"item\":\"https:\\\/\\\/reporteroshoy.mx\\\/noticias\\\/\"},{\"@type\":\"ListItem\",\"position\":2,\"name\":\"Por no pasar pensi\u00f3n a su hija, vinculan a padre incumplido en M\u00e9rida\"}]},{\"@type\":\"WebSite\",\"@id\":\"https:\\\/\\\/reporteroshoy.mx\\\/noticias\\\/#website\",\"url\":\"https:\\\/\\\/reporteroshoy.mx\\\/noticias\\\/\",\"name\":\"Reporteros Hoy | Noticias de Yucat\u00e1n\",\"description\":\"Peri\u00f3dico digital con noticias diarias desde M\u00e9rida, Yucat\u00e1n para el mundo.\",\"potentialAction\":[{\"@type\":\"SearchAction\",\"target\":{\"@type\":\"EntryPoint\",\"urlTemplate\":\"https:\\\/\\\/reporteroshoy.mx\\\/noticias\\\/?s={search_term_string}\"},\"query-input\":{\"@type\":\"PropertyValueSpecification\",\"valueRequired\":true,\"valueName\":\"search_term_string\"}}],\"inLanguage\":\"es\"},{\"@type\":\"Person\",\"@id\":\"https:\\\/\\\/reporteroshoy.mx\\\/noticias\\\/#\\\/schema\\\/person\\\/d32189074678a9d41498d4248e29aac3\",\"name\":\"Reporteros Hoy HY\",\"image\":{\"@type\":\"ImageObject\",\"inLanguage\":\"es\",\"@id\":\"https:\\\/\\\/secure.gravatar.com\\\/avatar\\\/c539a82770f256437b35bda44650bb50f5fd4b7017f8b29672ed9f27a43cec47?s=96&d=mm&r=g\",\"url\":\"https:\\\/\\\/secure.gravatar.com\\\/avatar\\\/c539a82770f256437b35bda44650bb50f5fd4b7017f8b29672ed9f27a43cec47?s=96&d=mm&r=g\",\"contentUrl\":\"https:\\\/\\\/secure.gravatar.com\\\/avatar\\\/c539a82770f256437b35bda44650bb50f5fd4b7017f8b29672ed9f27a43cec47?s=96&d=mm&r=g\",\"caption\":\"Reporteros Hoy HY\"},\"url\":\"https:\\\/\\\/reporteroshoy.mx\\\/noticias\\\/author\\\/thelmo\\\/\"}]}<\/script>\n<!-- \/ Yoast SEO plugin. -->","yoast_head_json":{"title":"Por no pasar pensi\u00f3n a su hija, vinculan a padre incumplido en M\u00e9rida","description":"Durante a\u00f1os se hizo 'pato' y no pag\u00f3 la cuota mensual que estableci\u00f3 el juez para su hija, en ese entonces menor de edad. Ya fue vinculado por desobediencia a un mandato de autoridad.","robots":{"index":"index","follow":"follow","max-snippet":"max-snippet:-1","max-image-preview":"max-image-preview:large","max-video-preview":"max-video-preview:-1"},"canonical":"https:\/\/reporteroshoy.mx\/noticias\/por-no-pasar-pension-a-su-hija-vinculan-a-padre-incumplido-en-merida\/","og_locale":"es_ES","og_type":"article","og_title":"Por no pasar pensi\u00f3n a su hija, vinculan a padre incumplido en M\u00e9rida","og_description":"Durante a\u00f1os se hizo 'pato' y no pag\u00f3 la cuota mensual que estableci\u00f3 el juez para su hija, en ese entonces menor de edad. Ya fue vinculado por desobediencia a un mandato de autoridad.","og_url":"https:\/\/reporteroshoy.mx\/noticias\/por-no-pasar-pension-a-su-hija-vinculan-a-padre-incumplido-en-merida\/","og_site_name":"Reporteros Hoy | Noticias de Yucat\u00e1n","article_publisher":"http:\/\/www.facebook.com\/reporteroshoymx","article_published_time":"2022-09-02T01:52:23+00:00","article_modified_time":"2022-09-02T01:53:59+00:00","og_image":[{"width":768,"height":431,"url":"https:\/\/reporteroshoy.mx\/noticias\/wp-content\/uploads\/2021\/04\/Pension.jpg","type":"image\/jpeg"}],"author":"Reporteros Hoy HY","twitter_card":"summary_large_image","twitter_creator":"@reporteroshoy","twitter_site":"@reporteroshoy","twitter_misc":{"Escrito por":"Reporteros Hoy HY","Tiempo de lectura":"2 minutos"},"schema":{"@context":"https:\/\/schema.org","@graph":[{"@type":"Article","@id":"https:\/\/reporteroshoy.mx\/noticias\/por-no-pasar-pension-a-su-hija-vinculan-a-padre-incumplido-en-merida\/#article","isPartOf":{"@id":"https:\/\/reporteroshoy.mx\/noticias\/por-no-pasar-pension-a-su-hija-vinculan-a-padre-incumplido-en-merida\/"},"author":{"name":"Reporteros Hoy HY","@id":"https:\/\/reporteroshoy.mx\/noticias\/#\/schema\/person\/d32189074678a9d41498d4248e29aac3"},"headline":"Por no pasar pensi\u00f3n a su hija, vinculan a padre incumplido en M\u00e9rida","datePublished":"2022-09-02T01:52:23+00:00","dateModified":"2022-09-02T01:53:59+00:00","mainEntityOfPage":{"@id":"https:\/\/reporteroshoy.mx\/noticias\/por-no-pasar-pension-a-su-hija-vinculan-a-padre-incumplido-en-merida\/"},"wordCount":314,"commentCount":0,"image":{"@id":"https:\/\/reporteroshoy.mx\/noticias\/por-no-pasar-pension-a-su-hija-vinculan-a-padre-incumplido-en-merida\/#primaryimage"},"thumbnailUrl":"https:\/\/reporteroshoy.mx\/noticias\/wp-content\/uploads\/2021\/04\/Pension.jpg","keywords":["manutenci\u00f3n en M\u00e9rida","Padre incumplido"],"articleSection":["Polic\u00eda"],"inLanguage":"es","potentialAction":[{"@type":"CommentAction","name":"Comment","target":["https:\/\/reporteroshoy.mx\/noticias\/por-no-pasar-pension-a-su-hija-vinculan-a-padre-incumplido-en-merida\/#respond"]}]},{"@type":"WebPage","@id":"https:\/\/reporteroshoy.mx\/noticias\/por-no-pasar-pension-a-su-hija-vinculan-a-padre-incumplido-en-merida\/","url":"https:\/\/reporteroshoy.mx\/noticias\/por-no-pasar-pension-a-su-hija-vinculan-a-padre-incumplido-en-merida\/","name":"Por no pasar pensi\u00f3n a su hija, vinculan a padre incumplido en M\u00e9rida","isPartOf":{"@id":"https:\/\/reporteroshoy.mx\/noticias\/#website"},"primaryImageOfPage":{"@id":"https:\/\/reporteroshoy.mx\/noticias\/por-no-pasar-pension-a-su-hija-vinculan-a-padre-incumplido-en-merida\/#primaryimage"},"image":{"@id":"https:\/\/reporteroshoy.mx\/noticias\/por-no-pasar-pension-a-su-hija-vinculan-a-padre-incumplido-en-merida\/#primaryimage"},"thumbnailUrl":"https:\/\/reporteroshoy.mx\/noticias\/wp-content\/uploads\/2021\/04\/Pension.jpg","datePublished":"2022-09-02T01:52:23+00:00","dateModified":"2022-09-02T01:53:59+00:00","author":{"@id":"https:\/\/reporteroshoy.mx\/noticias\/#\/schema\/person\/d32189074678a9d41498d4248e29aac3"},"description":"Durante a\u00f1os se hizo 'pato' y no pag\u00f3 la cuota mensual que estableci\u00f3 el juez para su hija, en ese entonces menor de edad. Ya fue vinculado por desobediencia a un mandato de autoridad.","breadcrumb":{"@id":"https:\/\/reporteroshoy.mx\/noticias\/por-no-pasar-pension-a-su-hija-vinculan-a-padre-incumplido-en-merida\/#breadcrumb"},"inLanguage":"es","potentialAction":[{"@type":"ReadAction","target":["https:\/\/reporteroshoy.mx\/noticias\/por-no-pasar-pension-a-su-hija-vinculan-a-padre-incumplido-en-merida\/"]}]},{"@type":"ImageObject","inLanguage":"es","@id":"https:\/\/reporteroshoy.mx\/noticias\/por-no-pasar-pension-a-su-hija-vinculan-a-padre-incumplido-en-merida\/#primaryimage","url":"https:\/\/reporteroshoy.mx\/noticias\/wp-content\/uploads\/2021\/04\/Pension.jpg","contentUrl":"https:\/\/reporteroshoy.mx\/noticias\/wp-content\/uploads\/2021\/04\/Pension.jpg","width":768,"height":431},{"@type":"BreadcrumbList","@id":"https:\/\/reporteroshoy.mx\/noticias\/por-no-pasar-pension-a-su-hija-vinculan-a-padre-incumplido-en-merida\/#breadcrumb","itemListElement":[{"@type":"ListItem","position":1,"name":"Portada","item":"https:\/\/reporteroshoy.mx\/noticias\/"},{"@type":"ListItem","position":2,"name":"Por no pasar pensi\u00f3n a su hija, vinculan a padre incumplido en M\u00e9rida"}]},{"@type":"WebSite","@id":"https:\/\/reporteroshoy.mx\/noticias\/#website","url":"https:\/\/reporteroshoy.mx\/noticias\/","name":"Reporteros Hoy | Noticias de Yucat\u00e1n","description":"Peri\u00f3dico digital con noticias diarias desde M\u00e9rida, Yucat\u00e1n para el mundo.","potentialAction":[{"@type":"SearchAction","target":{"@type":"EntryPoint","urlTemplate":"https:\/\/reporteroshoy.mx\/noticias\/?s={search_term_string}"},"query-input":{"@type":"PropertyValueSpecification","valueRequired":true,"valueName":"search_term_string"}}],"inLanguage":"es"},{"@type":"Person","@id":"https:\/\/reporteroshoy.mx\/noticias\/#\/schema\/person\/d32189074678a9d41498d4248e29aac3","name":"Reporteros Hoy HY","image":{"@type":"ImageObject","inLanguage":"es","@id":"https:\/\/secure.gravatar.com\/avatar\/c539a82770f256437b35bda44650bb50f5fd4b7017f8b29672ed9f27a43cec47?s=96&d=mm&r=g","url":"https:\/\/secure.gravatar.com\/avatar\/c539a82770f256437b35bda44650bb50f5fd4b7017f8b29672ed9f27a43cec47?s=96&d=mm&r=g","contentUrl":"https:\/\/secure.gravatar.com\/avatar\/c539a82770f256437b35bda44650bb50f5fd4b7017f8b29672ed9f27a43cec47?s=96&d=mm&r=g","caption":"Reporteros Hoy HY"},"url":"https:\/\/reporteroshoy.mx\/noticias\/author\/thelmo\/"}]}},"_links":{"self":[{"href":"https:\/\/reporteroshoy.mx\/noticias\/wp-json\/wp\/v2\/posts\/91549","targetHints":{"allow":["GET"]}}],"collection":[{"href":"https:\/\/reporteroshoy.mx\/noticias\/wp-json\/wp\/v2\/posts"}],"about":[{"href":"https:\/\/reporteroshoy.mx\/noticias\/wp-json\/wp\/v2\/types\/post"}],"author":[{"embeddable":true,"href":"https:\/\/reporteroshoy.mx\/noticias\/wp-json\/wp\/v2\/users\/2"}],"replies":[{"embeddable":true,"href":"https:\/\/reporteroshoy.mx\/noticias\/wp-json\/wp\/v2\/comments?post=91549"}],"version-history":[{"count":0,"href":"https:\/\/reporteroshoy.mx\/noticias\/wp-json\/wp\/v2\/posts\/91549\/revisions"}],"wp:featuredmedia":[{"embeddable":true,"href":"https:\/\/reporteroshoy.mx\/noticias\/wp-json\/wp\/v2\/media\/62479"}],"wp:attachment":[{"href":"https:\/\/reporteroshoy.mx\/noticias\/wp-json\/wp\/v2\/media?parent=91549"}],"wp:term":[{"taxonomy":"category","embeddable":true,"href":"https:\/\/reporteroshoy.mx\/noticias\/wp-json\/wp\/v2\/categories?post=91549"},{"taxonomy":"post_tag","embeddable":true,"href":"https:\/\/reporteroshoy.mx\/noticias\/wp-json\/wp\/v2\/tags?post=91549"}],"curies":[{"name":"wp","href":"https:\/\/api.w.org\/{rel}","templated":true}]}}