{"id":91622,"date":"2022-09-03T15:48:09","date_gmt":"2022-09-03T20:48:09","guid":{"rendered":"https:\/\/reporteroshoy.mx\/noticias\/?p=91622"},"modified":"2022-09-03T15:48:09","modified_gmt":"2022-09-03T20:48:09","slug":"continua-el-apoyo-alimenticio-para-familias-yucatecas","status":"publish","type":"post","link":"https:\/\/reporteroshoy.mx\/noticias\/continua-el-apoyo-alimenticio-para-familias-yucatecas\/","title":{"rendered":"Contin\u00faa el apoyo alimenticio para familias yucatecas"},"content":{"rendered":"<p dir=\"ltr\" style=\"text-align: justify;\">Tizim\u00edn, Yucat\u00e1n; 3 de septiembre de 2022.- Para contribuir a la alimentaci\u00f3n y sano desarrollo de las familias del interior del estado que m\u00e1s lo necesitan, el Gobierno de Mauricio Vila Dosal contin\u00faa con la entrega de sacos de semillas de ma\u00edz para consumo, del programa Seguridad Alimentaria.<\/p>\n<p dir=\"ltr\" style=\"text-align: justify;\">Por instrucciones del Gobernador, el titular de la Secretar\u00eda de Desarrollo Rural (SEDER), Jorge D\u00edaz Loeza, supervis\u00f3 la distribuci\u00f3n de 23 toneladas de ma\u00edz a pobladores de las comunidades de Popolnah, Colonia Yucat\u00e1n y La Sierra, perteneciente al municipio de Tizim\u00edn.<\/p>\n<p dir=\"ltr\" style=\"text-align: justify;\">En esta edici\u00f3n 2022 del programa Seguridad Alimentaria, el Gobierno del Estado est\u00e1 distribuyendo 2,466 toneladas de ma\u00edz para consumo, que se traducen en 123,300 sacos de 20 kilogramos, con una inversi\u00f3n cerca de los 26 millones de pesos.<\/p>\n<p dir=\"ltr\"><img loading=\"lazy\" decoding=\"async\" class=\"wp-image-91625 aligncenter\" src=\"https:\/\/reporteroshoy.mx\/noticias\/wp-content\/uploads\/2022\/09\/Seguridad-alimentaria1.jpg\" alt=\"\" width=\"598\" height=\"337\" \/><\/p>\n<p dir=\"ltr\" style=\"text-align: justify;\">D\u00edaz Loeza, destac\u00f3 que la distribuci\u00f3n de este producto b\u00e1sico para las familias yucatecas mitiga la situaci\u00f3n econ\u00f3mica y alimentaria de las familias m\u00e1s desprotegidas del estado.<\/p>\n<p dir=\"ltr\" style=\"text-align: justify;\">\u201cEste esquema que impulsa el Gobernador Mauricio Vial Dosal garantiza la alimentaci\u00f3n de muchas familias que viven en pobreza extrema, por eso nos ha pedido que este apoyo sea distribuido a la gente de las comunidades m\u00e1s apartadas del territorio yucateco\u201d, explic\u00f3 el funcionario.<\/p>\n<p dir=\"ltr\" style=\"text-align: justify;\">Eusebio Hoil Tuz, habitante de la comisar\u00eda de Popolnah, asegur\u00f3 que recibir este apoyo representa una gran ayuda para su familia, pues con eso pueden elaborar un sinf\u00edn de alimentos, sobre todo tortillas que no pueden faltar en su mesa.<\/p>\n<p dir=\"ltr\" style=\"text-align: justify;\">\u201cQu\u00e9 bueno que el Gobernador nos manda este ma\u00edz, ya que es esencial para preparar nuestros alimentos como son los tamalitos, tortillas para panuchos o preparar nuestro pozole para llevar a la milpa. Adem\u00e1s, tambi\u00e9n nos sirven para alimentar a nuestras gallinas, la verdad estamos muy agradecidos\u201d, enfatiz\u00f3.<\/p>\n<p dir=\"ltr\"><img loading=\"lazy\" decoding=\"async\" class=\"wp-image-91624 aligncenter\" src=\"https:\/\/reporteroshoy.mx\/noticias\/wp-content\/uploads\/2022\/09\/Seguridad-alimentaria2.jpg\" alt=\"\" width=\"600\" height=\"337\" \/><\/p>\n<p dir=\"ltr\" style=\"text-align: justify;\">El secretario Jorge D\u00edaz Loeza, inici\u00f3 su gira de trabajo en la comunidad de Popolnah, lugar donde tambi\u00e9n entreg\u00f3, en beneficio de 65 ejidatarios, un paquete de dos paneles solares y una bomba sumergible, con la cual podr\u00e1n extraer agua a trav\u00e9s de un pozo y abastecer de agua a las instalaciones del parador tur\u00edstico de la Laguna Nachi Cocom, que cada vez recibe a m\u00e1s turistas.<\/p>\n<p dir=\"ltr\" style=\"text-align: justify;\">Al reconocer que hay muchas personas interesadas en visitar la laguna, el funcionario reiter\u00f3 la importancia de promover el turismo en el oriente del estado, ya que muchas familias tambi\u00e9n viven de esta actividad.<\/p>\n","protected":false},"excerpt":{"rendered":"<p>Habitantes de las comisar\u00edas de Popolnah, Colonia Yucat\u00e1n y La Sierra de Tizim\u00edn recibieron 23 toneladas de ma\u00edz para autoconsumo.<\/p>\n","protected":false},"author":9,"featured_media":91623,"comment_status":"open","ping_status":"closed","sticky":false,"template":"","format":"standard","meta":{"footnotes":""},"categories":[7],"tags":[533,19,12381],"class_list":["post-91622","post","type-post","status-publish","format-standard","has-post-thumbnail","hentry","category-gobierno","tag-gobierno-de-yucatan","tag-mauricio-vila","tag-seguridad-alimentaria"],"yoast_head":"<!-- This site is optimized with the Yoast SEO plugin v28.4 - https:\/\/yoast.com\/product\/yoast-seo-wordpress\/ -->\n<title>Contin\u00faa el apoyo alimenticio para familias yucatecas<\/title>\n<meta name=\"description\" content=\"Habitantes de las comisar\u00edas de Popolnah, Colonia Yucat\u00e1n y La Sierra de Tizim\u00edn recibieron 23 toneladas de ma\u00edz para autoconsumo.\" \/>\n<meta name=\"robots\" content=\"index, follow, max-snippet:-1, max-image-preview:large, max-video-preview:-1\" \/>\n<link rel=\"canonical\" href=\"https:\/\/reporteroshoy.mx\/noticias\/continua-el-apoyo-alimenticio-para-familias-yucatecas\/\" \/>\n<meta property=\"og:locale\" content=\"es_ES\" \/>\n<meta property=\"og:type\" content=\"article\" \/>\n<meta property=\"og:title\" content=\"Contin\u00faa el apoyo alimenticio para familias yucatecas\" \/>\n<meta property=\"og:description\" content=\"Habitantes de las comisar\u00edas de Popolnah, Colonia Yucat\u00e1n y La Sierra de Tizim\u00edn recibieron 23 toneladas de ma\u00edz para autoconsumo.\" \/>\n<meta property=\"og:url\" content=\"https:\/\/reporteroshoy.mx\/noticias\/continua-el-apoyo-alimenticio-para-familias-yucatecas\/\" \/>\n<meta property=\"og:site_name\" content=\"Reporteros Hoy | Noticias de Yucat\u00e1n\" \/>\n<meta property=\"article:publisher\" content=\"http:\/\/www.facebook.com\/reporteroshoymx\" \/>\n<meta property=\"article:published_time\" content=\"2022-09-03T20:48:09+00:00\" \/>\n<meta property=\"og:image\" content=\"https:\/\/reporteroshoy.mx\/noticias\/wp-content\/uploads\/2022\/09\/Seguridad-alimentaria.jpg\" \/>\n\t<meta property=\"og:image:width\" content=\"768\" \/>\n\t<meta property=\"og:image:height\" content=\"432\" \/>\n\t<meta property=\"og:image:type\" content=\"image\/jpeg\" \/>\n<meta name=\"author\" content=\"Reporteros Hoy WP\" \/>\n<meta name=\"twitter:card\" content=\"summary_large_image\" \/>\n<meta name=\"twitter:creator\" content=\"@reporteroshoy\" \/>\n<meta name=\"twitter:site\" content=\"@reporteroshoy\" \/>\n<meta name=\"twitter:label1\" content=\"Escrito por\" \/>\n\t<meta name=\"twitter:data1\" content=\"Reporteros Hoy WP\" \/>\n\t<meta name=\"twitter:label2\" content=\"Tiempo de lectura\" \/>\n\t<meta name=\"twitter:data2\" content=\"3 minutos\" \/>\n<script type=\"application\/ld+json\" class=\"yoast-schema-graph\">{\"@context\":\"https:\\\/\\\/schema.org\",\"@graph\":[{\"@type\":\"Article\",\"@id\":\"https:\\\/\\\/reporteroshoy.mx\\\/noticias\\\/continua-el-apoyo-alimenticio-para-familias-yucatecas\\\/#article\",\"isPartOf\":{\"@id\":\"https:\\\/\\\/reporteroshoy.mx\\\/noticias\\\/continua-el-apoyo-alimenticio-para-familias-yucatecas\\\/\"},\"author\":{\"name\":\"Reporteros Hoy WP\",\"@id\":\"https:\\\/\\\/reporteroshoy.mx\\\/noticias\\\/#\\\/schema\\\/person\\\/c977527e57c958a62c5cefe8fe47876e\"},\"headline\":\"Contin\u00faa el apoyo alimenticio para familias yucatecas\",\"datePublished\":\"2022-09-03T20:48:09+00:00\",\"mainEntityOfPage\":{\"@id\":\"https:\\\/\\\/reporteroshoy.mx\\\/noticias\\\/continua-el-apoyo-alimenticio-para-familias-yucatecas\\\/\"},\"wordCount\":423,\"commentCount\":0,\"image\":{\"@id\":\"https:\\\/\\\/reporteroshoy.mx\\\/noticias\\\/continua-el-apoyo-alimenticio-para-familias-yucatecas\\\/#primaryimage\"},\"thumbnailUrl\":\"https:\\\/\\\/reporteroshoy.mx\\\/noticias\\\/wp-content\\\/uploads\\\/2022\\\/09\\\/Seguridad-alimentaria.jpg\",\"keywords\":[\"Gobierno de Yucat\u00e1n\",\"Mauricio Vila\",\"Seguridad alimentaria\"],\"articleSection\":[\"Gobierno\"],\"inLanguage\":\"es\",\"potentialAction\":[{\"@type\":\"CommentAction\",\"name\":\"Comment\",\"target\":[\"https:\\\/\\\/reporteroshoy.mx\\\/noticias\\\/continua-el-apoyo-alimenticio-para-familias-yucatecas\\\/#respond\"]}]},{\"@type\":\"WebPage\",\"@id\":\"https:\\\/\\\/reporteroshoy.mx\\\/noticias\\\/continua-el-apoyo-alimenticio-para-familias-yucatecas\\\/\",\"url\":\"https:\\\/\\\/reporteroshoy.mx\\\/noticias\\\/continua-el-apoyo-alimenticio-para-familias-yucatecas\\\/\",\"name\":\"Contin\u00faa el apoyo alimenticio para familias yucatecas\",\"isPartOf\":{\"@id\":\"https:\\\/\\\/reporteroshoy.mx\\\/noticias\\\/#website\"},\"primaryImageOfPage\":{\"@id\":\"https:\\\/\\\/reporteroshoy.mx\\\/noticias\\\/continua-el-apoyo-alimenticio-para-familias-yucatecas\\\/#primaryimage\"},\"image\":{\"@id\":\"https:\\\/\\\/reporteroshoy.mx\\\/noticias\\\/continua-el-apoyo-alimenticio-para-familias-yucatecas\\\/#primaryimage\"},\"thumbnailUrl\":\"https:\\\/\\\/reporteroshoy.mx\\\/noticias\\\/wp-content\\\/uploads\\\/2022\\\/09\\\/Seguridad-alimentaria.jpg\",\"datePublished\":\"2022-09-03T20:48:09+00:00\",\"author\":{\"@id\":\"https:\\\/\\\/reporteroshoy.mx\\\/noticias\\\/#\\\/schema\\\/person\\\/c977527e57c958a62c5cefe8fe47876e\"},\"description\":\"Habitantes de las comisar\u00edas de Popolnah, Colonia Yucat\u00e1n y La Sierra de Tizim\u00edn recibieron 23 toneladas de ma\u00edz para autoconsumo.\",\"breadcrumb\":{\"@id\":\"https:\\\/\\\/reporteroshoy.mx\\\/noticias\\\/continua-el-apoyo-alimenticio-para-familias-yucatecas\\\/#breadcrumb\"},\"inLanguage\":\"es\",\"potentialAction\":[{\"@type\":\"ReadAction\",\"target\":[\"https:\\\/\\\/reporteroshoy.mx\\\/noticias\\\/continua-el-apoyo-alimenticio-para-familias-yucatecas\\\/\"]}]},{\"@type\":\"ImageObject\",\"inLanguage\":\"es\",\"@id\":\"https:\\\/\\\/reporteroshoy.mx\\\/noticias\\\/continua-el-apoyo-alimenticio-para-familias-yucatecas\\\/#primaryimage\",\"url\":\"https:\\\/\\\/reporteroshoy.mx\\\/noticias\\\/wp-content\\\/uploads\\\/2022\\\/09\\\/Seguridad-alimentaria.jpg\",\"contentUrl\":\"https:\\\/\\\/reporteroshoy.mx\\\/noticias\\\/wp-content\\\/uploads\\\/2022\\\/09\\\/Seguridad-alimentaria.jpg\",\"width\":768,\"height\":432},{\"@type\":\"BreadcrumbList\",\"@id\":\"https:\\\/\\\/reporteroshoy.mx\\\/noticias\\\/continua-el-apoyo-alimenticio-para-familias-yucatecas\\\/#breadcrumb\",\"itemListElement\":[{\"@type\":\"ListItem\",\"position\":1,\"name\":\"Portada\",\"item\":\"https:\\\/\\\/reporteroshoy.mx\\\/noticias\\\/\"},{\"@type\":\"ListItem\",\"position\":2,\"name\":\"Contin\u00faa el apoyo alimenticio para familias yucatecas\"}]},{\"@type\":\"WebSite\",\"@id\":\"https:\\\/\\\/reporteroshoy.mx\\\/noticias\\\/#website\",\"url\":\"https:\\\/\\\/reporteroshoy.mx\\\/noticias\\\/\",\"name\":\"Reporteros Hoy | Noticias de Yucat\u00e1n\",\"description\":\"Peri\u00f3dico digital con noticias diarias desde M\u00e9rida, Yucat\u00e1n para el mundo.\",\"potentialAction\":[{\"@type\":\"SearchAction\",\"target\":{\"@type\":\"EntryPoint\",\"urlTemplate\":\"https:\\\/\\\/reporteroshoy.mx\\\/noticias\\\/?s={search_term_string}\"},\"query-input\":{\"@type\":\"PropertyValueSpecification\",\"valueRequired\":true,\"valueName\":\"search_term_string\"}}],\"inLanguage\":\"es\"},{\"@type\":\"Person\",\"@id\":\"https:\\\/\\\/reporteroshoy.mx\\\/noticias\\\/#\\\/schema\\\/person\\\/c977527e57c958a62c5cefe8fe47876e\",\"name\":\"Reporteros Hoy WP\",\"image\":{\"@type\":\"ImageObject\",\"inLanguage\":\"es\",\"@id\":\"https:\\\/\\\/secure.gravatar.com\\\/avatar\\\/fd2917f79a7dae30f8ac9ddc2f35e1756bb59e25e01d1cd09deaa64df7b2f73e?s=96&d=mm&r=g\",\"url\":\"https:\\\/\\\/secure.gravatar.com\\\/avatar\\\/fd2917f79a7dae30f8ac9ddc2f35e1756bb59e25e01d1cd09deaa64df7b2f73e?s=96&d=mm&r=g\",\"contentUrl\":\"https:\\\/\\\/secure.gravatar.com\\\/avatar\\\/fd2917f79a7dae30f8ac9ddc2f35e1756bb59e25e01d1cd09deaa64df7b2f73e?s=96&d=mm&r=g\",\"caption\":\"Reporteros Hoy WP\"},\"url\":\"https:\\\/\\\/reporteroshoy.mx\\\/noticias\\\/author\\\/walfer\\\/\"}]}<\/script>\n<!-- \/ Yoast SEO plugin. -->","yoast_head_json":{"title":"Contin\u00faa el apoyo alimenticio para familias yucatecas","description":"Habitantes de las comisar\u00edas de Popolnah, Colonia Yucat\u00e1n y La Sierra de Tizim\u00edn recibieron 23 toneladas de ma\u00edz para autoconsumo.","robots":{"index":"index","follow":"follow","max-snippet":"max-snippet:-1","max-image-preview":"max-image-preview:large","max-video-preview":"max-video-preview:-1"},"canonical":"https:\/\/reporteroshoy.mx\/noticias\/continua-el-apoyo-alimenticio-para-familias-yucatecas\/","og_locale":"es_ES","og_type":"article","og_title":"Contin\u00faa el apoyo alimenticio para familias yucatecas","og_description":"Habitantes de las comisar\u00edas de Popolnah, Colonia Yucat\u00e1n y La Sierra de Tizim\u00edn recibieron 23 toneladas de ma\u00edz para autoconsumo.","og_url":"https:\/\/reporteroshoy.mx\/noticias\/continua-el-apoyo-alimenticio-para-familias-yucatecas\/","og_site_name":"Reporteros Hoy | Noticias de Yucat\u00e1n","article_publisher":"http:\/\/www.facebook.com\/reporteroshoymx","article_published_time":"2022-09-03T20:48:09+00:00","og_image":[{"width":768,"height":432,"url":"https:\/\/reporteroshoy.mx\/noticias\/wp-content\/uploads\/2022\/09\/Seguridad-alimentaria.jpg","type":"image\/jpeg"}],"author":"Reporteros Hoy WP","twitter_card":"summary_large_image","twitter_creator":"@reporteroshoy","twitter_site":"@reporteroshoy","twitter_misc":{"Escrito por":"Reporteros Hoy WP","Tiempo de lectura":"3 minutos"},"schema":{"@context":"https:\/\/schema.org","@graph":[{"@type":"Article","@id":"https:\/\/reporteroshoy.mx\/noticias\/continua-el-apoyo-alimenticio-para-familias-yucatecas\/#article","isPartOf":{"@id":"https:\/\/reporteroshoy.mx\/noticias\/continua-el-apoyo-alimenticio-para-familias-yucatecas\/"},"author":{"name":"Reporteros Hoy WP","@id":"https:\/\/reporteroshoy.mx\/noticias\/#\/schema\/person\/c977527e57c958a62c5cefe8fe47876e"},"headline":"Contin\u00faa el apoyo alimenticio para familias yucatecas","datePublished":"2022-09-03T20:48:09+00:00","mainEntityOfPage":{"@id":"https:\/\/reporteroshoy.mx\/noticias\/continua-el-apoyo-alimenticio-para-familias-yucatecas\/"},"wordCount":423,"commentCount":0,"image":{"@id":"https:\/\/reporteroshoy.mx\/noticias\/continua-el-apoyo-alimenticio-para-familias-yucatecas\/#primaryimage"},"thumbnailUrl":"https:\/\/reporteroshoy.mx\/noticias\/wp-content\/uploads\/2022\/09\/Seguridad-alimentaria.jpg","keywords":["Gobierno de Yucat\u00e1n","Mauricio Vila","Seguridad alimentaria"],"articleSection":["Gobierno"],"inLanguage":"es","potentialAction":[{"@type":"CommentAction","name":"Comment","target":["https:\/\/reporteroshoy.mx\/noticias\/continua-el-apoyo-alimenticio-para-familias-yucatecas\/#respond"]}]},{"@type":"WebPage","@id":"https:\/\/reporteroshoy.mx\/noticias\/continua-el-apoyo-alimenticio-para-familias-yucatecas\/","url":"https:\/\/reporteroshoy.mx\/noticias\/continua-el-apoyo-alimenticio-para-familias-yucatecas\/","name":"Contin\u00faa el apoyo alimenticio para familias yucatecas","isPartOf":{"@id":"https:\/\/reporteroshoy.mx\/noticias\/#website"},"primaryImageOfPage":{"@id":"https:\/\/reporteroshoy.mx\/noticias\/continua-el-apoyo-alimenticio-para-familias-yucatecas\/#primaryimage"},"image":{"@id":"https:\/\/reporteroshoy.mx\/noticias\/continua-el-apoyo-alimenticio-para-familias-yucatecas\/#primaryimage"},"thumbnailUrl":"https:\/\/reporteroshoy.mx\/noticias\/wp-content\/uploads\/2022\/09\/Seguridad-alimentaria.jpg","datePublished":"2022-09-03T20:48:09+00:00","author":{"@id":"https:\/\/reporteroshoy.mx\/noticias\/#\/schema\/person\/c977527e57c958a62c5cefe8fe47876e"},"description":"Habitantes de las comisar\u00edas de Popolnah, Colonia Yucat\u00e1n y La Sierra de Tizim\u00edn recibieron 23 toneladas de ma\u00edz para autoconsumo.","breadcrumb":{"@id":"https:\/\/reporteroshoy.mx\/noticias\/continua-el-apoyo-alimenticio-para-familias-yucatecas\/#breadcrumb"},"inLanguage":"es","potentialAction":[{"@type":"ReadAction","target":["https:\/\/reporteroshoy.mx\/noticias\/continua-el-apoyo-alimenticio-para-familias-yucatecas\/"]}]},{"@type":"ImageObject","inLanguage":"es","@id":"https:\/\/reporteroshoy.mx\/noticias\/continua-el-apoyo-alimenticio-para-familias-yucatecas\/#primaryimage","url":"https:\/\/reporteroshoy.mx\/noticias\/wp-content\/uploads\/2022\/09\/Seguridad-alimentaria.jpg","contentUrl":"https:\/\/reporteroshoy.mx\/noticias\/wp-content\/uploads\/2022\/09\/Seguridad-alimentaria.jpg","width":768,"height":432},{"@type":"BreadcrumbList","@id":"https:\/\/reporteroshoy.mx\/noticias\/continua-el-apoyo-alimenticio-para-familias-yucatecas\/#breadcrumb","itemListElement":[{"@type":"ListItem","position":1,"name":"Portada","item":"https:\/\/reporteroshoy.mx\/noticias\/"},{"@type":"ListItem","position":2,"name":"Contin\u00faa el apoyo alimenticio para familias yucatecas"}]},{"@type":"WebSite","@id":"https:\/\/reporteroshoy.mx\/noticias\/#website","url":"https:\/\/reporteroshoy.mx\/noticias\/","name":"Reporteros Hoy | Noticias de Yucat\u00e1n","description":"Peri\u00f3dico digital con noticias diarias desde M\u00e9rida, Yucat\u00e1n para el mundo.","potentialAction":[{"@type":"SearchAction","target":{"@type":"EntryPoint","urlTemplate":"https:\/\/reporteroshoy.mx\/noticias\/?s={search_term_string}"},"query-input":{"@type":"PropertyValueSpecification","valueRequired":true,"valueName":"search_term_string"}}],"inLanguage":"es"},{"@type":"Person","@id":"https:\/\/reporteroshoy.mx\/noticias\/#\/schema\/person\/c977527e57c958a62c5cefe8fe47876e","name":"Reporteros Hoy WP","image":{"@type":"ImageObject","inLanguage":"es","@id":"https:\/\/secure.gravatar.com\/avatar\/fd2917f79a7dae30f8ac9ddc2f35e1756bb59e25e01d1cd09deaa64df7b2f73e?s=96&d=mm&r=g","url":"https:\/\/secure.gravatar.com\/avatar\/fd2917f79a7dae30f8ac9ddc2f35e1756bb59e25e01d1cd09deaa64df7b2f73e?s=96&d=mm&r=g","contentUrl":"https:\/\/secure.gravatar.com\/avatar\/fd2917f79a7dae30f8ac9ddc2f35e1756bb59e25e01d1cd09deaa64df7b2f73e?s=96&d=mm&r=g","caption":"Reporteros Hoy WP"},"url":"https:\/\/reporteroshoy.mx\/noticias\/author\/walfer\/"}]}},"_links":{"self":[{"href":"https:\/\/reporteroshoy.mx\/noticias\/wp-json\/wp\/v2\/posts\/91622","targetHints":{"allow":["GET"]}}],"collection":[{"href":"https:\/\/reporteroshoy.mx\/noticias\/wp-json\/wp\/v2\/posts"}],"about":[{"href":"https:\/\/reporteroshoy.mx\/noticias\/wp-json\/wp\/v2\/types\/post"}],"author":[{"embeddable":true,"href":"https:\/\/reporteroshoy.mx\/noticias\/wp-json\/wp\/v2\/users\/9"}],"replies":[{"embeddable":true,"href":"https:\/\/reporteroshoy.mx\/noticias\/wp-json\/wp\/v2\/comments?post=91622"}],"version-history":[{"count":0,"href":"https:\/\/reporteroshoy.mx\/noticias\/wp-json\/wp\/v2\/posts\/91622\/revisions"}],"wp:featuredmedia":[{"embeddable":true,"href":"https:\/\/reporteroshoy.mx\/noticias\/wp-json\/wp\/v2\/media\/91623"}],"wp:attachment":[{"href":"https:\/\/reporteroshoy.mx\/noticias\/wp-json\/wp\/v2\/media?parent=91622"}],"wp:term":[{"taxonomy":"category","embeddable":true,"href":"https:\/\/reporteroshoy.mx\/noticias\/wp-json\/wp\/v2\/categories?post=91622"},{"taxonomy":"post_tag","embeddable":true,"href":"https:\/\/reporteroshoy.mx\/noticias\/wp-json\/wp\/v2\/tags?post=91622"}],"curies":[{"name":"wp","href":"https:\/\/api.w.org\/{rel}","templated":true}]}}