{"id":91891,"date":"2022-09-09T13:45:32","date_gmt":"2022-09-09T18:45:32","guid":{"rendered":"https:\/\/reporteroshoy.mx\/noticias\/?p=91891"},"modified":"2022-09-09T13:45:32","modified_gmt":"2022-09-09T18:45:32","slug":"piden-no-politizar-iniciativas-aprobadas-en-el-congreso-local","status":"publish","type":"post","link":"https:\/\/reporteroshoy.mx\/noticias\/piden-no-politizar-iniciativas-aprobadas-en-el-congreso-local\/","title":{"rendered":"Piden no politizar iniciativas aprobadas en el Congreso local"},"content":{"rendered":"<p style=\"text-align: justify;\">M\u00e9rida, Yucat\u00e1n; 9 de septiembre de 2022 (ACOM).- Luego de que se diera a conocer que la Suprema Corte de Justicia de la Naci\u00f3n (SCJN) admiti\u00f3 la acci\u00f3n de inconstitucionalidad presentada en contra de la reforma a la Ley del Isstey, el presidente de la Junta de Gobierno del Legislativo, V\u00edctor Hugo Lozano Poveda, lament\u00f3 que esta y otras iniciativas aprobadas est\u00e9n siendo utilizadas como bot\u00edn pol\u00edtico, por lo que insisti\u00f3 en que es imperante que haya m\u00e1s construcci\u00f3n en favor del Estado.<\/p>\n<p style=\"text-align: justify;\">\u00abNos vamos a mantener a la expectativa de la respuesta. No compartimos la visi\u00f3n de quienes sostienen que va a haber una cacer\u00eda de brujas\u00bb, se\u00f1al\u00f3.<\/p>\n<p><img loading=\"lazy\" decoding=\"async\" class=\"wp-image-91896 aligncenter\" src=\"https:\/\/reporteroshoy.mx\/noticias\/wp-content\/uploads\/2022\/09\/Victor-Hugo-scaled.jpg\" alt=\"\" width=\"600\" height=\"338\" \/><\/p>\n<p style=\"text-align: justify;\">El legislador tambi\u00e9n critic\u00f3 que se busque politizar iniciativas ben\u00e9ficas, como la ley 3 de 3 contra la violencia, sobre la cual, tambi\u00e9n, pesa una acci\u00f3n de inconstitucionalidad.<\/p>\n<p style=\"text-align: justify;\">\u00abEl llamado, nuevamente, es a que trabajemos por Yucat\u00e1n. A no establecer botines pol\u00edticos en relaci\u00f3n a cualquier tema, a estar metiendo acciones de inconstitucionalidad en contra de leyes que benefician a la sociedad, como es la ley 3 de 3. Es inconcebible que hoy haya quien est\u00e9 m\u00e1s preocupado por bombardear dicha ley que por fortalecer el marco jur\u00eddico\u00bb, extern\u00f3.<\/p>\n<p style=\"text-align: justify;\">Por otro lado, tambi\u00e9n lament\u00f3 que se haya aprobado la adhesi\u00f3n de la Guardia Nacional al Ej\u00e9rcito, en el Senado de la Rep\u00fablica, aunque dej\u00f3 en claro que se estar\u00e1 pendiente de las disposiciones que comprende la iniciativa aprobada.<\/p>\n<p style=\"text-align: justify;\"><strong>LEY 3 DE 3 SIGUE VIGENTE<\/strong><\/p>\n<div>\n<p style=\"text-align: justify;\">La acci\u00f3n de inconstitucionalidad, presentada por la CNDH ante la Suprema Corte de Justicia de la Naci\u00f3n en contra de la Ley 3 de 3 sigue sin admitirse, por lo que se reconoci\u00f3 que este tr\u00e1mite podr\u00eda tardar a\u00f1os.<\/p>\n<p style=\"text-align: justify;\">Seg\u00fan la agrupaci\u00f3n Agenda de las Mujeres por la Igualdad Sustantiva de Yucat\u00e1n (Amisy), la ley sigue vigente, pues tampoco se establecieron medidas cautelares para evitar que se aplique.<\/p>\n<p style=\"text-align: justify;\">\u00abNuestra ley es ley y aplicable, en tanto la SCJN no emita un dictamen en contra. No hay ninguna suspensi\u00f3n declarada. Esto no significa que, en el pr\u00f3ximo proceso electoral en Yucat\u00e1n, no se aplique la ley 3 de 3\u00bb, se\u00f1al\u00f3 Mar\u00eda Eugenia N\u00fa\u00f1ez Zapata, integrante de este grupo.<\/p>\n<p><img loading=\"lazy\" decoding=\"async\" class=\"wp-image-91897 aligncenter\" src=\"https:\/\/reporteroshoy.mx\/noticias\/wp-content\/uploads\/2022\/09\/AMISY-scaled.jpg\" alt=\"\" width=\"600\" height=\"338\" \/><\/p>\n<p style=\"text-align: justify;\">En conferencia de prensa, se remarc\u00f3 que, incluso, la medida que busca evitar que deudores alimentarios y personas denunciadas por violencia lleguen a cargos de elecci\u00f3n popular, ya ha sido retomada por otras entidades como Oaxaca, Sonora y Sinaloa.<\/p>\n<p style=\"text-align: justify;\">De igual manera, se dio a conocer que legisladores federales avalaron la propuesta, que se encuentra vigente en Yucat\u00e1n, seg\u00fan una carta enviada a Amisy por\u00a0las comisiones de derechos de la ni\u00f1ez y adolescencia, as\u00ed como de derechos humanos de la C\u00e1mara de Diputados.<\/p>\n<p style=\"text-align: justify;\">Se mencion\u00f3 que los legisladores refrendaron que el incumplimiento de las obligaciones alimentarias es una conducta que se constituye como violencia econ\u00f3mica por lo que urge a que se cumpla esta obligaci\u00f3n.<\/p>\n<p style=\"text-align: justify;\">\u00abSe configura como un retroceso en materia de derechos de las mujeres a una vida libre de violencia y de los derechos de las ni\u00f1as, ni\u00f1os y adolescentes. Preocupa que dicha acci\u00f3n ignore los acuerdos de la Convenci\u00f3n sobre los derechos del ni\u00f1o\u00bb, refiri\u00f3 Silvina Contreras, otra de las integrantes de Amisy.<\/p>\n<p style=\"text-align: justify;\">La agrupaci\u00f3n refrend\u00f3 su confianza en que la Suprema Corte no aceptar\u00e1 la acci\u00f3n de inconstitucionalidad, con la ley seguir\u00e1 vigente.<\/p>\n<\/div>\n","protected":false},"excerpt":{"rendered":"<p>V\u00edctor Hugo Lozano lament\u00f3 que la reforma a la Ley del Isstey est\u00e9 siendo utilizada como bot\u00edn pol\u00edtico.<\/p>\n","protected":false},"author":9,"featured_media":91896,"comment_status":"open","ping_status":"closed","sticky":false,"template":"","format":"standard","meta":{"footnotes":""},"categories":[17],"tags":[1995,2939,22404],"class_list":["post-91891","post","type-post","status-publish","format-standard","has-post-thumbnail","hentry","category-yucatan","tag-congreso-local","tag-iniciativa","tag-ley-3-de-3"],"yoast_head":"<!-- This site is optimized with the Yoast SEO plugin v28.3 - https:\/\/yoast.com\/product\/yoast-seo-wordpress\/ -->\n<title>Piden no politizar iniciativas aprobadas en el Congreso local<\/title>\n<meta name=\"description\" content=\"V\u00edctor Hugo Lozano lament\u00f3 que la reforma a la Ley del Isstey est\u00e9 siendo utilizada como bot\u00edn pol\u00edtico.\" \/>\n<meta name=\"robots\" content=\"index, follow, max-snippet:-1, max-image-preview:large, max-video-preview:-1\" \/>\n<link rel=\"canonical\" href=\"https:\/\/reporteroshoy.mx\/noticias\/piden-no-politizar-iniciativas-aprobadas-en-el-congreso-local\/\" \/>\n<meta property=\"og:locale\" content=\"es_ES\" \/>\n<meta property=\"og:type\" content=\"article\" \/>\n<meta property=\"og:title\" content=\"Piden no politizar iniciativas aprobadas en el Congreso local\" \/>\n<meta property=\"og:description\" content=\"V\u00edctor Hugo Lozano lament\u00f3 que la reforma a la Ley del Isstey est\u00e9 siendo utilizada como bot\u00edn pol\u00edtico.\" \/>\n<meta property=\"og:url\" content=\"https:\/\/reporteroshoy.mx\/noticias\/piden-no-politizar-iniciativas-aprobadas-en-el-congreso-local\/\" \/>\n<meta property=\"og:site_name\" content=\"Reporteros Hoy | Noticias de Yucat\u00e1n\" \/>\n<meta property=\"article:publisher\" content=\"http:\/\/www.facebook.com\/reporteroshoymx\" \/>\n<meta property=\"article:published_time\" content=\"2022-09-09T18:45:32+00:00\" \/>\n<meta property=\"og:image\" content=\"https:\/\/reporteroshoy.mx\/noticias\/wp-content\/uploads\/2022\/09\/Victor-Hugo-scaled.jpg\" \/>\n\t<meta property=\"og:image:width\" content=\"768\" \/>\n\t<meta property=\"og:image:height\" content=\"432\" \/>\n\t<meta property=\"og:image:type\" content=\"image\/jpeg\" \/>\n<meta name=\"author\" content=\"Reporteros Hoy WP\" \/>\n<meta name=\"twitter:card\" content=\"summary_large_image\" \/>\n<meta name=\"twitter:creator\" content=\"@reporteroshoy\" \/>\n<meta name=\"twitter:site\" content=\"@reporteroshoy\" \/>\n<meta name=\"twitter:label1\" content=\"Escrito por\" \/>\n\t<meta name=\"twitter:data1\" content=\"Reporteros Hoy WP\" \/>\n\t<meta name=\"twitter:label2\" content=\"Tiempo de lectura\" \/>\n\t<meta name=\"twitter:data2\" content=\"3 minutos\" \/>\n<script type=\"application\/ld+json\" class=\"yoast-schema-graph\">{\"@context\":\"https:\\\/\\\/schema.org\",\"@graph\":[{\"@type\":\"Article\",\"@id\":\"https:\\\/\\\/reporteroshoy.mx\\\/noticias\\\/piden-no-politizar-iniciativas-aprobadas-en-el-congreso-local\\\/#article\",\"isPartOf\":{\"@id\":\"https:\\\/\\\/reporteroshoy.mx\\\/noticias\\\/piden-no-politizar-iniciativas-aprobadas-en-el-congreso-local\\\/\"},\"author\":{\"name\":\"Reporteros Hoy WP\",\"@id\":\"https:\\\/\\\/reporteroshoy.mx\\\/noticias\\\/#\\\/schema\\\/person\\\/c977527e57c958a62c5cefe8fe47876e\"},\"headline\":\"Piden no politizar iniciativas aprobadas en el Congreso local\",\"datePublished\":\"2022-09-09T18:45:32+00:00\",\"mainEntityOfPage\":{\"@id\":\"https:\\\/\\\/reporteroshoy.mx\\\/noticias\\\/piden-no-politizar-iniciativas-aprobadas-en-el-congreso-local\\\/\"},\"wordCount\":601,\"commentCount\":0,\"image\":{\"@id\":\"https:\\\/\\\/reporteroshoy.mx\\\/noticias\\\/piden-no-politizar-iniciativas-aprobadas-en-el-congreso-local\\\/#primaryimage\"},\"thumbnailUrl\":\"https:\\\/\\\/reporteroshoy.mx\\\/noticias\\\/wp-content\\\/uploads\\\/2022\\\/09\\\/Victor-Hugo-scaled.jpg\",\"keywords\":[\"Congreso Local\",\"Iniciativa\",\"Ley 3 de 3\"],\"articleSection\":[\"Yucat\u00e1n\"],\"inLanguage\":\"es\",\"potentialAction\":[{\"@type\":\"CommentAction\",\"name\":\"Comment\",\"target\":[\"https:\\\/\\\/reporteroshoy.mx\\\/noticias\\\/piden-no-politizar-iniciativas-aprobadas-en-el-congreso-local\\\/#respond\"]}]},{\"@type\":\"WebPage\",\"@id\":\"https:\\\/\\\/reporteroshoy.mx\\\/noticias\\\/piden-no-politizar-iniciativas-aprobadas-en-el-congreso-local\\\/\",\"url\":\"https:\\\/\\\/reporteroshoy.mx\\\/noticias\\\/piden-no-politizar-iniciativas-aprobadas-en-el-congreso-local\\\/\",\"name\":\"Piden no politizar iniciativas aprobadas en el Congreso local\",\"isPartOf\":{\"@id\":\"https:\\\/\\\/reporteroshoy.mx\\\/noticias\\\/#website\"},\"primaryImageOfPage\":{\"@id\":\"https:\\\/\\\/reporteroshoy.mx\\\/noticias\\\/piden-no-politizar-iniciativas-aprobadas-en-el-congreso-local\\\/#primaryimage\"},\"image\":{\"@id\":\"https:\\\/\\\/reporteroshoy.mx\\\/noticias\\\/piden-no-politizar-iniciativas-aprobadas-en-el-congreso-local\\\/#primaryimage\"},\"thumbnailUrl\":\"https:\\\/\\\/reporteroshoy.mx\\\/noticias\\\/wp-content\\\/uploads\\\/2022\\\/09\\\/Victor-Hugo-scaled.jpg\",\"datePublished\":\"2022-09-09T18:45:32+00:00\",\"author\":{\"@id\":\"https:\\\/\\\/reporteroshoy.mx\\\/noticias\\\/#\\\/schema\\\/person\\\/c977527e57c958a62c5cefe8fe47876e\"},\"description\":\"V\u00edctor Hugo Lozano lament\u00f3 que la reforma a la Ley del Isstey est\u00e9 siendo utilizada como bot\u00edn pol\u00edtico.\",\"breadcrumb\":{\"@id\":\"https:\\\/\\\/reporteroshoy.mx\\\/noticias\\\/piden-no-politizar-iniciativas-aprobadas-en-el-congreso-local\\\/#breadcrumb\"},\"inLanguage\":\"es\",\"potentialAction\":[{\"@type\":\"ReadAction\",\"target\":[\"https:\\\/\\\/reporteroshoy.mx\\\/noticias\\\/piden-no-politizar-iniciativas-aprobadas-en-el-congreso-local\\\/\"]}]},{\"@type\":\"ImageObject\",\"inLanguage\":\"es\",\"@id\":\"https:\\\/\\\/reporteroshoy.mx\\\/noticias\\\/piden-no-politizar-iniciativas-aprobadas-en-el-congreso-local\\\/#primaryimage\",\"url\":\"https:\\\/\\\/reporteroshoy.mx\\\/noticias\\\/wp-content\\\/uploads\\\/2022\\\/09\\\/Victor-Hugo-scaled.jpg\",\"contentUrl\":\"https:\\\/\\\/reporteroshoy.mx\\\/noticias\\\/wp-content\\\/uploads\\\/2022\\\/09\\\/Victor-Hugo-scaled.jpg\",\"width\":768,\"height\":432},{\"@type\":\"BreadcrumbList\",\"@id\":\"https:\\\/\\\/reporteroshoy.mx\\\/noticias\\\/piden-no-politizar-iniciativas-aprobadas-en-el-congreso-local\\\/#breadcrumb\",\"itemListElement\":[{\"@type\":\"ListItem\",\"position\":1,\"name\":\"Portada\",\"item\":\"https:\\\/\\\/reporteroshoy.mx\\\/noticias\\\/\"},{\"@type\":\"ListItem\",\"position\":2,\"name\":\"Piden no politizar iniciativas aprobadas en el Congreso local\"}]},{\"@type\":\"WebSite\",\"@id\":\"https:\\\/\\\/reporteroshoy.mx\\\/noticias\\\/#website\",\"url\":\"https:\\\/\\\/reporteroshoy.mx\\\/noticias\\\/\",\"name\":\"Reporteros Hoy | Noticias de Yucat\u00e1n\",\"description\":\"Peri\u00f3dico digital con noticias diarias desde M\u00e9rida, Yucat\u00e1n para el mundo.\",\"potentialAction\":[{\"@type\":\"SearchAction\",\"target\":{\"@type\":\"EntryPoint\",\"urlTemplate\":\"https:\\\/\\\/reporteroshoy.mx\\\/noticias\\\/?s={search_term_string}\"},\"query-input\":{\"@type\":\"PropertyValueSpecification\",\"valueRequired\":true,\"valueName\":\"search_term_string\"}}],\"inLanguage\":\"es\"},{\"@type\":\"Person\",\"@id\":\"https:\\\/\\\/reporteroshoy.mx\\\/noticias\\\/#\\\/schema\\\/person\\\/c977527e57c958a62c5cefe8fe47876e\",\"name\":\"Reporteros Hoy WP\",\"image\":{\"@type\":\"ImageObject\",\"inLanguage\":\"es\",\"@id\":\"https:\\\/\\\/secure.gravatar.com\\\/avatar\\\/fd2917f79a7dae30f8ac9ddc2f35e1756bb59e25e01d1cd09deaa64df7b2f73e?s=96&d=mm&r=g\",\"url\":\"https:\\\/\\\/secure.gravatar.com\\\/avatar\\\/fd2917f79a7dae30f8ac9ddc2f35e1756bb59e25e01d1cd09deaa64df7b2f73e?s=96&d=mm&r=g\",\"contentUrl\":\"https:\\\/\\\/secure.gravatar.com\\\/avatar\\\/fd2917f79a7dae30f8ac9ddc2f35e1756bb59e25e01d1cd09deaa64df7b2f73e?s=96&d=mm&r=g\",\"caption\":\"Reporteros Hoy WP\"},\"url\":\"https:\\\/\\\/reporteroshoy.mx\\\/noticias\\\/author\\\/walfer\\\/\"}]}<\/script>\n<!-- \/ Yoast SEO plugin. -->","yoast_head_json":{"title":"Piden no politizar iniciativas aprobadas en el Congreso local","description":"V\u00edctor Hugo Lozano lament\u00f3 que la reforma a la Ley del Isstey est\u00e9 siendo utilizada como bot\u00edn pol\u00edtico.","robots":{"index":"index","follow":"follow","max-snippet":"max-snippet:-1","max-image-preview":"max-image-preview:large","max-video-preview":"max-video-preview:-1"},"canonical":"https:\/\/reporteroshoy.mx\/noticias\/piden-no-politizar-iniciativas-aprobadas-en-el-congreso-local\/","og_locale":"es_ES","og_type":"article","og_title":"Piden no politizar iniciativas aprobadas en el Congreso local","og_description":"V\u00edctor Hugo Lozano lament\u00f3 que la reforma a la Ley del Isstey est\u00e9 siendo utilizada como bot\u00edn pol\u00edtico.","og_url":"https:\/\/reporteroshoy.mx\/noticias\/piden-no-politizar-iniciativas-aprobadas-en-el-congreso-local\/","og_site_name":"Reporteros Hoy | Noticias de Yucat\u00e1n","article_publisher":"http:\/\/www.facebook.com\/reporteroshoymx","article_published_time":"2022-09-09T18:45:32+00:00","og_image":[{"width":768,"height":432,"url":"https:\/\/reporteroshoy.mx\/noticias\/wp-content\/uploads\/2022\/09\/Victor-Hugo-scaled.jpg","type":"image\/jpeg"}],"author":"Reporteros Hoy WP","twitter_card":"summary_large_image","twitter_creator":"@reporteroshoy","twitter_site":"@reporteroshoy","twitter_misc":{"Escrito por":"Reporteros Hoy WP","Tiempo de lectura":"3 minutos"},"schema":{"@context":"https:\/\/schema.org","@graph":[{"@type":"Article","@id":"https:\/\/reporteroshoy.mx\/noticias\/piden-no-politizar-iniciativas-aprobadas-en-el-congreso-local\/#article","isPartOf":{"@id":"https:\/\/reporteroshoy.mx\/noticias\/piden-no-politizar-iniciativas-aprobadas-en-el-congreso-local\/"},"author":{"name":"Reporteros Hoy WP","@id":"https:\/\/reporteroshoy.mx\/noticias\/#\/schema\/person\/c977527e57c958a62c5cefe8fe47876e"},"headline":"Piden no politizar iniciativas aprobadas en el Congreso local","datePublished":"2022-09-09T18:45:32+00:00","mainEntityOfPage":{"@id":"https:\/\/reporteroshoy.mx\/noticias\/piden-no-politizar-iniciativas-aprobadas-en-el-congreso-local\/"},"wordCount":601,"commentCount":0,"image":{"@id":"https:\/\/reporteroshoy.mx\/noticias\/piden-no-politizar-iniciativas-aprobadas-en-el-congreso-local\/#primaryimage"},"thumbnailUrl":"https:\/\/reporteroshoy.mx\/noticias\/wp-content\/uploads\/2022\/09\/Victor-Hugo-scaled.jpg","keywords":["Congreso Local","Iniciativa","Ley 3 de 3"],"articleSection":["Yucat\u00e1n"],"inLanguage":"es","potentialAction":[{"@type":"CommentAction","name":"Comment","target":["https:\/\/reporteroshoy.mx\/noticias\/piden-no-politizar-iniciativas-aprobadas-en-el-congreso-local\/#respond"]}]},{"@type":"WebPage","@id":"https:\/\/reporteroshoy.mx\/noticias\/piden-no-politizar-iniciativas-aprobadas-en-el-congreso-local\/","url":"https:\/\/reporteroshoy.mx\/noticias\/piden-no-politizar-iniciativas-aprobadas-en-el-congreso-local\/","name":"Piden no politizar iniciativas aprobadas en el Congreso local","isPartOf":{"@id":"https:\/\/reporteroshoy.mx\/noticias\/#website"},"primaryImageOfPage":{"@id":"https:\/\/reporteroshoy.mx\/noticias\/piden-no-politizar-iniciativas-aprobadas-en-el-congreso-local\/#primaryimage"},"image":{"@id":"https:\/\/reporteroshoy.mx\/noticias\/piden-no-politizar-iniciativas-aprobadas-en-el-congreso-local\/#primaryimage"},"thumbnailUrl":"https:\/\/reporteroshoy.mx\/noticias\/wp-content\/uploads\/2022\/09\/Victor-Hugo-scaled.jpg","datePublished":"2022-09-09T18:45:32+00:00","author":{"@id":"https:\/\/reporteroshoy.mx\/noticias\/#\/schema\/person\/c977527e57c958a62c5cefe8fe47876e"},"description":"V\u00edctor Hugo Lozano lament\u00f3 que la reforma a la Ley del Isstey est\u00e9 siendo utilizada como bot\u00edn pol\u00edtico.","breadcrumb":{"@id":"https:\/\/reporteroshoy.mx\/noticias\/piden-no-politizar-iniciativas-aprobadas-en-el-congreso-local\/#breadcrumb"},"inLanguage":"es","potentialAction":[{"@type":"ReadAction","target":["https:\/\/reporteroshoy.mx\/noticias\/piden-no-politizar-iniciativas-aprobadas-en-el-congreso-local\/"]}]},{"@type":"ImageObject","inLanguage":"es","@id":"https:\/\/reporteroshoy.mx\/noticias\/piden-no-politizar-iniciativas-aprobadas-en-el-congreso-local\/#primaryimage","url":"https:\/\/reporteroshoy.mx\/noticias\/wp-content\/uploads\/2022\/09\/Victor-Hugo-scaled.jpg","contentUrl":"https:\/\/reporteroshoy.mx\/noticias\/wp-content\/uploads\/2022\/09\/Victor-Hugo-scaled.jpg","width":768,"height":432},{"@type":"BreadcrumbList","@id":"https:\/\/reporteroshoy.mx\/noticias\/piden-no-politizar-iniciativas-aprobadas-en-el-congreso-local\/#breadcrumb","itemListElement":[{"@type":"ListItem","position":1,"name":"Portada","item":"https:\/\/reporteroshoy.mx\/noticias\/"},{"@type":"ListItem","position":2,"name":"Piden no politizar iniciativas aprobadas en el Congreso local"}]},{"@type":"WebSite","@id":"https:\/\/reporteroshoy.mx\/noticias\/#website","url":"https:\/\/reporteroshoy.mx\/noticias\/","name":"Reporteros Hoy | Noticias de Yucat\u00e1n","description":"Peri\u00f3dico digital con noticias diarias desde M\u00e9rida, Yucat\u00e1n para el mundo.","potentialAction":[{"@type":"SearchAction","target":{"@type":"EntryPoint","urlTemplate":"https:\/\/reporteroshoy.mx\/noticias\/?s={search_term_string}"},"query-input":{"@type":"PropertyValueSpecification","valueRequired":true,"valueName":"search_term_string"}}],"inLanguage":"es"},{"@type":"Person","@id":"https:\/\/reporteroshoy.mx\/noticias\/#\/schema\/person\/c977527e57c958a62c5cefe8fe47876e","name":"Reporteros Hoy WP","image":{"@type":"ImageObject","inLanguage":"es","@id":"https:\/\/secure.gravatar.com\/avatar\/fd2917f79a7dae30f8ac9ddc2f35e1756bb59e25e01d1cd09deaa64df7b2f73e?s=96&d=mm&r=g","url":"https:\/\/secure.gravatar.com\/avatar\/fd2917f79a7dae30f8ac9ddc2f35e1756bb59e25e01d1cd09deaa64df7b2f73e?s=96&d=mm&r=g","contentUrl":"https:\/\/secure.gravatar.com\/avatar\/fd2917f79a7dae30f8ac9ddc2f35e1756bb59e25e01d1cd09deaa64df7b2f73e?s=96&d=mm&r=g","caption":"Reporteros Hoy WP"},"url":"https:\/\/reporteroshoy.mx\/noticias\/author\/walfer\/"}]}},"_links":{"self":[{"href":"https:\/\/reporteroshoy.mx\/noticias\/wp-json\/wp\/v2\/posts\/91891","targetHints":{"allow":["GET"]}}],"collection":[{"href":"https:\/\/reporteroshoy.mx\/noticias\/wp-json\/wp\/v2\/posts"}],"about":[{"href":"https:\/\/reporteroshoy.mx\/noticias\/wp-json\/wp\/v2\/types\/post"}],"author":[{"embeddable":true,"href":"https:\/\/reporteroshoy.mx\/noticias\/wp-json\/wp\/v2\/users\/9"}],"replies":[{"embeddable":true,"href":"https:\/\/reporteroshoy.mx\/noticias\/wp-json\/wp\/v2\/comments?post=91891"}],"version-history":[{"count":0,"href":"https:\/\/reporteroshoy.mx\/noticias\/wp-json\/wp\/v2\/posts\/91891\/revisions"}],"wp:featuredmedia":[{"embeddable":true,"href":"https:\/\/reporteroshoy.mx\/noticias\/wp-json\/wp\/v2\/media\/91896"}],"wp:attachment":[{"href":"https:\/\/reporteroshoy.mx\/noticias\/wp-json\/wp\/v2\/media?parent=91891"}],"wp:term":[{"taxonomy":"category","embeddable":true,"href":"https:\/\/reporteroshoy.mx\/noticias\/wp-json\/wp\/v2\/categories?post=91891"},{"taxonomy":"post_tag","embeddable":true,"href":"https:\/\/reporteroshoy.mx\/noticias\/wp-json\/wp\/v2\/tags?post=91891"}],"curies":[{"name":"wp","href":"https:\/\/api.w.org\/{rel}","templated":true}]}}