{"id":92496,"date":"2022-09-22T14:25:39","date_gmt":"2022-09-22T19:25:39","guid":{"rendered":"https:\/\/reporteroshoy.mx\/noticias\/?p=92496"},"modified":"2022-09-22T14:25:39","modified_gmt":"2022-09-22T19:25:39","slug":"abuelito-muere-en-una-fruteria-del-centro-de-merida","status":"publish","type":"post","link":"https:\/\/reporteroshoy.mx\/noticias\/abuelito-muere-en-una-fruteria-del-centro-de-merida\/","title":{"rendered":"Abuelito muere en una fruter\u00eda del Centro de M\u00e9rida"},"content":{"rendered":"<p class=\"elementToProof\" style=\"text-align: justify;\">M\u00e9rida, Yucat\u00e1n; 22 de septiembre de 2022 (ACOM).- Un hombre de 75 a\u00f1os perdi\u00f3 la vida en una fruter\u00eda ubicada en el Centro de M\u00e9rida.<\/p>\n<p style=\"text-align: justify;\">Como todos los d\u00edas, don Miguel eligi\u00f3 su compra y al momento que iba a pagar seg\u00fan se cay\u00f3 al piso y qued\u00f3 inconsciente. La encargada y due\u00f1a del lugar dio aviso al n\u00famero de emergencia.<\/p>\n<p><img loading=\"lazy\" decoding=\"async\" class=\"wp-image-92497 aligncenter\" src=\"https:\/\/reporteroshoy.mx\/noticias\/wp-content\/uploads\/2022\/09\/Muere-abuelito-scaled.jpg\" alt=\"\" width=\"600\" height=\"338\" \/><\/p>\n<p style=\"text-align: justify;\">Param\u00e9dicos de la SSP intentaron reanimarlo, pero ya no pudieron hacer nada ya que el adulto mayor no contaba con signos vitales. Al parecer falleci\u00f3 de un infarto fulminante.<\/p>\n<p style=\"text-align: justify;\">Familiares de don Miguel llegaron al lugar y comentaron que padec\u00eda de varias enfermedades, pero que a\u00fan as\u00ed le gustaba ir por su compra para distraerse.<\/p>\n","protected":false},"excerpt":{"rendered":"<p>Al salir de la fruter\u00eda ubicada sobre la calle 69 con 76 el septuagenario se desvaneci\u00f3 y perdi\u00f3 la vida.<\/p>\n","protected":false},"author":9,"featured_media":92497,"comment_status":"open","ping_status":"closed","sticky":false,"template":"","format":"standard","meta":{"footnotes":""},"categories":[14],"tags":[22688,18435],"class_list":["post-92496","post","type-post","status-publish","format-standard","has-post-thumbnail","hentry","category-policia","tag-fruteria","tag-muere-abuelito"],"yoast_head":"<!-- This site is optimized with the Yoast SEO plugin v28.3 - https:\/\/yoast.com\/product\/yoast-seo-wordpress\/ -->\n<title>Abuelito muere en una fruter\u00eda del Centro de M\u00e9rida<\/title>\n<meta name=\"description\" content=\"Al salir de la fruter\u00eda ubicada sobre la calle 69 con 76 el septuagenario se desvaneci\u00f3 y perdi\u00f3 la vida.\" \/>\n<meta name=\"robots\" content=\"index, follow, max-snippet:-1, max-image-preview:large, max-video-preview:-1\" \/>\n<link rel=\"canonical\" href=\"https:\/\/reporteroshoy.mx\/noticias\/abuelito-muere-en-una-fruteria-del-centro-de-merida\/\" \/>\n<meta property=\"og:locale\" content=\"es_ES\" \/>\n<meta property=\"og:type\" content=\"article\" \/>\n<meta property=\"og:title\" content=\"Abuelito muere en una fruter\u00eda del Centro de M\u00e9rida\" \/>\n<meta property=\"og:description\" content=\"Al salir de la fruter\u00eda ubicada sobre la calle 69 con 76 el septuagenario se desvaneci\u00f3 y perdi\u00f3 la vida.\" \/>\n<meta property=\"og:url\" content=\"https:\/\/reporteroshoy.mx\/noticias\/abuelito-muere-en-una-fruteria-del-centro-de-merida\/\" \/>\n<meta property=\"og:site_name\" content=\"Reporteros Hoy | Noticias de Yucat\u00e1n\" \/>\n<meta property=\"article:publisher\" content=\"http:\/\/www.facebook.com\/reporteroshoymx\" \/>\n<meta property=\"article:published_time\" content=\"2022-09-22T19:25:39+00:00\" \/>\n<meta property=\"og:image\" content=\"https:\/\/reporteroshoy.mx\/noticias\/wp-content\/uploads\/2022\/09\/Muere-abuelito-scaled.jpg\" \/>\n\t<meta property=\"og:image:width\" content=\"768\" \/>\n\t<meta property=\"og:image:height\" content=\"432\" \/>\n\t<meta property=\"og:image:type\" content=\"image\/jpeg\" \/>\n<meta name=\"author\" content=\"Reporteros Hoy WP\" \/>\n<meta name=\"twitter:card\" content=\"summary_large_image\" \/>\n<meta name=\"twitter:creator\" content=\"@reporteroshoy\" \/>\n<meta name=\"twitter:site\" content=\"@reporteroshoy\" \/>\n<meta name=\"twitter:label1\" content=\"Escrito por\" \/>\n\t<meta name=\"twitter:data1\" content=\"Reporteros Hoy WP\" \/>\n\t<meta name=\"twitter:label2\" content=\"Tiempo de lectura\" \/>\n\t<meta name=\"twitter:data2\" content=\"1 minuto\" \/>\n<script type=\"application\/ld+json\" class=\"yoast-schema-graph\">{\"@context\":\"https:\\\/\\\/schema.org\",\"@graph\":[{\"@type\":\"Article\",\"@id\":\"https:\\\/\\\/reporteroshoy.mx\\\/noticias\\\/abuelito-muere-en-una-fruteria-del-centro-de-merida\\\/#article\",\"isPartOf\":{\"@id\":\"https:\\\/\\\/reporteroshoy.mx\\\/noticias\\\/abuelito-muere-en-una-fruteria-del-centro-de-merida\\\/\"},\"author\":{\"name\":\"Reporteros Hoy WP\",\"@id\":\"https:\\\/\\\/reporteroshoy.mx\\\/noticias\\\/#\\\/schema\\\/person\\\/c977527e57c958a62c5cefe8fe47876e\"},\"headline\":\"Abuelito muere en una fruter\u00eda del Centro de M\u00e9rida\",\"datePublished\":\"2022-09-22T19:25:39+00:00\",\"mainEntityOfPage\":{\"@id\":\"https:\\\/\\\/reporteroshoy.mx\\\/noticias\\\/abuelito-muere-en-una-fruteria-del-centro-de-merida\\\/\"},\"wordCount\":137,\"commentCount\":0,\"image\":{\"@id\":\"https:\\\/\\\/reporteroshoy.mx\\\/noticias\\\/abuelito-muere-en-una-fruteria-del-centro-de-merida\\\/#primaryimage\"},\"thumbnailUrl\":\"https:\\\/\\\/reporteroshoy.mx\\\/noticias\\\/wp-content\\\/uploads\\\/2022\\\/09\\\/Muere-abuelito-scaled.jpg\",\"keywords\":[\"Fruter\u00eda\",\"Muere abuelito\"],\"articleSection\":[\"Polic\u00eda\"],\"inLanguage\":\"es\",\"potentialAction\":[{\"@type\":\"CommentAction\",\"name\":\"Comment\",\"target\":[\"https:\\\/\\\/reporteroshoy.mx\\\/noticias\\\/abuelito-muere-en-una-fruteria-del-centro-de-merida\\\/#respond\"]}]},{\"@type\":\"WebPage\",\"@id\":\"https:\\\/\\\/reporteroshoy.mx\\\/noticias\\\/abuelito-muere-en-una-fruteria-del-centro-de-merida\\\/\",\"url\":\"https:\\\/\\\/reporteroshoy.mx\\\/noticias\\\/abuelito-muere-en-una-fruteria-del-centro-de-merida\\\/\",\"name\":\"Abuelito muere en una fruter\u00eda del Centro de M\u00e9rida\",\"isPartOf\":{\"@id\":\"https:\\\/\\\/reporteroshoy.mx\\\/noticias\\\/#website\"},\"primaryImageOfPage\":{\"@id\":\"https:\\\/\\\/reporteroshoy.mx\\\/noticias\\\/abuelito-muere-en-una-fruteria-del-centro-de-merida\\\/#primaryimage\"},\"image\":{\"@id\":\"https:\\\/\\\/reporteroshoy.mx\\\/noticias\\\/abuelito-muere-en-una-fruteria-del-centro-de-merida\\\/#primaryimage\"},\"thumbnailUrl\":\"https:\\\/\\\/reporteroshoy.mx\\\/noticias\\\/wp-content\\\/uploads\\\/2022\\\/09\\\/Muere-abuelito-scaled.jpg\",\"datePublished\":\"2022-09-22T19:25:39+00:00\",\"author\":{\"@id\":\"https:\\\/\\\/reporteroshoy.mx\\\/noticias\\\/#\\\/schema\\\/person\\\/c977527e57c958a62c5cefe8fe47876e\"},\"description\":\"Al salir de la fruter\u00eda ubicada sobre la calle 69 con 76 el septuagenario se desvaneci\u00f3 y perdi\u00f3 la vida.\",\"breadcrumb\":{\"@id\":\"https:\\\/\\\/reporteroshoy.mx\\\/noticias\\\/abuelito-muere-en-una-fruteria-del-centro-de-merida\\\/#breadcrumb\"},\"inLanguage\":\"es\",\"potentialAction\":[{\"@type\":\"ReadAction\",\"target\":[\"https:\\\/\\\/reporteroshoy.mx\\\/noticias\\\/abuelito-muere-en-una-fruteria-del-centro-de-merida\\\/\"]}]},{\"@type\":\"ImageObject\",\"inLanguage\":\"es\",\"@id\":\"https:\\\/\\\/reporteroshoy.mx\\\/noticias\\\/abuelito-muere-en-una-fruteria-del-centro-de-merida\\\/#primaryimage\",\"url\":\"https:\\\/\\\/reporteroshoy.mx\\\/noticias\\\/wp-content\\\/uploads\\\/2022\\\/09\\\/Muere-abuelito-scaled.jpg\",\"contentUrl\":\"https:\\\/\\\/reporteroshoy.mx\\\/noticias\\\/wp-content\\\/uploads\\\/2022\\\/09\\\/Muere-abuelito-scaled.jpg\",\"width\":768,\"height\":432},{\"@type\":\"BreadcrumbList\",\"@id\":\"https:\\\/\\\/reporteroshoy.mx\\\/noticias\\\/abuelito-muere-en-una-fruteria-del-centro-de-merida\\\/#breadcrumb\",\"itemListElement\":[{\"@type\":\"ListItem\",\"position\":1,\"name\":\"Portada\",\"item\":\"https:\\\/\\\/reporteroshoy.mx\\\/noticias\\\/\"},{\"@type\":\"ListItem\",\"position\":2,\"name\":\"Abuelito muere en una fruter\u00eda del Centro de M\u00e9rida\"}]},{\"@type\":\"WebSite\",\"@id\":\"https:\\\/\\\/reporteroshoy.mx\\\/noticias\\\/#website\",\"url\":\"https:\\\/\\\/reporteroshoy.mx\\\/noticias\\\/\",\"name\":\"Reporteros Hoy | Noticias de Yucat\u00e1n\",\"description\":\"Peri\u00f3dico digital con noticias diarias desde M\u00e9rida, Yucat\u00e1n para el mundo.\",\"potentialAction\":[{\"@type\":\"SearchAction\",\"target\":{\"@type\":\"EntryPoint\",\"urlTemplate\":\"https:\\\/\\\/reporteroshoy.mx\\\/noticias\\\/?s={search_term_string}\"},\"query-input\":{\"@type\":\"PropertyValueSpecification\",\"valueRequired\":true,\"valueName\":\"search_term_string\"}}],\"inLanguage\":\"es\"},{\"@type\":\"Person\",\"@id\":\"https:\\\/\\\/reporteroshoy.mx\\\/noticias\\\/#\\\/schema\\\/person\\\/c977527e57c958a62c5cefe8fe47876e\",\"name\":\"Reporteros Hoy WP\",\"image\":{\"@type\":\"ImageObject\",\"inLanguage\":\"es\",\"@id\":\"https:\\\/\\\/secure.gravatar.com\\\/avatar\\\/fd2917f79a7dae30f8ac9ddc2f35e1756bb59e25e01d1cd09deaa64df7b2f73e?s=96&d=mm&r=g\",\"url\":\"https:\\\/\\\/secure.gravatar.com\\\/avatar\\\/fd2917f79a7dae30f8ac9ddc2f35e1756bb59e25e01d1cd09deaa64df7b2f73e?s=96&d=mm&r=g\",\"contentUrl\":\"https:\\\/\\\/secure.gravatar.com\\\/avatar\\\/fd2917f79a7dae30f8ac9ddc2f35e1756bb59e25e01d1cd09deaa64df7b2f73e?s=96&d=mm&r=g\",\"caption\":\"Reporteros Hoy WP\"},\"url\":\"https:\\\/\\\/reporteroshoy.mx\\\/noticias\\\/author\\\/walfer\\\/\"}]}<\/script>\n<!-- \/ Yoast SEO plugin. -->","yoast_head_json":{"title":"Abuelito muere en una fruter\u00eda del Centro de M\u00e9rida","description":"Al salir de la fruter\u00eda ubicada sobre la calle 69 con 76 el septuagenario se desvaneci\u00f3 y perdi\u00f3 la vida.","robots":{"index":"index","follow":"follow","max-snippet":"max-snippet:-1","max-image-preview":"max-image-preview:large","max-video-preview":"max-video-preview:-1"},"canonical":"https:\/\/reporteroshoy.mx\/noticias\/abuelito-muere-en-una-fruteria-del-centro-de-merida\/","og_locale":"es_ES","og_type":"article","og_title":"Abuelito muere en una fruter\u00eda del Centro de M\u00e9rida","og_description":"Al salir de la fruter\u00eda ubicada sobre la calle 69 con 76 el septuagenario se desvaneci\u00f3 y perdi\u00f3 la vida.","og_url":"https:\/\/reporteroshoy.mx\/noticias\/abuelito-muere-en-una-fruteria-del-centro-de-merida\/","og_site_name":"Reporteros Hoy | Noticias de Yucat\u00e1n","article_publisher":"http:\/\/www.facebook.com\/reporteroshoymx","article_published_time":"2022-09-22T19:25:39+00:00","og_image":[{"width":768,"height":432,"url":"https:\/\/reporteroshoy.mx\/noticias\/wp-content\/uploads\/2022\/09\/Muere-abuelito-scaled.jpg","type":"image\/jpeg"}],"author":"Reporteros Hoy WP","twitter_card":"summary_large_image","twitter_creator":"@reporteroshoy","twitter_site":"@reporteroshoy","twitter_misc":{"Escrito por":"Reporteros Hoy WP","Tiempo de lectura":"1 minuto"},"schema":{"@context":"https:\/\/schema.org","@graph":[{"@type":"Article","@id":"https:\/\/reporteroshoy.mx\/noticias\/abuelito-muere-en-una-fruteria-del-centro-de-merida\/#article","isPartOf":{"@id":"https:\/\/reporteroshoy.mx\/noticias\/abuelito-muere-en-una-fruteria-del-centro-de-merida\/"},"author":{"name":"Reporteros Hoy WP","@id":"https:\/\/reporteroshoy.mx\/noticias\/#\/schema\/person\/c977527e57c958a62c5cefe8fe47876e"},"headline":"Abuelito muere en una fruter\u00eda del Centro de M\u00e9rida","datePublished":"2022-09-22T19:25:39+00:00","mainEntityOfPage":{"@id":"https:\/\/reporteroshoy.mx\/noticias\/abuelito-muere-en-una-fruteria-del-centro-de-merida\/"},"wordCount":137,"commentCount":0,"image":{"@id":"https:\/\/reporteroshoy.mx\/noticias\/abuelito-muere-en-una-fruteria-del-centro-de-merida\/#primaryimage"},"thumbnailUrl":"https:\/\/reporteroshoy.mx\/noticias\/wp-content\/uploads\/2022\/09\/Muere-abuelito-scaled.jpg","keywords":["Fruter\u00eda","Muere abuelito"],"articleSection":["Polic\u00eda"],"inLanguage":"es","potentialAction":[{"@type":"CommentAction","name":"Comment","target":["https:\/\/reporteroshoy.mx\/noticias\/abuelito-muere-en-una-fruteria-del-centro-de-merida\/#respond"]}]},{"@type":"WebPage","@id":"https:\/\/reporteroshoy.mx\/noticias\/abuelito-muere-en-una-fruteria-del-centro-de-merida\/","url":"https:\/\/reporteroshoy.mx\/noticias\/abuelito-muere-en-una-fruteria-del-centro-de-merida\/","name":"Abuelito muere en una fruter\u00eda del Centro de M\u00e9rida","isPartOf":{"@id":"https:\/\/reporteroshoy.mx\/noticias\/#website"},"primaryImageOfPage":{"@id":"https:\/\/reporteroshoy.mx\/noticias\/abuelito-muere-en-una-fruteria-del-centro-de-merida\/#primaryimage"},"image":{"@id":"https:\/\/reporteroshoy.mx\/noticias\/abuelito-muere-en-una-fruteria-del-centro-de-merida\/#primaryimage"},"thumbnailUrl":"https:\/\/reporteroshoy.mx\/noticias\/wp-content\/uploads\/2022\/09\/Muere-abuelito-scaled.jpg","datePublished":"2022-09-22T19:25:39+00:00","author":{"@id":"https:\/\/reporteroshoy.mx\/noticias\/#\/schema\/person\/c977527e57c958a62c5cefe8fe47876e"},"description":"Al salir de la fruter\u00eda ubicada sobre la calle 69 con 76 el septuagenario se desvaneci\u00f3 y perdi\u00f3 la vida.","breadcrumb":{"@id":"https:\/\/reporteroshoy.mx\/noticias\/abuelito-muere-en-una-fruteria-del-centro-de-merida\/#breadcrumb"},"inLanguage":"es","potentialAction":[{"@type":"ReadAction","target":["https:\/\/reporteroshoy.mx\/noticias\/abuelito-muere-en-una-fruteria-del-centro-de-merida\/"]}]},{"@type":"ImageObject","inLanguage":"es","@id":"https:\/\/reporteroshoy.mx\/noticias\/abuelito-muere-en-una-fruteria-del-centro-de-merida\/#primaryimage","url":"https:\/\/reporteroshoy.mx\/noticias\/wp-content\/uploads\/2022\/09\/Muere-abuelito-scaled.jpg","contentUrl":"https:\/\/reporteroshoy.mx\/noticias\/wp-content\/uploads\/2022\/09\/Muere-abuelito-scaled.jpg","width":768,"height":432},{"@type":"BreadcrumbList","@id":"https:\/\/reporteroshoy.mx\/noticias\/abuelito-muere-en-una-fruteria-del-centro-de-merida\/#breadcrumb","itemListElement":[{"@type":"ListItem","position":1,"name":"Portada","item":"https:\/\/reporteroshoy.mx\/noticias\/"},{"@type":"ListItem","position":2,"name":"Abuelito muere en una fruter\u00eda del Centro de M\u00e9rida"}]},{"@type":"WebSite","@id":"https:\/\/reporteroshoy.mx\/noticias\/#website","url":"https:\/\/reporteroshoy.mx\/noticias\/","name":"Reporteros Hoy | Noticias de Yucat\u00e1n","description":"Peri\u00f3dico digital con noticias diarias desde M\u00e9rida, Yucat\u00e1n para el mundo.","potentialAction":[{"@type":"SearchAction","target":{"@type":"EntryPoint","urlTemplate":"https:\/\/reporteroshoy.mx\/noticias\/?s={search_term_string}"},"query-input":{"@type":"PropertyValueSpecification","valueRequired":true,"valueName":"search_term_string"}}],"inLanguage":"es"},{"@type":"Person","@id":"https:\/\/reporteroshoy.mx\/noticias\/#\/schema\/person\/c977527e57c958a62c5cefe8fe47876e","name":"Reporteros Hoy WP","image":{"@type":"ImageObject","inLanguage":"es","@id":"https:\/\/secure.gravatar.com\/avatar\/fd2917f79a7dae30f8ac9ddc2f35e1756bb59e25e01d1cd09deaa64df7b2f73e?s=96&d=mm&r=g","url":"https:\/\/secure.gravatar.com\/avatar\/fd2917f79a7dae30f8ac9ddc2f35e1756bb59e25e01d1cd09deaa64df7b2f73e?s=96&d=mm&r=g","contentUrl":"https:\/\/secure.gravatar.com\/avatar\/fd2917f79a7dae30f8ac9ddc2f35e1756bb59e25e01d1cd09deaa64df7b2f73e?s=96&d=mm&r=g","caption":"Reporteros Hoy WP"},"url":"https:\/\/reporteroshoy.mx\/noticias\/author\/walfer\/"}]}},"_links":{"self":[{"href":"https:\/\/reporteroshoy.mx\/noticias\/wp-json\/wp\/v2\/posts\/92496","targetHints":{"allow":["GET"]}}],"collection":[{"href":"https:\/\/reporteroshoy.mx\/noticias\/wp-json\/wp\/v2\/posts"}],"about":[{"href":"https:\/\/reporteroshoy.mx\/noticias\/wp-json\/wp\/v2\/types\/post"}],"author":[{"embeddable":true,"href":"https:\/\/reporteroshoy.mx\/noticias\/wp-json\/wp\/v2\/users\/9"}],"replies":[{"embeddable":true,"href":"https:\/\/reporteroshoy.mx\/noticias\/wp-json\/wp\/v2\/comments?post=92496"}],"version-history":[{"count":0,"href":"https:\/\/reporteroshoy.mx\/noticias\/wp-json\/wp\/v2\/posts\/92496\/revisions"}],"wp:featuredmedia":[{"embeddable":true,"href":"https:\/\/reporteroshoy.mx\/noticias\/wp-json\/wp\/v2\/media\/92497"}],"wp:attachment":[{"href":"https:\/\/reporteroshoy.mx\/noticias\/wp-json\/wp\/v2\/media?parent=92496"}],"wp:term":[{"taxonomy":"category","embeddable":true,"href":"https:\/\/reporteroshoy.mx\/noticias\/wp-json\/wp\/v2\/categories?post=92496"},{"taxonomy":"post_tag","embeddable":true,"href":"https:\/\/reporteroshoy.mx\/noticias\/wp-json\/wp\/v2\/tags?post=92496"}],"curies":[{"name":"wp","href":"https:\/\/api.w.org\/{rel}","templated":true}]}}