{"id":92583,"date":"2022-09-24T15:37:59","date_gmt":"2022-09-24T20:37:59","guid":{"rendered":"https:\/\/reporteroshoy.mx\/noticias\/?p=92583"},"modified":"2022-09-24T15:37:59","modified_gmt":"2022-09-24T20:37:59","slug":"ponen-brazalete-electronico-a-conductor-que-mato-a-estudiante-en-peto","status":"publish","type":"post","link":"https:\/\/reporteroshoy.mx\/noticias\/ponen-brazalete-electronico-a-conductor-que-mato-a-estudiante-en-peto\/","title":{"rendered":"Ponen brazalete electr\u00f3nico a conductor que mat\u00f3 a estudiante en Peto"},"content":{"rendered":"<p dir=\"ltr\" style=\"text-align: justify;\">M\u00e9rida, Yucat\u00e1n; 24 de septiembre de 2022.- Acusado por el delito de homicidio cometido por culpa tras un percance vial registrado en Peto, donde perdi\u00f3 la vida una menor de edad, A.A.G.B., qued\u00f3 vinculado a proceso, por lo que en lo que se resuelve su situaci\u00f3n jur\u00eddica se dictamin\u00f3 que porte un brazalete electr\u00f3nico.<\/p>\n<p dir=\"ltr\" style=\"text-align: justify;\">En audiencia celebrada en el Centro de Justicia Oral de Tekax, la Fiscal\u00eda General del Estado (FGE) expuso los datos de prueba contenidos en la carpeta de investigaci\u00f3n de la causa penal 73\/2022, los cuales fueron analizados por el Juez Primero de Control, quien consider\u00f3 la existencia de medios suficientes para vincular a proceso al encausado, otorgando adem\u00e1s un plazo de cuatro meses para el cierre de la investigaci\u00f3n complementaria.<\/p>\n<p dir=\"ltr\"><img loading=\"lazy\" decoding=\"async\" class=\"wp-image-92168 aligncenter\" src=\"https:\/\/reporteroshoy.mx\/noticias\/wp-content\/uploads\/2022\/09\/peto-tragedia-scaled.jpeg\" alt=\"\" width=\"623\" height=\"377\" \/><\/p>\n<p dir=\"ltr\" style=\"text-align: justify;\">Durante la audiencia los fiscales de litigaci\u00f3n establecieron que el pasado 14 de septiembre, el encausado conduc\u00eda un tr\u00e1iler conformado por un tracto cami\u00f3n al cual se encontraba enganchada una plana de acero y al transitar sobre la calle 21 de la colonia Jos\u00e9 Mar\u00eda Morelos de dicha localidad, invadi\u00f3 el carril contrario de circulaci\u00f3n y colision\u00f3 contra la menor que transitaba a bordo de una motocicleta, caus\u00e1ndole la muerte por politraumatismo.<\/p>\n<p dir=\"ltr\" style=\"text-align: justify;\">Antes de concluir la diligencia, esta representaci\u00f3n social expuso los argumentos para sustentar la solicitud de la necesidad de medidas cautelares, por lo que le impusieron el uso del brazalete electr\u00f3nico, adem\u00e1s tiene prohibido salir del Estado sin autorizaci\u00f3n judicial, debe presentar una garant\u00eda econ\u00f3mica y acudir peri\u00f3dicamente a firmar a la agencia de Tekax, medidas concedidas por el Juez de Control por todo el tiempo que dure el proceso.<\/p>\n","protected":false},"excerpt":{"rendered":"<p>El automovilista fue vinculado a proceso por el homicidio culposo de una alumna de bachillerato en el sure\u00f1o municipio.<\/p>\n","protected":false},"author":6,"featured_media":92168,"comment_status":"open","ping_status":"closed","sticky":false,"template":"","format":"standard","meta":{"footnotes":""},"categories":[1],"tags":[3739,126,128],"class_list":["post-92583","post","type-post","status-publish","format-standard","has-post-thumbnail","hentry","category-sin-categoria","tag-accidente-en-peto","tag-peto","tag-yucatan-sur"],"yoast_head":"<!-- This site is optimized with the Yoast SEO plugin v28.4 - https:\/\/yoast.com\/product\/yoast-seo-wordpress\/ -->\n<title>Ponen brazalete electr\u00f3nico a conductor que mat\u00f3 a estudiante en Peto<\/title>\n<meta name=\"description\" content=\"El automovilista fue vinculado a proceso por el homicidio culposo de una alumna de bachillerato en el sure\u00f1o municipio.\" \/>\n<meta name=\"robots\" content=\"index, follow, max-snippet:-1, max-image-preview:large, max-video-preview:-1\" \/>\n<link rel=\"canonical\" href=\"https:\/\/reporteroshoy.mx\/noticias\/ponen-brazalete-electronico-a-conductor-que-mato-a-estudiante-en-peto\/\" \/>\n<meta property=\"og:locale\" content=\"es_ES\" \/>\n<meta property=\"og:type\" content=\"article\" \/>\n<meta property=\"og:title\" content=\"Ponen brazalete electr\u00f3nico a conductor que mat\u00f3 a estudiante en Peto\" \/>\n<meta property=\"og:description\" content=\"El automovilista fue vinculado a proceso por el homicidio culposo de una alumna de bachillerato en el sure\u00f1o municipio.\" \/>\n<meta property=\"og:url\" content=\"https:\/\/reporteroshoy.mx\/noticias\/ponen-brazalete-electronico-a-conductor-que-mato-a-estudiante-en-peto\/\" \/>\n<meta property=\"og:site_name\" content=\"Reporteros Hoy | Noticias de Yucat\u00e1n\" \/>\n<meta property=\"article:publisher\" content=\"http:\/\/www.facebook.com\/reporteroshoymx\" \/>\n<meta property=\"article:published_time\" content=\"2022-09-24T20:37:59+00:00\" \/>\n<meta property=\"og:image\" content=\"https:\/\/reporteroshoy.mx\/noticias\/wp-content\/uploads\/2022\/09\/peto-tragedia-scaled.jpeg\" \/>\n\t<meta property=\"og:image:width\" content=\"768\" \/>\n\t<meta property=\"og:image:height\" content=\"465\" \/>\n\t<meta property=\"og:image:type\" content=\"image\/jpeg\" \/>\n<meta name=\"author\" content=\"Reporteros Hoy GS\" \/>\n<meta name=\"twitter:card\" content=\"summary_large_image\" \/>\n<meta name=\"twitter:creator\" content=\"@reporteroshoy\" \/>\n<meta name=\"twitter:site\" content=\"@reporteroshoy\" \/>\n<meta name=\"twitter:label1\" content=\"Escrito por\" \/>\n\t<meta name=\"twitter:data1\" content=\"Reporteros Hoy GS\" \/>\n\t<meta name=\"twitter:label2\" content=\"Tiempo de lectura\" \/>\n\t<meta name=\"twitter:data2\" content=\"2 minutos\" \/>\n<script type=\"application\/ld+json\" class=\"yoast-schema-graph\">{\"@context\":\"https:\\\/\\\/schema.org\",\"@graph\":[{\"@type\":\"Article\",\"@id\":\"https:\\\/\\\/reporteroshoy.mx\\\/noticias\\\/ponen-brazalete-electronico-a-conductor-que-mato-a-estudiante-en-peto\\\/#article\",\"isPartOf\":{\"@id\":\"https:\\\/\\\/reporteroshoy.mx\\\/noticias\\\/ponen-brazalete-electronico-a-conductor-que-mato-a-estudiante-en-peto\\\/\"},\"author\":{\"name\":\"Reporteros Hoy GS\",\"@id\":\"https:\\\/\\\/reporteroshoy.mx\\\/noticias\\\/#\\\/schema\\\/person\\\/49ae631fc906b44554e4ba3866c505d7\"},\"headline\":\"Ponen brazalete electr\u00f3nico a conductor que mat\u00f3 a estudiante en Peto\",\"datePublished\":\"2022-09-24T20:37:59+00:00\",\"mainEntityOfPage\":{\"@id\":\"https:\\\/\\\/reporteroshoy.mx\\\/noticias\\\/ponen-brazalete-electronico-a-conductor-que-mato-a-estudiante-en-peto\\\/\"},\"wordCount\":300,\"commentCount\":0,\"image\":{\"@id\":\"https:\\\/\\\/reporteroshoy.mx\\\/noticias\\\/ponen-brazalete-electronico-a-conductor-que-mato-a-estudiante-en-peto\\\/#primaryimage\"},\"thumbnailUrl\":\"https:\\\/\\\/reporteroshoy.mx\\\/noticias\\\/wp-content\\\/uploads\\\/2022\\\/09\\\/peto-tragedia-scaled.jpeg\",\"keywords\":[\"Accidente en Peto\",\"Peto\",\"Yucat\u00e1n Sur\"],\"articleSection\":[\"Notas\"],\"inLanguage\":\"es\",\"potentialAction\":[{\"@type\":\"CommentAction\",\"name\":\"Comment\",\"target\":[\"https:\\\/\\\/reporteroshoy.mx\\\/noticias\\\/ponen-brazalete-electronico-a-conductor-que-mato-a-estudiante-en-peto\\\/#respond\"]}]},{\"@type\":\"WebPage\",\"@id\":\"https:\\\/\\\/reporteroshoy.mx\\\/noticias\\\/ponen-brazalete-electronico-a-conductor-que-mato-a-estudiante-en-peto\\\/\",\"url\":\"https:\\\/\\\/reporteroshoy.mx\\\/noticias\\\/ponen-brazalete-electronico-a-conductor-que-mato-a-estudiante-en-peto\\\/\",\"name\":\"Ponen brazalete electr\u00f3nico a conductor que mat\u00f3 a estudiante en Peto\",\"isPartOf\":{\"@id\":\"https:\\\/\\\/reporteroshoy.mx\\\/noticias\\\/#website\"},\"primaryImageOfPage\":{\"@id\":\"https:\\\/\\\/reporteroshoy.mx\\\/noticias\\\/ponen-brazalete-electronico-a-conductor-que-mato-a-estudiante-en-peto\\\/#primaryimage\"},\"image\":{\"@id\":\"https:\\\/\\\/reporteroshoy.mx\\\/noticias\\\/ponen-brazalete-electronico-a-conductor-que-mato-a-estudiante-en-peto\\\/#primaryimage\"},\"thumbnailUrl\":\"https:\\\/\\\/reporteroshoy.mx\\\/noticias\\\/wp-content\\\/uploads\\\/2022\\\/09\\\/peto-tragedia-scaled.jpeg\",\"datePublished\":\"2022-09-24T20:37:59+00:00\",\"author\":{\"@id\":\"https:\\\/\\\/reporteroshoy.mx\\\/noticias\\\/#\\\/schema\\\/person\\\/49ae631fc906b44554e4ba3866c505d7\"},\"description\":\"El automovilista fue vinculado a proceso por el homicidio culposo de una alumna de bachillerato en el sure\u00f1o municipio.\",\"breadcrumb\":{\"@id\":\"https:\\\/\\\/reporteroshoy.mx\\\/noticias\\\/ponen-brazalete-electronico-a-conductor-que-mato-a-estudiante-en-peto\\\/#breadcrumb\"},\"inLanguage\":\"es\",\"potentialAction\":[{\"@type\":\"ReadAction\",\"target\":[\"https:\\\/\\\/reporteroshoy.mx\\\/noticias\\\/ponen-brazalete-electronico-a-conductor-que-mato-a-estudiante-en-peto\\\/\"]}]},{\"@type\":\"ImageObject\",\"inLanguage\":\"es\",\"@id\":\"https:\\\/\\\/reporteroshoy.mx\\\/noticias\\\/ponen-brazalete-electronico-a-conductor-que-mato-a-estudiante-en-peto\\\/#primaryimage\",\"url\":\"https:\\\/\\\/reporteroshoy.mx\\\/noticias\\\/wp-content\\\/uploads\\\/2022\\\/09\\\/peto-tragedia-scaled.jpeg\",\"contentUrl\":\"https:\\\/\\\/reporteroshoy.mx\\\/noticias\\\/wp-content\\\/uploads\\\/2022\\\/09\\\/peto-tragedia-scaled.jpeg\",\"width\":768,\"height\":465},{\"@type\":\"BreadcrumbList\",\"@id\":\"https:\\\/\\\/reporteroshoy.mx\\\/noticias\\\/ponen-brazalete-electronico-a-conductor-que-mato-a-estudiante-en-peto\\\/#breadcrumb\",\"itemListElement\":[{\"@type\":\"ListItem\",\"position\":1,\"name\":\"Portada\",\"item\":\"https:\\\/\\\/reporteroshoy.mx\\\/noticias\\\/\"},{\"@type\":\"ListItem\",\"position\":2,\"name\":\"Ponen brazalete electr\u00f3nico a conductor que mat\u00f3 a estudiante en Peto\"}]},{\"@type\":\"WebSite\",\"@id\":\"https:\\\/\\\/reporteroshoy.mx\\\/noticias\\\/#website\",\"url\":\"https:\\\/\\\/reporteroshoy.mx\\\/noticias\\\/\",\"name\":\"Reporteros Hoy | Noticias de Yucat\u00e1n\",\"description\":\"Peri\u00f3dico digital con noticias diarias desde M\u00e9rida, Yucat\u00e1n para el mundo.\",\"potentialAction\":[{\"@type\":\"SearchAction\",\"target\":{\"@type\":\"EntryPoint\",\"urlTemplate\":\"https:\\\/\\\/reporteroshoy.mx\\\/noticias\\\/?s={search_term_string}\"},\"query-input\":{\"@type\":\"PropertyValueSpecification\",\"valueRequired\":true,\"valueName\":\"search_term_string\"}}],\"inLanguage\":\"es\"},{\"@type\":\"Person\",\"@id\":\"https:\\\/\\\/reporteroshoy.mx\\\/noticias\\\/#\\\/schema\\\/person\\\/49ae631fc906b44554e4ba3866c505d7\",\"name\":\"Reporteros Hoy GS\",\"image\":{\"@type\":\"ImageObject\",\"inLanguage\":\"es\",\"@id\":\"https:\\\/\\\/secure.gravatar.com\\\/avatar\\\/00d32adb620345c3db2cfc175917f65c584e1e338fdc49ad126aa1f9830eb6a9?s=96&d=mm&r=g\",\"url\":\"https:\\\/\\\/secure.gravatar.com\\\/avatar\\\/00d32adb620345c3db2cfc175917f65c584e1e338fdc49ad126aa1f9830eb6a9?s=96&d=mm&r=g\",\"contentUrl\":\"https:\\\/\\\/secure.gravatar.com\\\/avatar\\\/00d32adb620345c3db2cfc175917f65c584e1e338fdc49ad126aa1f9830eb6a9?s=96&d=mm&r=g\",\"caption\":\"Reporteros Hoy GS\"},\"url\":\"https:\\\/\\\/reporteroshoy.mx\\\/noticias\\\/author\\\/lupis\\\/\"}]}<\/script>\n<!-- \/ Yoast SEO plugin. -->","yoast_head_json":{"title":"Ponen brazalete electr\u00f3nico a conductor que mat\u00f3 a estudiante en Peto","description":"El automovilista fue vinculado a proceso por el homicidio culposo de una alumna de bachillerato en el sure\u00f1o municipio.","robots":{"index":"index","follow":"follow","max-snippet":"max-snippet:-1","max-image-preview":"max-image-preview:large","max-video-preview":"max-video-preview:-1"},"canonical":"https:\/\/reporteroshoy.mx\/noticias\/ponen-brazalete-electronico-a-conductor-que-mato-a-estudiante-en-peto\/","og_locale":"es_ES","og_type":"article","og_title":"Ponen brazalete electr\u00f3nico a conductor que mat\u00f3 a estudiante en Peto","og_description":"El automovilista fue vinculado a proceso por el homicidio culposo de una alumna de bachillerato en el sure\u00f1o municipio.","og_url":"https:\/\/reporteroshoy.mx\/noticias\/ponen-brazalete-electronico-a-conductor-que-mato-a-estudiante-en-peto\/","og_site_name":"Reporteros Hoy | Noticias de Yucat\u00e1n","article_publisher":"http:\/\/www.facebook.com\/reporteroshoymx","article_published_time":"2022-09-24T20:37:59+00:00","og_image":[{"width":768,"height":465,"url":"https:\/\/reporteroshoy.mx\/noticias\/wp-content\/uploads\/2022\/09\/peto-tragedia-scaled.jpeg","type":"image\/jpeg"}],"author":"Reporteros Hoy GS","twitter_card":"summary_large_image","twitter_creator":"@reporteroshoy","twitter_site":"@reporteroshoy","twitter_misc":{"Escrito por":"Reporteros Hoy GS","Tiempo de lectura":"2 minutos"},"schema":{"@context":"https:\/\/schema.org","@graph":[{"@type":"Article","@id":"https:\/\/reporteroshoy.mx\/noticias\/ponen-brazalete-electronico-a-conductor-que-mato-a-estudiante-en-peto\/#article","isPartOf":{"@id":"https:\/\/reporteroshoy.mx\/noticias\/ponen-brazalete-electronico-a-conductor-que-mato-a-estudiante-en-peto\/"},"author":{"name":"Reporteros Hoy GS","@id":"https:\/\/reporteroshoy.mx\/noticias\/#\/schema\/person\/49ae631fc906b44554e4ba3866c505d7"},"headline":"Ponen brazalete electr\u00f3nico a conductor que mat\u00f3 a estudiante en Peto","datePublished":"2022-09-24T20:37:59+00:00","mainEntityOfPage":{"@id":"https:\/\/reporteroshoy.mx\/noticias\/ponen-brazalete-electronico-a-conductor-que-mato-a-estudiante-en-peto\/"},"wordCount":300,"commentCount":0,"image":{"@id":"https:\/\/reporteroshoy.mx\/noticias\/ponen-brazalete-electronico-a-conductor-que-mato-a-estudiante-en-peto\/#primaryimage"},"thumbnailUrl":"https:\/\/reporteroshoy.mx\/noticias\/wp-content\/uploads\/2022\/09\/peto-tragedia-scaled.jpeg","keywords":["Accidente en Peto","Peto","Yucat\u00e1n Sur"],"articleSection":["Notas"],"inLanguage":"es","potentialAction":[{"@type":"CommentAction","name":"Comment","target":["https:\/\/reporteroshoy.mx\/noticias\/ponen-brazalete-electronico-a-conductor-que-mato-a-estudiante-en-peto\/#respond"]}]},{"@type":"WebPage","@id":"https:\/\/reporteroshoy.mx\/noticias\/ponen-brazalete-electronico-a-conductor-que-mato-a-estudiante-en-peto\/","url":"https:\/\/reporteroshoy.mx\/noticias\/ponen-brazalete-electronico-a-conductor-que-mato-a-estudiante-en-peto\/","name":"Ponen brazalete electr\u00f3nico a conductor que mat\u00f3 a estudiante en Peto","isPartOf":{"@id":"https:\/\/reporteroshoy.mx\/noticias\/#website"},"primaryImageOfPage":{"@id":"https:\/\/reporteroshoy.mx\/noticias\/ponen-brazalete-electronico-a-conductor-que-mato-a-estudiante-en-peto\/#primaryimage"},"image":{"@id":"https:\/\/reporteroshoy.mx\/noticias\/ponen-brazalete-electronico-a-conductor-que-mato-a-estudiante-en-peto\/#primaryimage"},"thumbnailUrl":"https:\/\/reporteroshoy.mx\/noticias\/wp-content\/uploads\/2022\/09\/peto-tragedia-scaled.jpeg","datePublished":"2022-09-24T20:37:59+00:00","author":{"@id":"https:\/\/reporteroshoy.mx\/noticias\/#\/schema\/person\/49ae631fc906b44554e4ba3866c505d7"},"description":"El automovilista fue vinculado a proceso por el homicidio culposo de una alumna de bachillerato en el sure\u00f1o municipio.","breadcrumb":{"@id":"https:\/\/reporteroshoy.mx\/noticias\/ponen-brazalete-electronico-a-conductor-que-mato-a-estudiante-en-peto\/#breadcrumb"},"inLanguage":"es","potentialAction":[{"@type":"ReadAction","target":["https:\/\/reporteroshoy.mx\/noticias\/ponen-brazalete-electronico-a-conductor-que-mato-a-estudiante-en-peto\/"]}]},{"@type":"ImageObject","inLanguage":"es","@id":"https:\/\/reporteroshoy.mx\/noticias\/ponen-brazalete-electronico-a-conductor-que-mato-a-estudiante-en-peto\/#primaryimage","url":"https:\/\/reporteroshoy.mx\/noticias\/wp-content\/uploads\/2022\/09\/peto-tragedia-scaled.jpeg","contentUrl":"https:\/\/reporteroshoy.mx\/noticias\/wp-content\/uploads\/2022\/09\/peto-tragedia-scaled.jpeg","width":768,"height":465},{"@type":"BreadcrumbList","@id":"https:\/\/reporteroshoy.mx\/noticias\/ponen-brazalete-electronico-a-conductor-que-mato-a-estudiante-en-peto\/#breadcrumb","itemListElement":[{"@type":"ListItem","position":1,"name":"Portada","item":"https:\/\/reporteroshoy.mx\/noticias\/"},{"@type":"ListItem","position":2,"name":"Ponen brazalete electr\u00f3nico a conductor que mat\u00f3 a estudiante en Peto"}]},{"@type":"WebSite","@id":"https:\/\/reporteroshoy.mx\/noticias\/#website","url":"https:\/\/reporteroshoy.mx\/noticias\/","name":"Reporteros Hoy | Noticias de Yucat\u00e1n","description":"Peri\u00f3dico digital con noticias diarias desde M\u00e9rida, Yucat\u00e1n para el mundo.","potentialAction":[{"@type":"SearchAction","target":{"@type":"EntryPoint","urlTemplate":"https:\/\/reporteroshoy.mx\/noticias\/?s={search_term_string}"},"query-input":{"@type":"PropertyValueSpecification","valueRequired":true,"valueName":"search_term_string"}}],"inLanguage":"es"},{"@type":"Person","@id":"https:\/\/reporteroshoy.mx\/noticias\/#\/schema\/person\/49ae631fc906b44554e4ba3866c505d7","name":"Reporteros Hoy GS","image":{"@type":"ImageObject","inLanguage":"es","@id":"https:\/\/secure.gravatar.com\/avatar\/00d32adb620345c3db2cfc175917f65c584e1e338fdc49ad126aa1f9830eb6a9?s=96&d=mm&r=g","url":"https:\/\/secure.gravatar.com\/avatar\/00d32adb620345c3db2cfc175917f65c584e1e338fdc49ad126aa1f9830eb6a9?s=96&d=mm&r=g","contentUrl":"https:\/\/secure.gravatar.com\/avatar\/00d32adb620345c3db2cfc175917f65c584e1e338fdc49ad126aa1f9830eb6a9?s=96&d=mm&r=g","caption":"Reporteros Hoy GS"},"url":"https:\/\/reporteroshoy.mx\/noticias\/author\/lupis\/"}]}},"_links":{"self":[{"href":"https:\/\/reporteroshoy.mx\/noticias\/wp-json\/wp\/v2\/posts\/92583","targetHints":{"allow":["GET"]}}],"collection":[{"href":"https:\/\/reporteroshoy.mx\/noticias\/wp-json\/wp\/v2\/posts"}],"about":[{"href":"https:\/\/reporteroshoy.mx\/noticias\/wp-json\/wp\/v2\/types\/post"}],"author":[{"embeddable":true,"href":"https:\/\/reporteroshoy.mx\/noticias\/wp-json\/wp\/v2\/users\/6"}],"replies":[{"embeddable":true,"href":"https:\/\/reporteroshoy.mx\/noticias\/wp-json\/wp\/v2\/comments?post=92583"}],"version-history":[{"count":0,"href":"https:\/\/reporteroshoy.mx\/noticias\/wp-json\/wp\/v2\/posts\/92583\/revisions"}],"wp:featuredmedia":[{"embeddable":true,"href":"https:\/\/reporteroshoy.mx\/noticias\/wp-json\/wp\/v2\/media\/92168"}],"wp:attachment":[{"href":"https:\/\/reporteroshoy.mx\/noticias\/wp-json\/wp\/v2\/media?parent=92583"}],"wp:term":[{"taxonomy":"category","embeddable":true,"href":"https:\/\/reporteroshoy.mx\/noticias\/wp-json\/wp\/v2\/categories?post=92583"},{"taxonomy":"post_tag","embeddable":true,"href":"https:\/\/reporteroshoy.mx\/noticias\/wp-json\/wp\/v2\/tags?post=92583"}],"curies":[{"name":"wp","href":"https:\/\/api.w.org\/{rel}","templated":true}]}}