{"id":92632,"date":"2022-09-26T10:38:16","date_gmt":"2022-09-26T15:38:16","guid":{"rendered":"https:\/\/reporteroshoy.mx\/noticias\/?p=92632"},"modified":"2022-09-26T10:38:16","modified_gmt":"2022-09-26T15:38:16","slug":"ian-se-convierte-en-huracan-de-categoria-1-al-acercarse-a-cuba","status":"publish","type":"post","link":"https:\/\/reporteroshoy.mx\/noticias\/ian-se-convierte-en-huracan-de-categoria-1-al-acercarse-a-cuba\/","title":{"rendered":"&#8216;Ian&#8217; se convierte en hurac\u00e1n de categor\u00eda 1 al acercarse a Cuba"},"content":{"rendered":"<p style=\"text-align: justify;\">Estados Unidos; 26 de septiembre de 2022 (Exc\u00e9lsior).- La\u00a0tormenta tropical\u00a0Ian\u00a0se fortaleci\u00f3 para convertirse en un\u00a0hurac\u00e1n de categor\u00eda 1\u00a0al acercarse a\u00a0Cuba, indic\u00f3 este lunes en un bolet\u00edn el\u00a0Centro Nacional de Huracanes de Estados Unidos.<\/p>\n<p>\u00abIan se convierte en un hurac\u00e1n\u00bb, afirm\u00f3 el NHC advirtiendo que hoy se espera un r\u00e1pido fortalecimiento adicional.<\/p>\n<p style=\"text-align: justify;\">La\u00a0tormenta\u00a0avanza hacia noroeste hacia el occidente de\u00a0Cuba\u00a0y de las\u00a0Islas Caim\u00e1n\u00a0con vientos m\u00e1ximos sostenidos de\u00a0120 kil\u00f3metros por hora, indic\u00f3 la agencia meteorol\u00f3gica.<\/p>\n<p style=\"text-align: justify;\">Se espera que el occidente de Cuba reciba el embate de la tormenta el lunes y el NHC advirti\u00f3 de \u00abimpactos significativos por los vientos y las marejadas\u00bb.<\/p>\n<p><img loading=\"lazy\" decoding=\"async\" class=\"wp-image-92633 aligncenter\" src=\"https:\/\/reporteroshoy.mx\/noticias\/wp-content\/uploads\/2022\/09\/Ian-scaled.jpg\" alt=\"\" width=\"598\" height=\"337\" \/><\/p>\n<p style=\"text-align: justify;\">En Estados Unidos, los habitantes de Florida se preparaban tambi\u00e9n para la inminente llegada de la tormenta y el NHC emiti\u00f3 una alerta de hurac\u00e1n para la costa oeste.<\/p>\n<p style=\"text-align: justify;\">El domingo, el gobernador del Florida, Ron DeSantis, declar\u00f3 el estado de emergencia en 67 condados y las autoridades se preparan para la llegada de la tormenta.<\/p>\n<p style=\"text-align: justify;\">\u00abSe esperan intensas lluvias, fuertes vientos, r\u00e1pidas inundaciones e incluso tornados aislados\u00bb, indic\u00f3 DeSantis a los periodistas el domingo.<\/p>\n<p style=\"text-align: justify;\">El gobernador urgi\u00f3 a los residentes a abastecerse de comida, agua, medicina y carburante, y a prepararse para que haya cortes de electricidad.<\/p>\n<p style=\"text-align: justify;\">DeSantis moviliz\u00f3 a 2 mil 500 miembros de la Guardia Nacional para que ayudaran en la zona.<\/p>\n<p style=\"text-align: justify;\">Las autoridades de varios lugares de este estado del sureste de Estados Unidos, incluidos Miami, Fort Lauderdale y Tampa, comenzaron a distribuir sacos de arena gratuitos entre los residentes para ayudarlos a proteger sus hogares del riesgo de inundaciones.<\/p>\n<p style=\"text-align: justify;\">El presidente\u00a0Joe Biden\u00a0dispuso adem\u00e1s el estado de emergencia en Florida, lo cual permite liberar fondos de ayuda federal.<\/p>\n<p style=\"text-align: justify;\">\u00abNunca es demasiado pronto para prepararse\u00bb, tuite\u00f3 la alcaldesa de Tampa, Jane Castor.<\/p>\n","protected":false},"excerpt":{"rendered":"<p>El Centro Nacional de Huracanes de EE.UU advirti\u00f3 que se espera un r\u00e1pido fortalecimiento adicional en el transcurso del d\u00eda.<\/p>\n","protected":false},"author":9,"featured_media":92633,"comment_status":"open","ping_status":"closed","sticky":false,"template":"","format":"standard","meta":{"footnotes":""},"categories":[10],"tags":[2241,10397,22722],"class_list":["post-92632","post","type-post","status-publish","format-standard","has-post-thumbnail","hentry","category-internacional","tag-cuba","tag-huracan","tag-ian"],"yoast_head":"<!-- This site is optimized with the Yoast SEO plugin v28.4 - https:\/\/yoast.com\/product\/yoast-seo-wordpress\/ -->\n<title>&#039;Ian&#039; se convierte en hurac\u00e1n de categor\u00eda 1 al acercarse a Cuba<\/title>\n<meta name=\"description\" content=\"El Centro Nacional de Huracanes de EE.UU advirti\u00f3 que se espera un r\u00e1pido fortalecimiento adicional en el transcurso del d\u00eda.\" \/>\n<meta name=\"robots\" content=\"index, follow, max-snippet:-1, max-image-preview:large, max-video-preview:-1\" \/>\n<link rel=\"canonical\" href=\"https:\/\/reporteroshoy.mx\/noticias\/ian-se-convierte-en-huracan-de-categoria-1-al-acercarse-a-cuba\/\" \/>\n<meta property=\"og:locale\" content=\"es_ES\" \/>\n<meta property=\"og:type\" content=\"article\" \/>\n<meta property=\"og:title\" content=\"&#039;Ian&#039; se convierte en hurac\u00e1n de categor\u00eda 1 al acercarse a Cuba\" \/>\n<meta property=\"og:description\" content=\"El Centro Nacional de Huracanes de EE.UU advirti\u00f3 que se espera un r\u00e1pido fortalecimiento adicional en el transcurso del d\u00eda.\" \/>\n<meta property=\"og:url\" content=\"https:\/\/reporteroshoy.mx\/noticias\/ian-se-convierte-en-huracan-de-categoria-1-al-acercarse-a-cuba\/\" \/>\n<meta property=\"og:site_name\" content=\"Reporteros Hoy | Noticias de Yucat\u00e1n\" \/>\n<meta property=\"article:publisher\" content=\"http:\/\/www.facebook.com\/reporteroshoymx\" \/>\n<meta property=\"article:published_time\" content=\"2022-09-26T15:38:16+00:00\" \/>\n<meta property=\"og:image\" content=\"https:\/\/reporteroshoy.mx\/noticias\/wp-content\/uploads\/2022\/09\/Ian-scaled.jpg\" \/>\n\t<meta property=\"og:image:width\" content=\"768\" \/>\n\t<meta property=\"og:image:height\" content=\"432\" \/>\n\t<meta property=\"og:image:type\" content=\"image\/jpeg\" \/>\n<meta name=\"author\" content=\"Reporteros Hoy WP\" \/>\n<meta name=\"twitter:card\" content=\"summary_large_image\" \/>\n<meta name=\"twitter:creator\" content=\"@reporteroshoy\" \/>\n<meta name=\"twitter:site\" content=\"@reporteroshoy\" \/>\n<meta name=\"twitter:label1\" content=\"Escrito por\" \/>\n\t<meta name=\"twitter:data1\" content=\"Reporteros Hoy WP\" \/>\n\t<meta name=\"twitter:label2\" content=\"Tiempo de lectura\" \/>\n\t<meta name=\"twitter:data2\" content=\"2 minutos\" \/>\n<script type=\"application\/ld+json\" class=\"yoast-schema-graph\">{\"@context\":\"https:\\\/\\\/schema.org\",\"@graph\":[{\"@type\":\"Article\",\"@id\":\"https:\\\/\\\/reporteroshoy.mx\\\/noticias\\\/ian-se-convierte-en-huracan-de-categoria-1-al-acercarse-a-cuba\\\/#article\",\"isPartOf\":{\"@id\":\"https:\\\/\\\/reporteroshoy.mx\\\/noticias\\\/ian-se-convierte-en-huracan-de-categoria-1-al-acercarse-a-cuba\\\/\"},\"author\":{\"name\":\"Reporteros Hoy WP\",\"@id\":\"https:\\\/\\\/reporteroshoy.mx\\\/noticias\\\/#\\\/schema\\\/person\\\/c977527e57c958a62c5cefe8fe47876e\"},\"headline\":\"&#8216;Ian&#8217; se convierte en hurac\u00e1n de categor\u00eda 1 al acercarse a Cuba\",\"datePublished\":\"2022-09-26T15:38:16+00:00\",\"mainEntityOfPage\":{\"@id\":\"https:\\\/\\\/reporteroshoy.mx\\\/noticias\\\/ian-se-convierte-en-huracan-de-categoria-1-al-acercarse-a-cuba\\\/\"},\"wordCount\":322,\"commentCount\":0,\"image\":{\"@id\":\"https:\\\/\\\/reporteroshoy.mx\\\/noticias\\\/ian-se-convierte-en-huracan-de-categoria-1-al-acercarse-a-cuba\\\/#primaryimage\"},\"thumbnailUrl\":\"https:\\\/\\\/reporteroshoy.mx\\\/noticias\\\/wp-content\\\/uploads\\\/2022\\\/09\\\/Ian-scaled.jpg\",\"keywords\":[\"Cuba\",\"hurac\u00e1n\",\"Ian\"],\"articleSection\":[\"Internacional\"],\"inLanguage\":\"es\",\"potentialAction\":[{\"@type\":\"CommentAction\",\"name\":\"Comment\",\"target\":[\"https:\\\/\\\/reporteroshoy.mx\\\/noticias\\\/ian-se-convierte-en-huracan-de-categoria-1-al-acercarse-a-cuba\\\/#respond\"]}]},{\"@type\":\"WebPage\",\"@id\":\"https:\\\/\\\/reporteroshoy.mx\\\/noticias\\\/ian-se-convierte-en-huracan-de-categoria-1-al-acercarse-a-cuba\\\/\",\"url\":\"https:\\\/\\\/reporteroshoy.mx\\\/noticias\\\/ian-se-convierte-en-huracan-de-categoria-1-al-acercarse-a-cuba\\\/\",\"name\":\"'Ian' se convierte en hurac\u00e1n de categor\u00eda 1 al acercarse a Cuba\",\"isPartOf\":{\"@id\":\"https:\\\/\\\/reporteroshoy.mx\\\/noticias\\\/#website\"},\"primaryImageOfPage\":{\"@id\":\"https:\\\/\\\/reporteroshoy.mx\\\/noticias\\\/ian-se-convierte-en-huracan-de-categoria-1-al-acercarse-a-cuba\\\/#primaryimage\"},\"image\":{\"@id\":\"https:\\\/\\\/reporteroshoy.mx\\\/noticias\\\/ian-se-convierte-en-huracan-de-categoria-1-al-acercarse-a-cuba\\\/#primaryimage\"},\"thumbnailUrl\":\"https:\\\/\\\/reporteroshoy.mx\\\/noticias\\\/wp-content\\\/uploads\\\/2022\\\/09\\\/Ian-scaled.jpg\",\"datePublished\":\"2022-09-26T15:38:16+00:00\",\"author\":{\"@id\":\"https:\\\/\\\/reporteroshoy.mx\\\/noticias\\\/#\\\/schema\\\/person\\\/c977527e57c958a62c5cefe8fe47876e\"},\"description\":\"El Centro Nacional de Huracanes de EE.UU advirti\u00f3 que se espera un r\u00e1pido fortalecimiento adicional en el transcurso del d\u00eda.\",\"breadcrumb\":{\"@id\":\"https:\\\/\\\/reporteroshoy.mx\\\/noticias\\\/ian-se-convierte-en-huracan-de-categoria-1-al-acercarse-a-cuba\\\/#breadcrumb\"},\"inLanguage\":\"es\",\"potentialAction\":[{\"@type\":\"ReadAction\",\"target\":[\"https:\\\/\\\/reporteroshoy.mx\\\/noticias\\\/ian-se-convierte-en-huracan-de-categoria-1-al-acercarse-a-cuba\\\/\"]}]},{\"@type\":\"ImageObject\",\"inLanguage\":\"es\",\"@id\":\"https:\\\/\\\/reporteroshoy.mx\\\/noticias\\\/ian-se-convierte-en-huracan-de-categoria-1-al-acercarse-a-cuba\\\/#primaryimage\",\"url\":\"https:\\\/\\\/reporteroshoy.mx\\\/noticias\\\/wp-content\\\/uploads\\\/2022\\\/09\\\/Ian-scaled.jpg\",\"contentUrl\":\"https:\\\/\\\/reporteroshoy.mx\\\/noticias\\\/wp-content\\\/uploads\\\/2022\\\/09\\\/Ian-scaled.jpg\",\"width\":768,\"height\":432},{\"@type\":\"BreadcrumbList\",\"@id\":\"https:\\\/\\\/reporteroshoy.mx\\\/noticias\\\/ian-se-convierte-en-huracan-de-categoria-1-al-acercarse-a-cuba\\\/#breadcrumb\",\"itemListElement\":[{\"@type\":\"ListItem\",\"position\":1,\"name\":\"Portada\",\"item\":\"https:\\\/\\\/reporteroshoy.mx\\\/noticias\\\/\"},{\"@type\":\"ListItem\",\"position\":2,\"name\":\"&#8216;Ian&#8217; se convierte en hurac\u00e1n de categor\u00eda 1 al acercarse a Cuba\"}]},{\"@type\":\"WebSite\",\"@id\":\"https:\\\/\\\/reporteroshoy.mx\\\/noticias\\\/#website\",\"url\":\"https:\\\/\\\/reporteroshoy.mx\\\/noticias\\\/\",\"name\":\"Reporteros Hoy | Noticias de Yucat\u00e1n\",\"description\":\"Peri\u00f3dico digital con noticias diarias desde M\u00e9rida, Yucat\u00e1n para el mundo.\",\"potentialAction\":[{\"@type\":\"SearchAction\",\"target\":{\"@type\":\"EntryPoint\",\"urlTemplate\":\"https:\\\/\\\/reporteroshoy.mx\\\/noticias\\\/?s={search_term_string}\"},\"query-input\":{\"@type\":\"PropertyValueSpecification\",\"valueRequired\":true,\"valueName\":\"search_term_string\"}}],\"inLanguage\":\"es\"},{\"@type\":\"Person\",\"@id\":\"https:\\\/\\\/reporteroshoy.mx\\\/noticias\\\/#\\\/schema\\\/person\\\/c977527e57c958a62c5cefe8fe47876e\",\"name\":\"Reporteros Hoy WP\",\"image\":{\"@type\":\"ImageObject\",\"inLanguage\":\"es\",\"@id\":\"https:\\\/\\\/secure.gravatar.com\\\/avatar\\\/fd2917f79a7dae30f8ac9ddc2f35e1756bb59e25e01d1cd09deaa64df7b2f73e?s=96&d=mm&r=g\",\"url\":\"https:\\\/\\\/secure.gravatar.com\\\/avatar\\\/fd2917f79a7dae30f8ac9ddc2f35e1756bb59e25e01d1cd09deaa64df7b2f73e?s=96&d=mm&r=g\",\"contentUrl\":\"https:\\\/\\\/secure.gravatar.com\\\/avatar\\\/fd2917f79a7dae30f8ac9ddc2f35e1756bb59e25e01d1cd09deaa64df7b2f73e?s=96&d=mm&r=g\",\"caption\":\"Reporteros Hoy WP\"},\"url\":\"https:\\\/\\\/reporteroshoy.mx\\\/noticias\\\/author\\\/walfer\\\/\"}]}<\/script>\n<!-- \/ Yoast SEO plugin. -->","yoast_head_json":{"title":"'Ian' se convierte en hurac\u00e1n de categor\u00eda 1 al acercarse a Cuba","description":"El Centro Nacional de Huracanes de EE.UU advirti\u00f3 que se espera un r\u00e1pido fortalecimiento adicional en el transcurso del d\u00eda.","robots":{"index":"index","follow":"follow","max-snippet":"max-snippet:-1","max-image-preview":"max-image-preview:large","max-video-preview":"max-video-preview:-1"},"canonical":"https:\/\/reporteroshoy.mx\/noticias\/ian-se-convierte-en-huracan-de-categoria-1-al-acercarse-a-cuba\/","og_locale":"es_ES","og_type":"article","og_title":"'Ian' se convierte en hurac\u00e1n de categor\u00eda 1 al acercarse a Cuba","og_description":"El Centro Nacional de Huracanes de EE.UU advirti\u00f3 que se espera un r\u00e1pido fortalecimiento adicional en el transcurso del d\u00eda.","og_url":"https:\/\/reporteroshoy.mx\/noticias\/ian-se-convierte-en-huracan-de-categoria-1-al-acercarse-a-cuba\/","og_site_name":"Reporteros Hoy | Noticias de Yucat\u00e1n","article_publisher":"http:\/\/www.facebook.com\/reporteroshoymx","article_published_time":"2022-09-26T15:38:16+00:00","og_image":[{"width":768,"height":432,"url":"https:\/\/reporteroshoy.mx\/noticias\/wp-content\/uploads\/2022\/09\/Ian-scaled.jpg","type":"image\/jpeg"}],"author":"Reporteros Hoy WP","twitter_card":"summary_large_image","twitter_creator":"@reporteroshoy","twitter_site":"@reporteroshoy","twitter_misc":{"Escrito por":"Reporteros Hoy WP","Tiempo de lectura":"2 minutos"},"schema":{"@context":"https:\/\/schema.org","@graph":[{"@type":"Article","@id":"https:\/\/reporteroshoy.mx\/noticias\/ian-se-convierte-en-huracan-de-categoria-1-al-acercarse-a-cuba\/#article","isPartOf":{"@id":"https:\/\/reporteroshoy.mx\/noticias\/ian-se-convierte-en-huracan-de-categoria-1-al-acercarse-a-cuba\/"},"author":{"name":"Reporteros Hoy WP","@id":"https:\/\/reporteroshoy.mx\/noticias\/#\/schema\/person\/c977527e57c958a62c5cefe8fe47876e"},"headline":"&#8216;Ian&#8217; se convierte en hurac\u00e1n de categor\u00eda 1 al acercarse a Cuba","datePublished":"2022-09-26T15:38:16+00:00","mainEntityOfPage":{"@id":"https:\/\/reporteroshoy.mx\/noticias\/ian-se-convierte-en-huracan-de-categoria-1-al-acercarse-a-cuba\/"},"wordCount":322,"commentCount":0,"image":{"@id":"https:\/\/reporteroshoy.mx\/noticias\/ian-se-convierte-en-huracan-de-categoria-1-al-acercarse-a-cuba\/#primaryimage"},"thumbnailUrl":"https:\/\/reporteroshoy.mx\/noticias\/wp-content\/uploads\/2022\/09\/Ian-scaled.jpg","keywords":["Cuba","hurac\u00e1n","Ian"],"articleSection":["Internacional"],"inLanguage":"es","potentialAction":[{"@type":"CommentAction","name":"Comment","target":["https:\/\/reporteroshoy.mx\/noticias\/ian-se-convierte-en-huracan-de-categoria-1-al-acercarse-a-cuba\/#respond"]}]},{"@type":"WebPage","@id":"https:\/\/reporteroshoy.mx\/noticias\/ian-se-convierte-en-huracan-de-categoria-1-al-acercarse-a-cuba\/","url":"https:\/\/reporteroshoy.mx\/noticias\/ian-se-convierte-en-huracan-de-categoria-1-al-acercarse-a-cuba\/","name":"'Ian' se convierte en hurac\u00e1n de categor\u00eda 1 al acercarse a Cuba","isPartOf":{"@id":"https:\/\/reporteroshoy.mx\/noticias\/#website"},"primaryImageOfPage":{"@id":"https:\/\/reporteroshoy.mx\/noticias\/ian-se-convierte-en-huracan-de-categoria-1-al-acercarse-a-cuba\/#primaryimage"},"image":{"@id":"https:\/\/reporteroshoy.mx\/noticias\/ian-se-convierte-en-huracan-de-categoria-1-al-acercarse-a-cuba\/#primaryimage"},"thumbnailUrl":"https:\/\/reporteroshoy.mx\/noticias\/wp-content\/uploads\/2022\/09\/Ian-scaled.jpg","datePublished":"2022-09-26T15:38:16+00:00","author":{"@id":"https:\/\/reporteroshoy.mx\/noticias\/#\/schema\/person\/c977527e57c958a62c5cefe8fe47876e"},"description":"El Centro Nacional de Huracanes de EE.UU advirti\u00f3 que se espera un r\u00e1pido fortalecimiento adicional en el transcurso del d\u00eda.","breadcrumb":{"@id":"https:\/\/reporteroshoy.mx\/noticias\/ian-se-convierte-en-huracan-de-categoria-1-al-acercarse-a-cuba\/#breadcrumb"},"inLanguage":"es","potentialAction":[{"@type":"ReadAction","target":["https:\/\/reporteroshoy.mx\/noticias\/ian-se-convierte-en-huracan-de-categoria-1-al-acercarse-a-cuba\/"]}]},{"@type":"ImageObject","inLanguage":"es","@id":"https:\/\/reporteroshoy.mx\/noticias\/ian-se-convierte-en-huracan-de-categoria-1-al-acercarse-a-cuba\/#primaryimage","url":"https:\/\/reporteroshoy.mx\/noticias\/wp-content\/uploads\/2022\/09\/Ian-scaled.jpg","contentUrl":"https:\/\/reporteroshoy.mx\/noticias\/wp-content\/uploads\/2022\/09\/Ian-scaled.jpg","width":768,"height":432},{"@type":"BreadcrumbList","@id":"https:\/\/reporteroshoy.mx\/noticias\/ian-se-convierte-en-huracan-de-categoria-1-al-acercarse-a-cuba\/#breadcrumb","itemListElement":[{"@type":"ListItem","position":1,"name":"Portada","item":"https:\/\/reporteroshoy.mx\/noticias\/"},{"@type":"ListItem","position":2,"name":"&#8216;Ian&#8217; se convierte en hurac\u00e1n de categor\u00eda 1 al acercarse a Cuba"}]},{"@type":"WebSite","@id":"https:\/\/reporteroshoy.mx\/noticias\/#website","url":"https:\/\/reporteroshoy.mx\/noticias\/","name":"Reporteros Hoy | Noticias de Yucat\u00e1n","description":"Peri\u00f3dico digital con noticias diarias desde M\u00e9rida, Yucat\u00e1n para el mundo.","potentialAction":[{"@type":"SearchAction","target":{"@type":"EntryPoint","urlTemplate":"https:\/\/reporteroshoy.mx\/noticias\/?s={search_term_string}"},"query-input":{"@type":"PropertyValueSpecification","valueRequired":true,"valueName":"search_term_string"}}],"inLanguage":"es"},{"@type":"Person","@id":"https:\/\/reporteroshoy.mx\/noticias\/#\/schema\/person\/c977527e57c958a62c5cefe8fe47876e","name":"Reporteros Hoy WP","image":{"@type":"ImageObject","inLanguage":"es","@id":"https:\/\/secure.gravatar.com\/avatar\/fd2917f79a7dae30f8ac9ddc2f35e1756bb59e25e01d1cd09deaa64df7b2f73e?s=96&d=mm&r=g","url":"https:\/\/secure.gravatar.com\/avatar\/fd2917f79a7dae30f8ac9ddc2f35e1756bb59e25e01d1cd09deaa64df7b2f73e?s=96&d=mm&r=g","contentUrl":"https:\/\/secure.gravatar.com\/avatar\/fd2917f79a7dae30f8ac9ddc2f35e1756bb59e25e01d1cd09deaa64df7b2f73e?s=96&d=mm&r=g","caption":"Reporteros Hoy WP"},"url":"https:\/\/reporteroshoy.mx\/noticias\/author\/walfer\/"}]}},"_links":{"self":[{"href":"https:\/\/reporteroshoy.mx\/noticias\/wp-json\/wp\/v2\/posts\/92632","targetHints":{"allow":["GET"]}}],"collection":[{"href":"https:\/\/reporteroshoy.mx\/noticias\/wp-json\/wp\/v2\/posts"}],"about":[{"href":"https:\/\/reporteroshoy.mx\/noticias\/wp-json\/wp\/v2\/types\/post"}],"author":[{"embeddable":true,"href":"https:\/\/reporteroshoy.mx\/noticias\/wp-json\/wp\/v2\/users\/9"}],"replies":[{"embeddable":true,"href":"https:\/\/reporteroshoy.mx\/noticias\/wp-json\/wp\/v2\/comments?post=92632"}],"version-history":[{"count":0,"href":"https:\/\/reporteroshoy.mx\/noticias\/wp-json\/wp\/v2\/posts\/92632\/revisions"}],"wp:featuredmedia":[{"embeddable":true,"href":"https:\/\/reporteroshoy.mx\/noticias\/wp-json\/wp\/v2\/media\/92633"}],"wp:attachment":[{"href":"https:\/\/reporteroshoy.mx\/noticias\/wp-json\/wp\/v2\/media?parent=92632"}],"wp:term":[{"taxonomy":"category","embeddable":true,"href":"https:\/\/reporteroshoy.mx\/noticias\/wp-json\/wp\/v2\/categories?post=92632"},{"taxonomy":"post_tag","embeddable":true,"href":"https:\/\/reporteroshoy.mx\/noticias\/wp-json\/wp\/v2\/tags?post=92632"}],"curies":[{"name":"wp","href":"https:\/\/api.w.org\/{rel}","templated":true}]}}