{"id":92636,"date":"2022-09-26T13:27:45","date_gmt":"2022-09-26T18:27:45","guid":{"rendered":"https:\/\/reporteroshoy.mx\/noticias\/?p=92636"},"modified":"2022-09-26T13:27:45","modified_gmt":"2022-09-26T18:27:45","slug":"en-tres-dias-son-asesinadas-251-personas-en-mexico","status":"publish","type":"post","link":"https:\/\/reporteroshoy.mx\/noticias\/en-tres-dias-son-asesinadas-251-personas-en-mexico\/","title":{"rendered":"En tres d\u00edas son asesinadas 251 personas en M\u00e9xico"},"content":{"rendered":"<p style=\"text-align: justify;\">Ciudad de M\u00e9xico; 26 de septiembre de 2022 (Exc\u00e9lsior).- Durante el fin de semana del viernes 23 al domingo 25 de septiembre fueron asesinadas en el pa\u00eds un total de 251 personas,\u00a0el promedio para estos periodos en el presente a\u00f1o, de acuerdo con las cifras del\u00a0Secretariado Ejecutivo del Sistema Nacional de Seguridad P\u00fablica\u00a0(SESNSP).<\/p>\n<p style=\"text-align: justify;\">Nuevamente, Guanajuato fue la entidad con m\u00e1s homicidios dolosos ocurridos, con un total de 43 casos, el 17 por ciento de todos los asesinatos cometidos en el fin de semana.<\/p>\n<p style=\"text-align: justify;\">Le sigui\u00f3 el Estado de M\u00e9xico con 27 asesinatos, Jalisco con 22 casos, Nuevo Le\u00f3n con 20, Michoac\u00e1n con 19, y Baja California con 16 personas asesinadas el fin de semana pasado.<\/p>\n<p><img loading=\"lazy\" decoding=\"async\" class=\"wp-image-92637 aligncenter\" src=\"https:\/\/reporteroshoy.mx\/noticias\/wp-content\/uploads\/2022\/09\/Asesinatos.jpg\" alt=\"\" width=\"602\" height=\"351\" \/><\/p>\n<p style=\"text-align: justify;\">El Informe V\u00edctimas reportadas por delito de homicidio (Fiscal\u00edas Estatales y Dependencias Federales) establece que entre el viernes 23 y domingo 25 del presente mes, en Puebla fueron asesinadas 12 personas.<\/p>\n<p style=\"text-align: justify;\">En el mismo periodo, en Chihuahua se reportaron 10 homicidios dolosos, en la\u00a0Ciudad de M\u00e9xico\u00a0fueron 9 las personas asesinadas, en Quintana Roo fueron 8 casos, y en Morelos y Zacatecas 7 homicidios dolosos por entidad.<\/p>\n<p style=\"text-align: justify;\">Durante los primeros 25 d\u00edas del presente mes patrio, el SESNSP ha registrado un total de mil 949 personas asesinadas, para un promedio diario de 78 casos.<\/p>\n","protected":false},"excerpt":{"rendered":"<p>Nuevamente, Guanajuato fue la entidad con m\u00e1s homicidios dolosos ocurridos, con un total de 43 casos.<\/p>\n","protected":false},"author":9,"featured_media":92637,"comment_status":"open","ping_status":"closed","sticky":false,"template":"","format":"standard","meta":{"footnotes":""},"categories":[9],"tags":[22723,14608],"class_list":["post-92636","post","type-post","status-publish","format-standard","has-post-thumbnail","hentry","category-mexico","tag-asesinatos","tag-sesnsp"],"yoast_head":"<!-- This site is optimized with the Yoast SEO plugin v28.3 - https:\/\/yoast.com\/product\/yoast-seo-wordpress\/ -->\n<title>En tres d\u00edas son asesinadas 251 personas en M\u00e9xico<\/title>\n<meta name=\"description\" content=\"Nuevamente, Guanajuato fue la entidad con m\u00e1s homicidios dolosos ocurridos, con un total de 43 casos.\" \/>\n<meta name=\"robots\" content=\"index, follow, max-snippet:-1, max-image-preview:large, max-video-preview:-1\" \/>\n<link rel=\"canonical\" href=\"https:\/\/reporteroshoy.mx\/noticias\/en-tres-dias-son-asesinadas-251-personas-en-mexico\/\" \/>\n<meta property=\"og:locale\" content=\"es_ES\" \/>\n<meta property=\"og:type\" content=\"article\" \/>\n<meta property=\"og:title\" content=\"En tres d\u00edas son asesinadas 251 personas en M\u00e9xico\" \/>\n<meta property=\"og:description\" content=\"Nuevamente, Guanajuato fue la entidad con m\u00e1s homicidios dolosos ocurridos, con un total de 43 casos.\" \/>\n<meta property=\"og:url\" content=\"https:\/\/reporteroshoy.mx\/noticias\/en-tres-dias-son-asesinadas-251-personas-en-mexico\/\" \/>\n<meta property=\"og:site_name\" content=\"Reporteros Hoy | Noticias de Yucat\u00e1n\" \/>\n<meta property=\"article:publisher\" content=\"http:\/\/www.facebook.com\/reporteroshoymx\" \/>\n<meta property=\"article:published_time\" content=\"2022-09-26T18:27:45+00:00\" \/>\n<meta property=\"og:image\" content=\"https:\/\/reporteroshoy.mx\/noticias\/wp-content\/uploads\/2022\/09\/Asesinatos.jpg\" \/>\n\t<meta property=\"og:image:width\" content=\"768\" \/>\n\t<meta property=\"og:image:height\" content=\"448\" \/>\n\t<meta property=\"og:image:type\" content=\"image\/jpeg\" \/>\n<meta name=\"author\" content=\"Reporteros Hoy WP\" \/>\n<meta name=\"twitter:card\" content=\"summary_large_image\" \/>\n<meta name=\"twitter:creator\" content=\"@reporteroshoy\" \/>\n<meta name=\"twitter:site\" content=\"@reporteroshoy\" \/>\n<meta name=\"twitter:label1\" content=\"Escrito por\" \/>\n\t<meta name=\"twitter:data1\" content=\"Reporteros Hoy WP\" \/>\n\t<meta name=\"twitter:label2\" content=\"Tiempo de lectura\" \/>\n\t<meta name=\"twitter:data2\" content=\"2 minutos\" \/>\n<script type=\"application\/ld+json\" class=\"yoast-schema-graph\">{\"@context\":\"https:\\\/\\\/schema.org\",\"@graph\":[{\"@type\":\"Article\",\"@id\":\"https:\\\/\\\/reporteroshoy.mx\\\/noticias\\\/en-tres-dias-son-asesinadas-251-personas-en-mexico\\\/#article\",\"isPartOf\":{\"@id\":\"https:\\\/\\\/reporteroshoy.mx\\\/noticias\\\/en-tres-dias-son-asesinadas-251-personas-en-mexico\\\/\"},\"author\":{\"name\":\"Reporteros Hoy WP\",\"@id\":\"https:\\\/\\\/reporteroshoy.mx\\\/noticias\\\/#\\\/schema\\\/person\\\/c977527e57c958a62c5cefe8fe47876e\"},\"headline\":\"En tres d\u00edas son asesinadas 251 personas en M\u00e9xico\",\"datePublished\":\"2022-09-26T18:27:45+00:00\",\"mainEntityOfPage\":{\"@id\":\"https:\\\/\\\/reporteroshoy.mx\\\/noticias\\\/en-tres-dias-son-asesinadas-251-personas-en-mexico\\\/\"},\"wordCount\":215,\"commentCount\":0,\"image\":{\"@id\":\"https:\\\/\\\/reporteroshoy.mx\\\/noticias\\\/en-tres-dias-son-asesinadas-251-personas-en-mexico\\\/#primaryimage\"},\"thumbnailUrl\":\"https:\\\/\\\/reporteroshoy.mx\\\/noticias\\\/wp-content\\\/uploads\\\/2022\\\/09\\\/Asesinatos.jpg\",\"keywords\":[\"Asesinatos\",\"SESNSP\"],\"articleSection\":[\"M\u00e9xico\"],\"inLanguage\":\"es\",\"potentialAction\":[{\"@type\":\"CommentAction\",\"name\":\"Comment\",\"target\":[\"https:\\\/\\\/reporteroshoy.mx\\\/noticias\\\/en-tres-dias-son-asesinadas-251-personas-en-mexico\\\/#respond\"]}]},{\"@type\":\"WebPage\",\"@id\":\"https:\\\/\\\/reporteroshoy.mx\\\/noticias\\\/en-tres-dias-son-asesinadas-251-personas-en-mexico\\\/\",\"url\":\"https:\\\/\\\/reporteroshoy.mx\\\/noticias\\\/en-tres-dias-son-asesinadas-251-personas-en-mexico\\\/\",\"name\":\"En tres d\u00edas son asesinadas 251 personas en M\u00e9xico\",\"isPartOf\":{\"@id\":\"https:\\\/\\\/reporteroshoy.mx\\\/noticias\\\/#website\"},\"primaryImageOfPage\":{\"@id\":\"https:\\\/\\\/reporteroshoy.mx\\\/noticias\\\/en-tres-dias-son-asesinadas-251-personas-en-mexico\\\/#primaryimage\"},\"image\":{\"@id\":\"https:\\\/\\\/reporteroshoy.mx\\\/noticias\\\/en-tres-dias-son-asesinadas-251-personas-en-mexico\\\/#primaryimage\"},\"thumbnailUrl\":\"https:\\\/\\\/reporteroshoy.mx\\\/noticias\\\/wp-content\\\/uploads\\\/2022\\\/09\\\/Asesinatos.jpg\",\"datePublished\":\"2022-09-26T18:27:45+00:00\",\"author\":{\"@id\":\"https:\\\/\\\/reporteroshoy.mx\\\/noticias\\\/#\\\/schema\\\/person\\\/c977527e57c958a62c5cefe8fe47876e\"},\"description\":\"Nuevamente, Guanajuato fue la entidad con m\u00e1s homicidios dolosos ocurridos, con un total de 43 casos.\",\"breadcrumb\":{\"@id\":\"https:\\\/\\\/reporteroshoy.mx\\\/noticias\\\/en-tres-dias-son-asesinadas-251-personas-en-mexico\\\/#breadcrumb\"},\"inLanguage\":\"es\",\"potentialAction\":[{\"@type\":\"ReadAction\",\"target\":[\"https:\\\/\\\/reporteroshoy.mx\\\/noticias\\\/en-tres-dias-son-asesinadas-251-personas-en-mexico\\\/\"]}]},{\"@type\":\"ImageObject\",\"inLanguage\":\"es\",\"@id\":\"https:\\\/\\\/reporteroshoy.mx\\\/noticias\\\/en-tres-dias-son-asesinadas-251-personas-en-mexico\\\/#primaryimage\",\"url\":\"https:\\\/\\\/reporteroshoy.mx\\\/noticias\\\/wp-content\\\/uploads\\\/2022\\\/09\\\/Asesinatos.jpg\",\"contentUrl\":\"https:\\\/\\\/reporteroshoy.mx\\\/noticias\\\/wp-content\\\/uploads\\\/2022\\\/09\\\/Asesinatos.jpg\",\"width\":768,\"height\":448},{\"@type\":\"BreadcrumbList\",\"@id\":\"https:\\\/\\\/reporteroshoy.mx\\\/noticias\\\/en-tres-dias-son-asesinadas-251-personas-en-mexico\\\/#breadcrumb\",\"itemListElement\":[{\"@type\":\"ListItem\",\"position\":1,\"name\":\"Portada\",\"item\":\"https:\\\/\\\/reporteroshoy.mx\\\/noticias\\\/\"},{\"@type\":\"ListItem\",\"position\":2,\"name\":\"En tres d\u00edas son asesinadas 251 personas en M\u00e9xico\"}]},{\"@type\":\"WebSite\",\"@id\":\"https:\\\/\\\/reporteroshoy.mx\\\/noticias\\\/#website\",\"url\":\"https:\\\/\\\/reporteroshoy.mx\\\/noticias\\\/\",\"name\":\"Reporteros Hoy | Noticias de Yucat\u00e1n\",\"description\":\"Peri\u00f3dico digital con noticias diarias desde M\u00e9rida, Yucat\u00e1n para el mundo.\",\"potentialAction\":[{\"@type\":\"SearchAction\",\"target\":{\"@type\":\"EntryPoint\",\"urlTemplate\":\"https:\\\/\\\/reporteroshoy.mx\\\/noticias\\\/?s={search_term_string}\"},\"query-input\":{\"@type\":\"PropertyValueSpecification\",\"valueRequired\":true,\"valueName\":\"search_term_string\"}}],\"inLanguage\":\"es\"},{\"@type\":\"Person\",\"@id\":\"https:\\\/\\\/reporteroshoy.mx\\\/noticias\\\/#\\\/schema\\\/person\\\/c977527e57c958a62c5cefe8fe47876e\",\"name\":\"Reporteros Hoy WP\",\"image\":{\"@type\":\"ImageObject\",\"inLanguage\":\"es\",\"@id\":\"https:\\\/\\\/secure.gravatar.com\\\/avatar\\\/fd2917f79a7dae30f8ac9ddc2f35e1756bb59e25e01d1cd09deaa64df7b2f73e?s=96&d=mm&r=g\",\"url\":\"https:\\\/\\\/secure.gravatar.com\\\/avatar\\\/fd2917f79a7dae30f8ac9ddc2f35e1756bb59e25e01d1cd09deaa64df7b2f73e?s=96&d=mm&r=g\",\"contentUrl\":\"https:\\\/\\\/secure.gravatar.com\\\/avatar\\\/fd2917f79a7dae30f8ac9ddc2f35e1756bb59e25e01d1cd09deaa64df7b2f73e?s=96&d=mm&r=g\",\"caption\":\"Reporteros Hoy WP\"},\"url\":\"https:\\\/\\\/reporteroshoy.mx\\\/noticias\\\/author\\\/walfer\\\/\"}]}<\/script>\n<!-- \/ Yoast SEO plugin. -->","yoast_head_json":{"title":"En tres d\u00edas son asesinadas 251 personas en M\u00e9xico","description":"Nuevamente, Guanajuato fue la entidad con m\u00e1s homicidios dolosos ocurridos, con un total de 43 casos.","robots":{"index":"index","follow":"follow","max-snippet":"max-snippet:-1","max-image-preview":"max-image-preview:large","max-video-preview":"max-video-preview:-1"},"canonical":"https:\/\/reporteroshoy.mx\/noticias\/en-tres-dias-son-asesinadas-251-personas-en-mexico\/","og_locale":"es_ES","og_type":"article","og_title":"En tres d\u00edas son asesinadas 251 personas en M\u00e9xico","og_description":"Nuevamente, Guanajuato fue la entidad con m\u00e1s homicidios dolosos ocurridos, con un total de 43 casos.","og_url":"https:\/\/reporteroshoy.mx\/noticias\/en-tres-dias-son-asesinadas-251-personas-en-mexico\/","og_site_name":"Reporteros Hoy | Noticias de Yucat\u00e1n","article_publisher":"http:\/\/www.facebook.com\/reporteroshoymx","article_published_time":"2022-09-26T18:27:45+00:00","og_image":[{"width":768,"height":448,"url":"https:\/\/reporteroshoy.mx\/noticias\/wp-content\/uploads\/2022\/09\/Asesinatos.jpg","type":"image\/jpeg"}],"author":"Reporteros Hoy WP","twitter_card":"summary_large_image","twitter_creator":"@reporteroshoy","twitter_site":"@reporteroshoy","twitter_misc":{"Escrito por":"Reporteros Hoy WP","Tiempo de lectura":"2 minutos"},"schema":{"@context":"https:\/\/schema.org","@graph":[{"@type":"Article","@id":"https:\/\/reporteroshoy.mx\/noticias\/en-tres-dias-son-asesinadas-251-personas-en-mexico\/#article","isPartOf":{"@id":"https:\/\/reporteroshoy.mx\/noticias\/en-tres-dias-son-asesinadas-251-personas-en-mexico\/"},"author":{"name":"Reporteros Hoy WP","@id":"https:\/\/reporteroshoy.mx\/noticias\/#\/schema\/person\/c977527e57c958a62c5cefe8fe47876e"},"headline":"En tres d\u00edas son asesinadas 251 personas en M\u00e9xico","datePublished":"2022-09-26T18:27:45+00:00","mainEntityOfPage":{"@id":"https:\/\/reporteroshoy.mx\/noticias\/en-tres-dias-son-asesinadas-251-personas-en-mexico\/"},"wordCount":215,"commentCount":0,"image":{"@id":"https:\/\/reporteroshoy.mx\/noticias\/en-tres-dias-son-asesinadas-251-personas-en-mexico\/#primaryimage"},"thumbnailUrl":"https:\/\/reporteroshoy.mx\/noticias\/wp-content\/uploads\/2022\/09\/Asesinatos.jpg","keywords":["Asesinatos","SESNSP"],"articleSection":["M\u00e9xico"],"inLanguage":"es","potentialAction":[{"@type":"CommentAction","name":"Comment","target":["https:\/\/reporteroshoy.mx\/noticias\/en-tres-dias-son-asesinadas-251-personas-en-mexico\/#respond"]}]},{"@type":"WebPage","@id":"https:\/\/reporteroshoy.mx\/noticias\/en-tres-dias-son-asesinadas-251-personas-en-mexico\/","url":"https:\/\/reporteroshoy.mx\/noticias\/en-tres-dias-son-asesinadas-251-personas-en-mexico\/","name":"En tres d\u00edas son asesinadas 251 personas en M\u00e9xico","isPartOf":{"@id":"https:\/\/reporteroshoy.mx\/noticias\/#website"},"primaryImageOfPage":{"@id":"https:\/\/reporteroshoy.mx\/noticias\/en-tres-dias-son-asesinadas-251-personas-en-mexico\/#primaryimage"},"image":{"@id":"https:\/\/reporteroshoy.mx\/noticias\/en-tres-dias-son-asesinadas-251-personas-en-mexico\/#primaryimage"},"thumbnailUrl":"https:\/\/reporteroshoy.mx\/noticias\/wp-content\/uploads\/2022\/09\/Asesinatos.jpg","datePublished":"2022-09-26T18:27:45+00:00","author":{"@id":"https:\/\/reporteroshoy.mx\/noticias\/#\/schema\/person\/c977527e57c958a62c5cefe8fe47876e"},"description":"Nuevamente, Guanajuato fue la entidad con m\u00e1s homicidios dolosos ocurridos, con un total de 43 casos.","breadcrumb":{"@id":"https:\/\/reporteroshoy.mx\/noticias\/en-tres-dias-son-asesinadas-251-personas-en-mexico\/#breadcrumb"},"inLanguage":"es","potentialAction":[{"@type":"ReadAction","target":["https:\/\/reporteroshoy.mx\/noticias\/en-tres-dias-son-asesinadas-251-personas-en-mexico\/"]}]},{"@type":"ImageObject","inLanguage":"es","@id":"https:\/\/reporteroshoy.mx\/noticias\/en-tres-dias-son-asesinadas-251-personas-en-mexico\/#primaryimage","url":"https:\/\/reporteroshoy.mx\/noticias\/wp-content\/uploads\/2022\/09\/Asesinatos.jpg","contentUrl":"https:\/\/reporteroshoy.mx\/noticias\/wp-content\/uploads\/2022\/09\/Asesinatos.jpg","width":768,"height":448},{"@type":"BreadcrumbList","@id":"https:\/\/reporteroshoy.mx\/noticias\/en-tres-dias-son-asesinadas-251-personas-en-mexico\/#breadcrumb","itemListElement":[{"@type":"ListItem","position":1,"name":"Portada","item":"https:\/\/reporteroshoy.mx\/noticias\/"},{"@type":"ListItem","position":2,"name":"En tres d\u00edas son asesinadas 251 personas en M\u00e9xico"}]},{"@type":"WebSite","@id":"https:\/\/reporteroshoy.mx\/noticias\/#website","url":"https:\/\/reporteroshoy.mx\/noticias\/","name":"Reporteros Hoy | Noticias de Yucat\u00e1n","description":"Peri\u00f3dico digital con noticias diarias desde M\u00e9rida, Yucat\u00e1n para el mundo.","potentialAction":[{"@type":"SearchAction","target":{"@type":"EntryPoint","urlTemplate":"https:\/\/reporteroshoy.mx\/noticias\/?s={search_term_string}"},"query-input":{"@type":"PropertyValueSpecification","valueRequired":true,"valueName":"search_term_string"}}],"inLanguage":"es"},{"@type":"Person","@id":"https:\/\/reporteroshoy.mx\/noticias\/#\/schema\/person\/c977527e57c958a62c5cefe8fe47876e","name":"Reporteros Hoy WP","image":{"@type":"ImageObject","inLanguage":"es","@id":"https:\/\/secure.gravatar.com\/avatar\/fd2917f79a7dae30f8ac9ddc2f35e1756bb59e25e01d1cd09deaa64df7b2f73e?s=96&d=mm&r=g","url":"https:\/\/secure.gravatar.com\/avatar\/fd2917f79a7dae30f8ac9ddc2f35e1756bb59e25e01d1cd09deaa64df7b2f73e?s=96&d=mm&r=g","contentUrl":"https:\/\/secure.gravatar.com\/avatar\/fd2917f79a7dae30f8ac9ddc2f35e1756bb59e25e01d1cd09deaa64df7b2f73e?s=96&d=mm&r=g","caption":"Reporteros Hoy WP"},"url":"https:\/\/reporteroshoy.mx\/noticias\/author\/walfer\/"}]}},"_links":{"self":[{"href":"https:\/\/reporteroshoy.mx\/noticias\/wp-json\/wp\/v2\/posts\/92636","targetHints":{"allow":["GET"]}}],"collection":[{"href":"https:\/\/reporteroshoy.mx\/noticias\/wp-json\/wp\/v2\/posts"}],"about":[{"href":"https:\/\/reporteroshoy.mx\/noticias\/wp-json\/wp\/v2\/types\/post"}],"author":[{"embeddable":true,"href":"https:\/\/reporteroshoy.mx\/noticias\/wp-json\/wp\/v2\/users\/9"}],"replies":[{"embeddable":true,"href":"https:\/\/reporteroshoy.mx\/noticias\/wp-json\/wp\/v2\/comments?post=92636"}],"version-history":[{"count":0,"href":"https:\/\/reporteroshoy.mx\/noticias\/wp-json\/wp\/v2\/posts\/92636\/revisions"}],"wp:featuredmedia":[{"embeddable":true,"href":"https:\/\/reporteroshoy.mx\/noticias\/wp-json\/wp\/v2\/media\/92637"}],"wp:attachment":[{"href":"https:\/\/reporteroshoy.mx\/noticias\/wp-json\/wp\/v2\/media?parent=92636"}],"wp:term":[{"taxonomy":"category","embeddable":true,"href":"https:\/\/reporteroshoy.mx\/noticias\/wp-json\/wp\/v2\/categories?post=92636"},{"taxonomy":"post_tag","embeddable":true,"href":"https:\/\/reporteroshoy.mx\/noticias\/wp-json\/wp\/v2\/tags?post=92636"}],"curies":[{"name":"wp","href":"https:\/\/api.w.org\/{rel}","templated":true}]}}