{"id":92676,"date":"2022-09-27T10:06:27","date_gmt":"2022-09-27T15:06:27","guid":{"rendered":"https:\/\/reporteroshoy.mx\/noticias\/?p=92676"},"modified":"2022-09-27T10:06:27","modified_gmt":"2022-09-27T15:06:27","slug":"ian-impacta-cuba-como-huracan-de-categoria-3","status":"publish","type":"post","link":"https:\/\/reporteroshoy.mx\/noticias\/ian-impacta-cuba-como-huracan-de-categoria-3\/","title":{"rendered":"&#8216;Ian&#8217; impacta Cuba como hurac\u00e1n de categor\u00eda 3"},"content":{"rendered":"<p style=\"text-align: justify;\">La Habana; 27 de septiembre de 2022 (Exc\u00e9lsior).- Ian, fortalecido en las \u00faltimas horas y convertido en un\u00a0hurac\u00e1n de categor\u00eda 3, toc\u00f3\u00a0tierra la madrugada del martes con fuertes vientos en el pueblo costero de La Coloma en el oeste de\u00a0Cuba, inform\u00f3 el Instituto de Meteorolog\u00eda\u00a0cubano.<\/p>\n<p style=\"text-align: justify;\">\u00abEl hurac\u00e1n Ian\u00a0ya est\u00e1 sobre territorio cubano\u00bb, dijo un meteor\u00f3logo del instituto durante la transmisi\u00f3n especial que mantiene la televisi\u00f3n estatal.<\/p>\n<p style=\"text-align: justify;\">Precis\u00f3 que \u00abla pared exterior est\u00e1 sobre la costa de la provincia de\u00a0Pinar del R\u00edo, en La Coloma\u00bb, un pueblo de pescadores de unos 7 mil habitantes.<\/p>\n<p style=\"text-align: justify;\">Las autoridades locales informaron que debido al paso del\u00a0hurac\u00e1n\u00a0Ian\u00a0todos los circuitos\u00a0de Pinar del R\u00edo se encuentran sin servicio el\u00e9ctrico, indic\u00f3\u00a0Cubadebate, un portal de noticias oficial.<\/p>\n<p style=\"text-align: justify;\">Hasta la madrugada unas 38 mil personas hab\u00edan sido evacuadas\u00a0en Pinar del R\u00edo, donde la autoridad prev\u00e9 reubicar a albergues o casas de familiares o amigos a unas 50 mil.<\/p>\n<p style=\"text-align: justify;\">Poco antes de que\u00a0Ian tocara tierra en Cuba, el Centro Nacional de Huracanes de Estados Unidos (NHC) lo subi\u00f3 a categor\u00eda 3, agregando que la tormenta registra vientos de 185 kil\u00f3metros por hora, con m\u00e1ximos de hasta de 200 km\/h.<\/p>\n<p style=\"text-align: justify;\">Ian\u00a0deber\u00eda continuar luego hacia Florida, en el sur de Estados Unidos.<\/p>\n<p><img loading=\"lazy\" decoding=\"async\" class=\"wp-image-92677 aligncenter\" src=\"https:\/\/reporteroshoy.mx\/noticias\/wp-content\/uploads\/2022\/09\/Huracan-Ian.jpg\" alt=\"\" width=\"602\" height=\"339\" \/><\/p>\n<h4 style=\"text-align: justify;\"><strong>\u00abSonido\u00a0ensordecedor\u00bb\u00a0<\/strong><\/h4>\n<p style=\"text-align: justify;\">Los vientos derribaron ramas de arboles y otros objetos que han volado en las calles y en los patios de las casas, seg\u00fan im\u00e1genes difundidas por la televisi\u00f3n.<\/p>\n<p style=\"text-align: justify;\">\u00abEl sonido es ensordecedor por el paso de los vientos\u00bb, dijo una periodista a la transmisi\u00f3n ininterrumpida de la televisi\u00f3n estatal para informar sobre el cicl\u00f3n.<\/p>\n<p style=\"text-align: justify;\">En San Juan y Mart\u00ednez, un municipio aleda\u00f1o e importante productor de hoja de tabaco para puros, los tabacaleros extremaron precauciones para proteger semilleros y tapar con pl\u00e1sticos las hojas almacenadas, evitando que se da\u00f1en.<\/p>\n<p style=\"text-align: justify;\">Durante la tarde la Defensa Civil declar\u00f3 la fase de \u00abalarma\u00bb en las provincias de Pinar del R\u00edo, Artemisa y en el municipio especial de Isla de la Juventud, en el oeste, donde se registraban fuertes marejadas e inundaciones, con olas de entre cinco y siete metros.<\/p>\n<p style=\"text-align: justify;\">Esta autoridad tambi\u00e9n adem\u00e1s declar\u00f3 alerta cicl\u00f3nica para las provincias La Habana, Mayabeque, Matanzas, en el oeste, y en Cienfuegos, en el centro del pa\u00eds.<\/p>\n<p style=\"text-align: justify;\">En la capital, de 2.1 millones de habitantes, por la noche se registraban lluvias en casi toda la ciudad.<\/p>\n<p style=\"text-align: justify;\">Durante el lunes los habaneros hicieron largas colas para conseguir algunos alimentos. Pescadores de la costa pusieron a salvo sus embarcaciones antes de refugiarse en sus hogares.<\/p>\n<p style=\"text-align: justify;\">Revisamos cumplimiento de las medidas para enfrentar el #Hurac\u00e1nIan (&#8230;) Urge aprovechar al m\u00e1ximo estas horas antes de que la situaci\u00f3n se haga m\u00e1s compleja. Esencial la protecci\u00f3n de la poblaci\u00f3n\u00bb, dijo el presidente Miguel D\u00edaz-Canel en Twitter.<\/p>\n<h4 style=\"text-align: justify;\"><strong>Fuertes lluvias y vientos<\/strong><\/h4>\n<p style=\"text-align: justify;\">En el estado estadunidense de Florida los habitantes tambi\u00e9n se preparan para la inminente llegada de\u00a0Ian, tras una alerta de hurac\u00e1n del NHC para sus costas.<\/p>\n<p style=\"text-align: justify;\">El gobernador de Florida, Ron DeSantis, declar\u00f3 el estado de emergencia en 67 condados y las autoridades se preparan para la llegada de la tormenta, que esperan que genere adem\u00e1s cortes de electricidad.<\/p>\n<p style=\"text-align: justify;\">Ian\u00a0traer\u00e1 fuertes lluvias, fuertes vientos, inundaciones repentinas, marea de tormenta a lo largo de la costa del Golfo de Florida, dijo este lunes DeSantis en una conferencia de prensa en Tallahassee.<\/p>\n<p style=\"text-align: justify;\">Unos 5 mil miembros de la Guardia Nacional se sumaron a los 2 mil efectivos de Tennessee, Georgia y Carolina del Norte para ayudar a enfrentar el cicl\u00f3n, indic\u00f3 el gobernador.<\/p>\n<p style=\"text-align: justify;\">En ciudades como Miami, Fort Lauderdale y Tampa, las autoridades comenzaron a distribuir sacos de arena entre residentes proteger sus hogares del riesgo de inundaciones.<\/p>\n<p style=\"text-align: justify;\">El presidente\u00a0Joe Biden\u00a0dispuso adem\u00e1s el estado de emergencia en Florida, lo cual permite liberar fondos de ayuda federal.<\/p>\n<p style=\"text-align: justify;\">El Caribe y Canad\u00e1 a\u00fan hacen el recuento de da\u00f1os que dej\u00f3\u00a0Fiona, una tormenta que se cobr\u00f3 nueve vidas a su paso por la regi\u00f3n.<\/p>\n","protected":false},"excerpt":{"rendered":"<p>El hurac\u00e1n toc\u00f3 tierra en el pueblo costero de La Coloma, en la provincia de Pinar del R\u00edo, con vientos de hasta 200 km\/h.<\/p>\n","protected":false},"author":9,"featured_media":92677,"comment_status":"open","ping_status":"closed","sticky":false,"template":"","format":"standard","meta":{"footnotes":""},"categories":[10],"tags":[2241,10397,22722],"class_list":["post-92676","post","type-post","status-publish","format-standard","has-post-thumbnail","hentry","category-internacional","tag-cuba","tag-huracan","tag-ian"],"yoast_head":"<!-- This site is optimized with the Yoast SEO plugin v28.4 - https:\/\/yoast.com\/product\/yoast-seo-wordpress\/ -->\n<title>&#039;Ian&#039; impacta Cuba como hurac\u00e1n de categor\u00eda 3<\/title>\n<meta name=\"description\" content=\"El hurac\u00e1n toc\u00f3 tierra en el pueblo costero de La Coloma, en la provincia de Pinar del R\u00edo, con vientos de hasta 200 km\/h.\" \/>\n<meta name=\"robots\" content=\"index, follow, max-snippet:-1, max-image-preview:large, max-video-preview:-1\" \/>\n<link rel=\"canonical\" href=\"https:\/\/reporteroshoy.mx\/noticias\/ian-impacta-cuba-como-huracan-de-categoria-3\/\" \/>\n<meta property=\"og:locale\" content=\"es_ES\" \/>\n<meta property=\"og:type\" content=\"article\" \/>\n<meta property=\"og:title\" content=\"&#039;Ian&#039; impacta Cuba como hurac\u00e1n de categor\u00eda 3\" \/>\n<meta property=\"og:description\" content=\"El hurac\u00e1n toc\u00f3 tierra en el pueblo costero de La Coloma, en la provincia de Pinar del R\u00edo, con vientos de hasta 200 km\/h.\" \/>\n<meta property=\"og:url\" content=\"https:\/\/reporteroshoy.mx\/noticias\/ian-impacta-cuba-como-huracan-de-categoria-3\/\" \/>\n<meta property=\"og:site_name\" content=\"Reporteros Hoy | Noticias de Yucat\u00e1n\" \/>\n<meta property=\"article:publisher\" content=\"http:\/\/www.facebook.com\/reporteroshoymx\" \/>\n<meta property=\"article:published_time\" content=\"2022-09-27T15:06:27+00:00\" \/>\n<meta property=\"og:image\" content=\"https:\/\/reporteroshoy.mx\/noticias\/wp-content\/uploads\/2022\/09\/Huracan-Ian.jpg\" \/>\n\t<meta property=\"og:image:width\" content=\"768\" \/>\n\t<meta property=\"og:image:height\" content=\"433\" \/>\n\t<meta property=\"og:image:type\" content=\"image\/jpeg\" \/>\n<meta name=\"author\" content=\"Reporteros Hoy WP\" \/>\n<meta name=\"twitter:card\" content=\"summary_large_image\" \/>\n<meta name=\"twitter:creator\" content=\"@reporteroshoy\" \/>\n<meta name=\"twitter:site\" content=\"@reporteroshoy\" \/>\n<meta name=\"twitter:label1\" content=\"Escrito por\" \/>\n\t<meta name=\"twitter:data1\" content=\"Reporteros Hoy WP\" \/>\n\t<meta name=\"twitter:label2\" content=\"Tiempo de lectura\" \/>\n\t<meta name=\"twitter:data2\" content=\"4 minutos\" \/>\n<script type=\"application\/ld+json\" class=\"yoast-schema-graph\">{\"@context\":\"https:\\\/\\\/schema.org\",\"@graph\":[{\"@type\":\"Article\",\"@id\":\"https:\\\/\\\/reporteroshoy.mx\\\/noticias\\\/ian-impacta-cuba-como-huracan-de-categoria-3\\\/#article\",\"isPartOf\":{\"@id\":\"https:\\\/\\\/reporteroshoy.mx\\\/noticias\\\/ian-impacta-cuba-como-huracan-de-categoria-3\\\/\"},\"author\":{\"name\":\"Reporteros Hoy WP\",\"@id\":\"https:\\\/\\\/reporteroshoy.mx\\\/noticias\\\/#\\\/schema\\\/person\\\/c977527e57c958a62c5cefe8fe47876e\"},\"headline\":\"&#8216;Ian&#8217; impacta Cuba como hurac\u00e1n de categor\u00eda 3\",\"datePublished\":\"2022-09-27T15:06:27+00:00\",\"mainEntityOfPage\":{\"@id\":\"https:\\\/\\\/reporteroshoy.mx\\\/noticias\\\/ian-impacta-cuba-como-huracan-de-categoria-3\\\/\"},\"wordCount\":703,\"commentCount\":0,\"image\":{\"@id\":\"https:\\\/\\\/reporteroshoy.mx\\\/noticias\\\/ian-impacta-cuba-como-huracan-de-categoria-3\\\/#primaryimage\"},\"thumbnailUrl\":\"https:\\\/\\\/reporteroshoy.mx\\\/noticias\\\/wp-content\\\/uploads\\\/2022\\\/09\\\/Huracan-Ian.jpg\",\"keywords\":[\"Cuba\",\"hurac\u00e1n\",\"Ian\"],\"articleSection\":[\"Internacional\"],\"inLanguage\":\"es\",\"potentialAction\":[{\"@type\":\"CommentAction\",\"name\":\"Comment\",\"target\":[\"https:\\\/\\\/reporteroshoy.mx\\\/noticias\\\/ian-impacta-cuba-como-huracan-de-categoria-3\\\/#respond\"]}]},{\"@type\":\"WebPage\",\"@id\":\"https:\\\/\\\/reporteroshoy.mx\\\/noticias\\\/ian-impacta-cuba-como-huracan-de-categoria-3\\\/\",\"url\":\"https:\\\/\\\/reporteroshoy.mx\\\/noticias\\\/ian-impacta-cuba-como-huracan-de-categoria-3\\\/\",\"name\":\"'Ian' impacta Cuba como hurac\u00e1n de categor\u00eda 3\",\"isPartOf\":{\"@id\":\"https:\\\/\\\/reporteroshoy.mx\\\/noticias\\\/#website\"},\"primaryImageOfPage\":{\"@id\":\"https:\\\/\\\/reporteroshoy.mx\\\/noticias\\\/ian-impacta-cuba-como-huracan-de-categoria-3\\\/#primaryimage\"},\"image\":{\"@id\":\"https:\\\/\\\/reporteroshoy.mx\\\/noticias\\\/ian-impacta-cuba-como-huracan-de-categoria-3\\\/#primaryimage\"},\"thumbnailUrl\":\"https:\\\/\\\/reporteroshoy.mx\\\/noticias\\\/wp-content\\\/uploads\\\/2022\\\/09\\\/Huracan-Ian.jpg\",\"datePublished\":\"2022-09-27T15:06:27+00:00\",\"author\":{\"@id\":\"https:\\\/\\\/reporteroshoy.mx\\\/noticias\\\/#\\\/schema\\\/person\\\/c977527e57c958a62c5cefe8fe47876e\"},\"description\":\"El hurac\u00e1n toc\u00f3 tierra en el pueblo costero de La Coloma, en la provincia de Pinar del R\u00edo, con vientos de hasta 200 km\\\/h.\",\"breadcrumb\":{\"@id\":\"https:\\\/\\\/reporteroshoy.mx\\\/noticias\\\/ian-impacta-cuba-como-huracan-de-categoria-3\\\/#breadcrumb\"},\"inLanguage\":\"es\",\"potentialAction\":[{\"@type\":\"ReadAction\",\"target\":[\"https:\\\/\\\/reporteroshoy.mx\\\/noticias\\\/ian-impacta-cuba-como-huracan-de-categoria-3\\\/\"]}]},{\"@type\":\"ImageObject\",\"inLanguage\":\"es\",\"@id\":\"https:\\\/\\\/reporteroshoy.mx\\\/noticias\\\/ian-impacta-cuba-como-huracan-de-categoria-3\\\/#primaryimage\",\"url\":\"https:\\\/\\\/reporteroshoy.mx\\\/noticias\\\/wp-content\\\/uploads\\\/2022\\\/09\\\/Huracan-Ian.jpg\",\"contentUrl\":\"https:\\\/\\\/reporteroshoy.mx\\\/noticias\\\/wp-content\\\/uploads\\\/2022\\\/09\\\/Huracan-Ian.jpg\",\"width\":768,\"height\":433},{\"@type\":\"BreadcrumbList\",\"@id\":\"https:\\\/\\\/reporteroshoy.mx\\\/noticias\\\/ian-impacta-cuba-como-huracan-de-categoria-3\\\/#breadcrumb\",\"itemListElement\":[{\"@type\":\"ListItem\",\"position\":1,\"name\":\"Portada\",\"item\":\"https:\\\/\\\/reporteroshoy.mx\\\/noticias\\\/\"},{\"@type\":\"ListItem\",\"position\":2,\"name\":\"&#8216;Ian&#8217; impacta Cuba como hurac\u00e1n de categor\u00eda 3\"}]},{\"@type\":\"WebSite\",\"@id\":\"https:\\\/\\\/reporteroshoy.mx\\\/noticias\\\/#website\",\"url\":\"https:\\\/\\\/reporteroshoy.mx\\\/noticias\\\/\",\"name\":\"Reporteros Hoy | Noticias de Yucat\u00e1n\",\"description\":\"Peri\u00f3dico digital con noticias diarias desde M\u00e9rida, Yucat\u00e1n para el mundo.\",\"potentialAction\":[{\"@type\":\"SearchAction\",\"target\":{\"@type\":\"EntryPoint\",\"urlTemplate\":\"https:\\\/\\\/reporteroshoy.mx\\\/noticias\\\/?s={search_term_string}\"},\"query-input\":{\"@type\":\"PropertyValueSpecification\",\"valueRequired\":true,\"valueName\":\"search_term_string\"}}],\"inLanguage\":\"es\"},{\"@type\":\"Person\",\"@id\":\"https:\\\/\\\/reporteroshoy.mx\\\/noticias\\\/#\\\/schema\\\/person\\\/c977527e57c958a62c5cefe8fe47876e\",\"name\":\"Reporteros Hoy WP\",\"image\":{\"@type\":\"ImageObject\",\"inLanguage\":\"es\",\"@id\":\"https:\\\/\\\/secure.gravatar.com\\\/avatar\\\/fd2917f79a7dae30f8ac9ddc2f35e1756bb59e25e01d1cd09deaa64df7b2f73e?s=96&d=mm&r=g\",\"url\":\"https:\\\/\\\/secure.gravatar.com\\\/avatar\\\/fd2917f79a7dae30f8ac9ddc2f35e1756bb59e25e01d1cd09deaa64df7b2f73e?s=96&d=mm&r=g\",\"contentUrl\":\"https:\\\/\\\/secure.gravatar.com\\\/avatar\\\/fd2917f79a7dae30f8ac9ddc2f35e1756bb59e25e01d1cd09deaa64df7b2f73e?s=96&d=mm&r=g\",\"caption\":\"Reporteros Hoy WP\"},\"url\":\"https:\\\/\\\/reporteroshoy.mx\\\/noticias\\\/author\\\/walfer\\\/\"}]}<\/script>\n<!-- \/ Yoast SEO plugin. -->","yoast_head_json":{"title":"'Ian' impacta Cuba como hurac\u00e1n de categor\u00eda 3","description":"El hurac\u00e1n toc\u00f3 tierra en el pueblo costero de La Coloma, en la provincia de Pinar del R\u00edo, con vientos de hasta 200 km\/h.","robots":{"index":"index","follow":"follow","max-snippet":"max-snippet:-1","max-image-preview":"max-image-preview:large","max-video-preview":"max-video-preview:-1"},"canonical":"https:\/\/reporteroshoy.mx\/noticias\/ian-impacta-cuba-como-huracan-de-categoria-3\/","og_locale":"es_ES","og_type":"article","og_title":"'Ian' impacta Cuba como hurac\u00e1n de categor\u00eda 3","og_description":"El hurac\u00e1n toc\u00f3 tierra en el pueblo costero de La Coloma, en la provincia de Pinar del R\u00edo, con vientos de hasta 200 km\/h.","og_url":"https:\/\/reporteroshoy.mx\/noticias\/ian-impacta-cuba-como-huracan-de-categoria-3\/","og_site_name":"Reporteros Hoy | Noticias de Yucat\u00e1n","article_publisher":"http:\/\/www.facebook.com\/reporteroshoymx","article_published_time":"2022-09-27T15:06:27+00:00","og_image":[{"width":768,"height":433,"url":"https:\/\/reporteroshoy.mx\/noticias\/wp-content\/uploads\/2022\/09\/Huracan-Ian.jpg","type":"image\/jpeg"}],"author":"Reporteros Hoy WP","twitter_card":"summary_large_image","twitter_creator":"@reporteroshoy","twitter_site":"@reporteroshoy","twitter_misc":{"Escrito por":"Reporteros Hoy WP","Tiempo de lectura":"4 minutos"},"schema":{"@context":"https:\/\/schema.org","@graph":[{"@type":"Article","@id":"https:\/\/reporteroshoy.mx\/noticias\/ian-impacta-cuba-como-huracan-de-categoria-3\/#article","isPartOf":{"@id":"https:\/\/reporteroshoy.mx\/noticias\/ian-impacta-cuba-como-huracan-de-categoria-3\/"},"author":{"name":"Reporteros Hoy WP","@id":"https:\/\/reporteroshoy.mx\/noticias\/#\/schema\/person\/c977527e57c958a62c5cefe8fe47876e"},"headline":"&#8216;Ian&#8217; impacta Cuba como hurac\u00e1n de categor\u00eda 3","datePublished":"2022-09-27T15:06:27+00:00","mainEntityOfPage":{"@id":"https:\/\/reporteroshoy.mx\/noticias\/ian-impacta-cuba-como-huracan-de-categoria-3\/"},"wordCount":703,"commentCount":0,"image":{"@id":"https:\/\/reporteroshoy.mx\/noticias\/ian-impacta-cuba-como-huracan-de-categoria-3\/#primaryimage"},"thumbnailUrl":"https:\/\/reporteroshoy.mx\/noticias\/wp-content\/uploads\/2022\/09\/Huracan-Ian.jpg","keywords":["Cuba","hurac\u00e1n","Ian"],"articleSection":["Internacional"],"inLanguage":"es","potentialAction":[{"@type":"CommentAction","name":"Comment","target":["https:\/\/reporteroshoy.mx\/noticias\/ian-impacta-cuba-como-huracan-de-categoria-3\/#respond"]}]},{"@type":"WebPage","@id":"https:\/\/reporteroshoy.mx\/noticias\/ian-impacta-cuba-como-huracan-de-categoria-3\/","url":"https:\/\/reporteroshoy.mx\/noticias\/ian-impacta-cuba-como-huracan-de-categoria-3\/","name":"'Ian' impacta Cuba como hurac\u00e1n de categor\u00eda 3","isPartOf":{"@id":"https:\/\/reporteroshoy.mx\/noticias\/#website"},"primaryImageOfPage":{"@id":"https:\/\/reporteroshoy.mx\/noticias\/ian-impacta-cuba-como-huracan-de-categoria-3\/#primaryimage"},"image":{"@id":"https:\/\/reporteroshoy.mx\/noticias\/ian-impacta-cuba-como-huracan-de-categoria-3\/#primaryimage"},"thumbnailUrl":"https:\/\/reporteroshoy.mx\/noticias\/wp-content\/uploads\/2022\/09\/Huracan-Ian.jpg","datePublished":"2022-09-27T15:06:27+00:00","author":{"@id":"https:\/\/reporteroshoy.mx\/noticias\/#\/schema\/person\/c977527e57c958a62c5cefe8fe47876e"},"description":"El hurac\u00e1n toc\u00f3 tierra en el pueblo costero de La Coloma, en la provincia de Pinar del R\u00edo, con vientos de hasta 200 km\/h.","breadcrumb":{"@id":"https:\/\/reporteroshoy.mx\/noticias\/ian-impacta-cuba-como-huracan-de-categoria-3\/#breadcrumb"},"inLanguage":"es","potentialAction":[{"@type":"ReadAction","target":["https:\/\/reporteroshoy.mx\/noticias\/ian-impacta-cuba-como-huracan-de-categoria-3\/"]}]},{"@type":"ImageObject","inLanguage":"es","@id":"https:\/\/reporteroshoy.mx\/noticias\/ian-impacta-cuba-como-huracan-de-categoria-3\/#primaryimage","url":"https:\/\/reporteroshoy.mx\/noticias\/wp-content\/uploads\/2022\/09\/Huracan-Ian.jpg","contentUrl":"https:\/\/reporteroshoy.mx\/noticias\/wp-content\/uploads\/2022\/09\/Huracan-Ian.jpg","width":768,"height":433},{"@type":"BreadcrumbList","@id":"https:\/\/reporteroshoy.mx\/noticias\/ian-impacta-cuba-como-huracan-de-categoria-3\/#breadcrumb","itemListElement":[{"@type":"ListItem","position":1,"name":"Portada","item":"https:\/\/reporteroshoy.mx\/noticias\/"},{"@type":"ListItem","position":2,"name":"&#8216;Ian&#8217; impacta Cuba como hurac\u00e1n de categor\u00eda 3"}]},{"@type":"WebSite","@id":"https:\/\/reporteroshoy.mx\/noticias\/#website","url":"https:\/\/reporteroshoy.mx\/noticias\/","name":"Reporteros Hoy | Noticias de Yucat\u00e1n","description":"Peri\u00f3dico digital con noticias diarias desde M\u00e9rida, Yucat\u00e1n para el mundo.","potentialAction":[{"@type":"SearchAction","target":{"@type":"EntryPoint","urlTemplate":"https:\/\/reporteroshoy.mx\/noticias\/?s={search_term_string}"},"query-input":{"@type":"PropertyValueSpecification","valueRequired":true,"valueName":"search_term_string"}}],"inLanguage":"es"},{"@type":"Person","@id":"https:\/\/reporteroshoy.mx\/noticias\/#\/schema\/person\/c977527e57c958a62c5cefe8fe47876e","name":"Reporteros Hoy WP","image":{"@type":"ImageObject","inLanguage":"es","@id":"https:\/\/secure.gravatar.com\/avatar\/fd2917f79a7dae30f8ac9ddc2f35e1756bb59e25e01d1cd09deaa64df7b2f73e?s=96&d=mm&r=g","url":"https:\/\/secure.gravatar.com\/avatar\/fd2917f79a7dae30f8ac9ddc2f35e1756bb59e25e01d1cd09deaa64df7b2f73e?s=96&d=mm&r=g","contentUrl":"https:\/\/secure.gravatar.com\/avatar\/fd2917f79a7dae30f8ac9ddc2f35e1756bb59e25e01d1cd09deaa64df7b2f73e?s=96&d=mm&r=g","caption":"Reporteros Hoy WP"},"url":"https:\/\/reporteroshoy.mx\/noticias\/author\/walfer\/"}]}},"_links":{"self":[{"href":"https:\/\/reporteroshoy.mx\/noticias\/wp-json\/wp\/v2\/posts\/92676","targetHints":{"allow":["GET"]}}],"collection":[{"href":"https:\/\/reporteroshoy.mx\/noticias\/wp-json\/wp\/v2\/posts"}],"about":[{"href":"https:\/\/reporteroshoy.mx\/noticias\/wp-json\/wp\/v2\/types\/post"}],"author":[{"embeddable":true,"href":"https:\/\/reporteroshoy.mx\/noticias\/wp-json\/wp\/v2\/users\/9"}],"replies":[{"embeddable":true,"href":"https:\/\/reporteroshoy.mx\/noticias\/wp-json\/wp\/v2\/comments?post=92676"}],"version-history":[{"count":0,"href":"https:\/\/reporteroshoy.mx\/noticias\/wp-json\/wp\/v2\/posts\/92676\/revisions"}],"wp:featuredmedia":[{"embeddable":true,"href":"https:\/\/reporteroshoy.mx\/noticias\/wp-json\/wp\/v2\/media\/92677"}],"wp:attachment":[{"href":"https:\/\/reporteroshoy.mx\/noticias\/wp-json\/wp\/v2\/media?parent=92676"}],"wp:term":[{"taxonomy":"category","embeddable":true,"href":"https:\/\/reporteroshoy.mx\/noticias\/wp-json\/wp\/v2\/categories?post=92676"},{"taxonomy":"post_tag","embeddable":true,"href":"https:\/\/reporteroshoy.mx\/noticias\/wp-json\/wp\/v2\/tags?post=92676"}],"curies":[{"name":"wp","href":"https:\/\/api.w.org\/{rel}","templated":true}]}}