{"id":93014,"date":"2022-10-04T14:55:49","date_gmt":"2022-10-04T19:55:49","guid":{"rendered":"https:\/\/reporteroshoy.mx\/noticias\/?p=93014"},"modified":"2022-10-04T14:55:49","modified_gmt":"2022-10-04T19:55:49","slug":"inflacion-no-afectara-la-recuperacion-economica-afirma-la-canaco","status":"publish","type":"post","link":"https:\/\/reporteroshoy.mx\/noticias\/inflacion-no-afectara-la-recuperacion-economica-afirma-la-canaco\/","title":{"rendered":"Inflaci\u00f3n no afectar\u00e1 la recuperaci\u00f3n econ\u00f3mica, afirma la Canaco"},"content":{"rendered":"<p style=\"text-align: justify;\">M\u00e9rida, Yucat\u00e1n; 4 de octubre de 2022 (ACOM).- Anticipan empresarios que la inflaci\u00f3n no detendr\u00e1 el crecimiento econ\u00f3mico del estado hacia fin de a\u00f1o.<\/p>\n<p style=\"text-align: justify;\">Seg\u00fan el presidente de la C\u00e1mara Nacional de Comercio (Canaco) de M\u00e9rida, Iv\u00e1n Rodr\u00edguez Gasque, esta situaci\u00f3n s\u00ed caus\u00f3 estragos a diversos sectores econ\u00f3micos, aunque esto no impedir\u00eda que haya un crecimiento en la econom\u00eda de Yucat\u00e1n.<\/p>\n<p><img loading=\"lazy\" decoding=\"async\" class=\"wp-image-93015 aligncenter\" src=\"https:\/\/reporteroshoy.mx\/noticias\/wp-content\/uploads\/2022\/10\/Ivan-Rodriguez.jpg\" alt=\"\" width=\"600\" height=\"337\" \/><\/p>\n<p style=\"text-align: justify;\">Se\u00f1al\u00f3 que los propios empresarios han tenido que absorber las alzas de los productos, debido a la inflaci\u00f3n, lo que ha servido para que no tengan afectaciones mayores.<\/p>\n<p style=\"text-align: justify;\">\u00abSer\u00eda muy f\u00e1cil decir, me subieron el 10%. Hay que medir hasta d\u00f3nde va a afectar las ventas. Es una situaci\u00f3n que cada empresa analiza y evidentemente, es un factor que ha afectado, pero yo creo que, al final, vemos un panorama positivo y la verdad es que ven\u00edamos de \u00e9pocas complicadas\u00bb, explic\u00f3.<\/p>\n<p style=\"text-align: justify;\">De hecho, se\u00f1al\u00f3 que la derrama econ\u00f3mica en diversas \u00e9pocas como verano, fiestas patrias y otras m\u00e1s, tuvieron incrementos en venta de hasta un 8% lo que resulta ben\u00e9fico para el sector.<\/p>\n","protected":false},"excerpt":{"rendered":"<p>La derrama econ\u00f3mica en diversas \u00e9pocas como verano, fiestas patrias y otras m\u00e1s, tuvieron incrementos en venta de hasta un 8%.<\/p>\n","protected":false},"author":9,"featured_media":93015,"comment_status":"open","ping_status":"closed","sticky":false,"template":"","format":"standard","meta":{"footnotes":""},"categories":[1],"tags":[305,2852,12950],"class_list":["post-93014","post","type-post","status-publish","format-standard","has-post-thumbnail","hentry","category-sin-categoria","tag-canaco","tag-inflacion","tag-recuperacion-economica"],"yoast_head":"<!-- This site is optimized with the Yoast SEO plugin v28.4 - https:\/\/yoast.com\/product\/yoast-seo-wordpress\/ -->\n<title>Inflaci\u00f3n no afectar\u00e1 la recuperaci\u00f3n econ\u00f3mica, afirma la Canaco<\/title>\n<meta name=\"description\" content=\"La derrama econ\u00f3mica en diversas \u00e9pocas como verano, fiestas patrias y otras m\u00e1s, tuvieron incrementos en venta de hasta un 8%.\" \/>\n<meta name=\"robots\" content=\"index, follow, max-snippet:-1, max-image-preview:large, max-video-preview:-1\" \/>\n<link rel=\"canonical\" href=\"https:\/\/reporteroshoy.mx\/noticias\/inflacion-no-afectara-la-recuperacion-economica-afirma-la-canaco\/\" \/>\n<meta property=\"og:locale\" content=\"es_ES\" \/>\n<meta property=\"og:type\" content=\"article\" \/>\n<meta property=\"og:title\" content=\"Inflaci\u00f3n no afectar\u00e1 la recuperaci\u00f3n econ\u00f3mica, afirma la Canaco\" \/>\n<meta property=\"og:description\" content=\"La derrama econ\u00f3mica en diversas \u00e9pocas como verano, fiestas patrias y otras m\u00e1s, tuvieron incrementos en venta de hasta un 8%.\" \/>\n<meta property=\"og:url\" content=\"https:\/\/reporteroshoy.mx\/noticias\/inflacion-no-afectara-la-recuperacion-economica-afirma-la-canaco\/\" \/>\n<meta property=\"og:site_name\" content=\"Reporteros Hoy | Noticias de Yucat\u00e1n\" \/>\n<meta property=\"article:publisher\" content=\"http:\/\/www.facebook.com\/reporteroshoymx\" \/>\n<meta property=\"article:published_time\" content=\"2022-10-04T19:55:49+00:00\" \/>\n<meta property=\"og:image\" content=\"https:\/\/reporteroshoy.mx\/noticias\/wp-content\/uploads\/2022\/10\/Ivan-Rodriguez.jpg\" \/>\n\t<meta property=\"og:image:width\" content=\"768\" \/>\n\t<meta property=\"og:image:height\" content=\"431\" \/>\n\t<meta property=\"og:image:type\" content=\"image\/jpeg\" \/>\n<meta name=\"author\" content=\"Reporteros Hoy WP\" \/>\n<meta name=\"twitter:card\" content=\"summary_large_image\" \/>\n<meta name=\"twitter:creator\" content=\"@reporteroshoy\" \/>\n<meta name=\"twitter:site\" content=\"@reporteroshoy\" \/>\n<meta name=\"twitter:label1\" content=\"Escrito por\" \/>\n\t<meta name=\"twitter:data1\" content=\"Reporteros Hoy WP\" \/>\n\t<meta name=\"twitter:label2\" content=\"Tiempo de lectura\" \/>\n\t<meta name=\"twitter:data2\" content=\"1 minuto\" \/>\n<script type=\"application\/ld+json\" class=\"yoast-schema-graph\">{\"@context\":\"https:\\\/\\\/schema.org\",\"@graph\":[{\"@type\":\"Article\",\"@id\":\"https:\\\/\\\/reporteroshoy.mx\\\/noticias\\\/inflacion-no-afectara-la-recuperacion-economica-afirma-la-canaco\\\/#article\",\"isPartOf\":{\"@id\":\"https:\\\/\\\/reporteroshoy.mx\\\/noticias\\\/inflacion-no-afectara-la-recuperacion-economica-afirma-la-canaco\\\/\"},\"author\":{\"name\":\"Reporteros Hoy WP\",\"@id\":\"https:\\\/\\\/reporteroshoy.mx\\\/noticias\\\/#\\\/schema\\\/person\\\/c977527e57c958a62c5cefe8fe47876e\"},\"headline\":\"Inflaci\u00f3n no afectar\u00e1 la recuperaci\u00f3n econ\u00f3mica, afirma la Canaco\",\"datePublished\":\"2022-10-04T19:55:49+00:00\",\"mainEntityOfPage\":{\"@id\":\"https:\\\/\\\/reporteroshoy.mx\\\/noticias\\\/inflacion-no-afectara-la-recuperacion-economica-afirma-la-canaco\\\/\"},\"wordCount\":209,\"commentCount\":0,\"image\":{\"@id\":\"https:\\\/\\\/reporteroshoy.mx\\\/noticias\\\/inflacion-no-afectara-la-recuperacion-economica-afirma-la-canaco\\\/#primaryimage\"},\"thumbnailUrl\":\"https:\\\/\\\/reporteroshoy.mx\\\/noticias\\\/wp-content\\\/uploads\\\/2022\\\/10\\\/Ivan-Rodriguez.jpg\",\"keywords\":[\"Canaco\",\"Inflaci\u00f3n\",\"Recuperaci\u00f3n econ\u00f3mica\"],\"articleSection\":[\"Notas\"],\"inLanguage\":\"es\",\"potentialAction\":[{\"@type\":\"CommentAction\",\"name\":\"Comment\",\"target\":[\"https:\\\/\\\/reporteroshoy.mx\\\/noticias\\\/inflacion-no-afectara-la-recuperacion-economica-afirma-la-canaco\\\/#respond\"]}]},{\"@type\":\"WebPage\",\"@id\":\"https:\\\/\\\/reporteroshoy.mx\\\/noticias\\\/inflacion-no-afectara-la-recuperacion-economica-afirma-la-canaco\\\/\",\"url\":\"https:\\\/\\\/reporteroshoy.mx\\\/noticias\\\/inflacion-no-afectara-la-recuperacion-economica-afirma-la-canaco\\\/\",\"name\":\"Inflaci\u00f3n no afectar\u00e1 la recuperaci\u00f3n econ\u00f3mica, afirma la Canaco\",\"isPartOf\":{\"@id\":\"https:\\\/\\\/reporteroshoy.mx\\\/noticias\\\/#website\"},\"primaryImageOfPage\":{\"@id\":\"https:\\\/\\\/reporteroshoy.mx\\\/noticias\\\/inflacion-no-afectara-la-recuperacion-economica-afirma-la-canaco\\\/#primaryimage\"},\"image\":{\"@id\":\"https:\\\/\\\/reporteroshoy.mx\\\/noticias\\\/inflacion-no-afectara-la-recuperacion-economica-afirma-la-canaco\\\/#primaryimage\"},\"thumbnailUrl\":\"https:\\\/\\\/reporteroshoy.mx\\\/noticias\\\/wp-content\\\/uploads\\\/2022\\\/10\\\/Ivan-Rodriguez.jpg\",\"datePublished\":\"2022-10-04T19:55:49+00:00\",\"author\":{\"@id\":\"https:\\\/\\\/reporteroshoy.mx\\\/noticias\\\/#\\\/schema\\\/person\\\/c977527e57c958a62c5cefe8fe47876e\"},\"description\":\"La derrama econ\u00f3mica en diversas \u00e9pocas como verano, fiestas patrias y otras m\u00e1s, tuvieron incrementos en venta de hasta un 8%.\",\"breadcrumb\":{\"@id\":\"https:\\\/\\\/reporteroshoy.mx\\\/noticias\\\/inflacion-no-afectara-la-recuperacion-economica-afirma-la-canaco\\\/#breadcrumb\"},\"inLanguage\":\"es\",\"potentialAction\":[{\"@type\":\"ReadAction\",\"target\":[\"https:\\\/\\\/reporteroshoy.mx\\\/noticias\\\/inflacion-no-afectara-la-recuperacion-economica-afirma-la-canaco\\\/\"]}]},{\"@type\":\"ImageObject\",\"inLanguage\":\"es\",\"@id\":\"https:\\\/\\\/reporteroshoy.mx\\\/noticias\\\/inflacion-no-afectara-la-recuperacion-economica-afirma-la-canaco\\\/#primaryimage\",\"url\":\"https:\\\/\\\/reporteroshoy.mx\\\/noticias\\\/wp-content\\\/uploads\\\/2022\\\/10\\\/Ivan-Rodriguez.jpg\",\"contentUrl\":\"https:\\\/\\\/reporteroshoy.mx\\\/noticias\\\/wp-content\\\/uploads\\\/2022\\\/10\\\/Ivan-Rodriguez.jpg\",\"width\":768,\"height\":431},{\"@type\":\"BreadcrumbList\",\"@id\":\"https:\\\/\\\/reporteroshoy.mx\\\/noticias\\\/inflacion-no-afectara-la-recuperacion-economica-afirma-la-canaco\\\/#breadcrumb\",\"itemListElement\":[{\"@type\":\"ListItem\",\"position\":1,\"name\":\"Portada\",\"item\":\"https:\\\/\\\/reporteroshoy.mx\\\/noticias\\\/\"},{\"@type\":\"ListItem\",\"position\":2,\"name\":\"Inflaci\u00f3n no afectar\u00e1 la recuperaci\u00f3n econ\u00f3mica, afirma la Canaco\"}]},{\"@type\":\"WebSite\",\"@id\":\"https:\\\/\\\/reporteroshoy.mx\\\/noticias\\\/#website\",\"url\":\"https:\\\/\\\/reporteroshoy.mx\\\/noticias\\\/\",\"name\":\"Reporteros Hoy | Noticias de Yucat\u00e1n\",\"description\":\"Peri\u00f3dico digital con noticias diarias desde M\u00e9rida, Yucat\u00e1n para el mundo.\",\"potentialAction\":[{\"@type\":\"SearchAction\",\"target\":{\"@type\":\"EntryPoint\",\"urlTemplate\":\"https:\\\/\\\/reporteroshoy.mx\\\/noticias\\\/?s={search_term_string}\"},\"query-input\":{\"@type\":\"PropertyValueSpecification\",\"valueRequired\":true,\"valueName\":\"search_term_string\"}}],\"inLanguage\":\"es\"},{\"@type\":\"Person\",\"@id\":\"https:\\\/\\\/reporteroshoy.mx\\\/noticias\\\/#\\\/schema\\\/person\\\/c977527e57c958a62c5cefe8fe47876e\",\"name\":\"Reporteros Hoy WP\",\"image\":{\"@type\":\"ImageObject\",\"inLanguage\":\"es\",\"@id\":\"https:\\\/\\\/secure.gravatar.com\\\/avatar\\\/fd2917f79a7dae30f8ac9ddc2f35e1756bb59e25e01d1cd09deaa64df7b2f73e?s=96&d=mm&r=g\",\"url\":\"https:\\\/\\\/secure.gravatar.com\\\/avatar\\\/fd2917f79a7dae30f8ac9ddc2f35e1756bb59e25e01d1cd09deaa64df7b2f73e?s=96&d=mm&r=g\",\"contentUrl\":\"https:\\\/\\\/secure.gravatar.com\\\/avatar\\\/fd2917f79a7dae30f8ac9ddc2f35e1756bb59e25e01d1cd09deaa64df7b2f73e?s=96&d=mm&r=g\",\"caption\":\"Reporteros Hoy WP\"},\"url\":\"https:\\\/\\\/reporteroshoy.mx\\\/noticias\\\/author\\\/walfer\\\/\"}]}<\/script>\n<!-- \/ Yoast SEO plugin. -->","yoast_head_json":{"title":"Inflaci\u00f3n no afectar\u00e1 la recuperaci\u00f3n econ\u00f3mica, afirma la Canaco","description":"La derrama econ\u00f3mica en diversas \u00e9pocas como verano, fiestas patrias y otras m\u00e1s, tuvieron incrementos en venta de hasta un 8%.","robots":{"index":"index","follow":"follow","max-snippet":"max-snippet:-1","max-image-preview":"max-image-preview:large","max-video-preview":"max-video-preview:-1"},"canonical":"https:\/\/reporteroshoy.mx\/noticias\/inflacion-no-afectara-la-recuperacion-economica-afirma-la-canaco\/","og_locale":"es_ES","og_type":"article","og_title":"Inflaci\u00f3n no afectar\u00e1 la recuperaci\u00f3n econ\u00f3mica, afirma la Canaco","og_description":"La derrama econ\u00f3mica en diversas \u00e9pocas como verano, fiestas patrias y otras m\u00e1s, tuvieron incrementos en venta de hasta un 8%.","og_url":"https:\/\/reporteroshoy.mx\/noticias\/inflacion-no-afectara-la-recuperacion-economica-afirma-la-canaco\/","og_site_name":"Reporteros Hoy | Noticias de Yucat\u00e1n","article_publisher":"http:\/\/www.facebook.com\/reporteroshoymx","article_published_time":"2022-10-04T19:55:49+00:00","og_image":[{"width":768,"height":431,"url":"https:\/\/reporteroshoy.mx\/noticias\/wp-content\/uploads\/2022\/10\/Ivan-Rodriguez.jpg","type":"image\/jpeg"}],"author":"Reporteros Hoy WP","twitter_card":"summary_large_image","twitter_creator":"@reporteroshoy","twitter_site":"@reporteroshoy","twitter_misc":{"Escrito por":"Reporteros Hoy WP","Tiempo de lectura":"1 minuto"},"schema":{"@context":"https:\/\/schema.org","@graph":[{"@type":"Article","@id":"https:\/\/reporteroshoy.mx\/noticias\/inflacion-no-afectara-la-recuperacion-economica-afirma-la-canaco\/#article","isPartOf":{"@id":"https:\/\/reporteroshoy.mx\/noticias\/inflacion-no-afectara-la-recuperacion-economica-afirma-la-canaco\/"},"author":{"name":"Reporteros Hoy WP","@id":"https:\/\/reporteroshoy.mx\/noticias\/#\/schema\/person\/c977527e57c958a62c5cefe8fe47876e"},"headline":"Inflaci\u00f3n no afectar\u00e1 la recuperaci\u00f3n econ\u00f3mica, afirma la Canaco","datePublished":"2022-10-04T19:55:49+00:00","mainEntityOfPage":{"@id":"https:\/\/reporteroshoy.mx\/noticias\/inflacion-no-afectara-la-recuperacion-economica-afirma-la-canaco\/"},"wordCount":209,"commentCount":0,"image":{"@id":"https:\/\/reporteroshoy.mx\/noticias\/inflacion-no-afectara-la-recuperacion-economica-afirma-la-canaco\/#primaryimage"},"thumbnailUrl":"https:\/\/reporteroshoy.mx\/noticias\/wp-content\/uploads\/2022\/10\/Ivan-Rodriguez.jpg","keywords":["Canaco","Inflaci\u00f3n","Recuperaci\u00f3n econ\u00f3mica"],"articleSection":["Notas"],"inLanguage":"es","potentialAction":[{"@type":"CommentAction","name":"Comment","target":["https:\/\/reporteroshoy.mx\/noticias\/inflacion-no-afectara-la-recuperacion-economica-afirma-la-canaco\/#respond"]}]},{"@type":"WebPage","@id":"https:\/\/reporteroshoy.mx\/noticias\/inflacion-no-afectara-la-recuperacion-economica-afirma-la-canaco\/","url":"https:\/\/reporteroshoy.mx\/noticias\/inflacion-no-afectara-la-recuperacion-economica-afirma-la-canaco\/","name":"Inflaci\u00f3n no afectar\u00e1 la recuperaci\u00f3n econ\u00f3mica, afirma la Canaco","isPartOf":{"@id":"https:\/\/reporteroshoy.mx\/noticias\/#website"},"primaryImageOfPage":{"@id":"https:\/\/reporteroshoy.mx\/noticias\/inflacion-no-afectara-la-recuperacion-economica-afirma-la-canaco\/#primaryimage"},"image":{"@id":"https:\/\/reporteroshoy.mx\/noticias\/inflacion-no-afectara-la-recuperacion-economica-afirma-la-canaco\/#primaryimage"},"thumbnailUrl":"https:\/\/reporteroshoy.mx\/noticias\/wp-content\/uploads\/2022\/10\/Ivan-Rodriguez.jpg","datePublished":"2022-10-04T19:55:49+00:00","author":{"@id":"https:\/\/reporteroshoy.mx\/noticias\/#\/schema\/person\/c977527e57c958a62c5cefe8fe47876e"},"description":"La derrama econ\u00f3mica en diversas \u00e9pocas como verano, fiestas patrias y otras m\u00e1s, tuvieron incrementos en venta de hasta un 8%.","breadcrumb":{"@id":"https:\/\/reporteroshoy.mx\/noticias\/inflacion-no-afectara-la-recuperacion-economica-afirma-la-canaco\/#breadcrumb"},"inLanguage":"es","potentialAction":[{"@type":"ReadAction","target":["https:\/\/reporteroshoy.mx\/noticias\/inflacion-no-afectara-la-recuperacion-economica-afirma-la-canaco\/"]}]},{"@type":"ImageObject","inLanguage":"es","@id":"https:\/\/reporteroshoy.mx\/noticias\/inflacion-no-afectara-la-recuperacion-economica-afirma-la-canaco\/#primaryimage","url":"https:\/\/reporteroshoy.mx\/noticias\/wp-content\/uploads\/2022\/10\/Ivan-Rodriguez.jpg","contentUrl":"https:\/\/reporteroshoy.mx\/noticias\/wp-content\/uploads\/2022\/10\/Ivan-Rodriguez.jpg","width":768,"height":431},{"@type":"BreadcrumbList","@id":"https:\/\/reporteroshoy.mx\/noticias\/inflacion-no-afectara-la-recuperacion-economica-afirma-la-canaco\/#breadcrumb","itemListElement":[{"@type":"ListItem","position":1,"name":"Portada","item":"https:\/\/reporteroshoy.mx\/noticias\/"},{"@type":"ListItem","position":2,"name":"Inflaci\u00f3n no afectar\u00e1 la recuperaci\u00f3n econ\u00f3mica, afirma la Canaco"}]},{"@type":"WebSite","@id":"https:\/\/reporteroshoy.mx\/noticias\/#website","url":"https:\/\/reporteroshoy.mx\/noticias\/","name":"Reporteros Hoy | Noticias de Yucat\u00e1n","description":"Peri\u00f3dico digital con noticias diarias desde M\u00e9rida, Yucat\u00e1n para el mundo.","potentialAction":[{"@type":"SearchAction","target":{"@type":"EntryPoint","urlTemplate":"https:\/\/reporteroshoy.mx\/noticias\/?s={search_term_string}"},"query-input":{"@type":"PropertyValueSpecification","valueRequired":true,"valueName":"search_term_string"}}],"inLanguage":"es"},{"@type":"Person","@id":"https:\/\/reporteroshoy.mx\/noticias\/#\/schema\/person\/c977527e57c958a62c5cefe8fe47876e","name":"Reporteros Hoy WP","image":{"@type":"ImageObject","inLanguage":"es","@id":"https:\/\/secure.gravatar.com\/avatar\/fd2917f79a7dae30f8ac9ddc2f35e1756bb59e25e01d1cd09deaa64df7b2f73e?s=96&d=mm&r=g","url":"https:\/\/secure.gravatar.com\/avatar\/fd2917f79a7dae30f8ac9ddc2f35e1756bb59e25e01d1cd09deaa64df7b2f73e?s=96&d=mm&r=g","contentUrl":"https:\/\/secure.gravatar.com\/avatar\/fd2917f79a7dae30f8ac9ddc2f35e1756bb59e25e01d1cd09deaa64df7b2f73e?s=96&d=mm&r=g","caption":"Reporteros Hoy WP"},"url":"https:\/\/reporteroshoy.mx\/noticias\/author\/walfer\/"}]}},"_links":{"self":[{"href":"https:\/\/reporteroshoy.mx\/noticias\/wp-json\/wp\/v2\/posts\/93014","targetHints":{"allow":["GET"]}}],"collection":[{"href":"https:\/\/reporteroshoy.mx\/noticias\/wp-json\/wp\/v2\/posts"}],"about":[{"href":"https:\/\/reporteroshoy.mx\/noticias\/wp-json\/wp\/v2\/types\/post"}],"author":[{"embeddable":true,"href":"https:\/\/reporteroshoy.mx\/noticias\/wp-json\/wp\/v2\/users\/9"}],"replies":[{"embeddable":true,"href":"https:\/\/reporteroshoy.mx\/noticias\/wp-json\/wp\/v2\/comments?post=93014"}],"version-history":[{"count":0,"href":"https:\/\/reporteroshoy.mx\/noticias\/wp-json\/wp\/v2\/posts\/93014\/revisions"}],"wp:featuredmedia":[{"embeddable":true,"href":"https:\/\/reporteroshoy.mx\/noticias\/wp-json\/wp\/v2\/media\/93015"}],"wp:attachment":[{"href":"https:\/\/reporteroshoy.mx\/noticias\/wp-json\/wp\/v2\/media?parent=93014"}],"wp:term":[{"taxonomy":"category","embeddable":true,"href":"https:\/\/reporteroshoy.mx\/noticias\/wp-json\/wp\/v2\/categories?post=93014"},{"taxonomy":"post_tag","embeddable":true,"href":"https:\/\/reporteroshoy.mx\/noticias\/wp-json\/wp\/v2\/tags?post=93014"}],"curies":[{"name":"wp","href":"https:\/\/api.w.org\/{rel}","templated":true}]}}