{"id":93097,"date":"2022-10-06T10:07:26","date_gmt":"2022-10-06T15:07:26","guid":{"rendered":"https:\/\/reporteroshoy.mx\/noticias\/?p=93097"},"modified":"2022-10-06T10:07:26","modified_gmt":"2022-10-06T15:07:26","slug":"masacre-en-guarderia-de-tailandia-hay-35-muertos-24-ninos-entre-ellos","status":"publish","type":"post","link":"https:\/\/reporteroshoy.mx\/noticias\/masacre-en-guarderia-de-tailandia-hay-35-muertos-24-ninos-entre-ellos\/","title":{"rendered":"Masacre en guarder\u00eda de Tailandia; hay 35 muertos, 24 ni\u00f1os entre ellos"},"content":{"rendered":"<p style=\"text-align: justify;\">Tailandia; 6 de octubre de 2022 (Exc\u00e9lsior).- La matanza perpetrada este jueves a tiros por un expolic\u00eda en una guarder\u00eda del norte de Tailandia\u00a0dej\u00f3 35 muertos, seg\u00fan un nuevo balance de la polic\u00eda.<\/p>\n<p style=\"text-align: justify;\">Jakkapat Vijitraithaya, coronel de polic\u00eda de la provincia de Nong Bua Lamphu, inform\u00f3 a la AFP de que tambi\u00e9n hab\u00eda 12 heridos, tres de ellos graves.<\/p>\n<p style=\"text-align: justify;\">Un expolic\u00eda\u00a0atac\u00f3 el jueves con armas de fuego\u00a0y cuchillos una guarder\u00eda en Tailandia, donde mat\u00f3 al menos a 35 personas, de ellos 24 ni\u00f1os, y luego asesin\u00f3 a su familia y se suicid\u00f3, inform\u00f3 la polic\u00eda.<\/p>\n<p><img loading=\"lazy\" decoding=\"async\" class=\"wp-image-93098 aligncenter\" src=\"https:\/\/reporteroshoy.mx\/noticias\/wp-content\/uploads\/2022\/10\/Masacre-Tailandia.jpg\" alt=\"\" width=\"600\" height=\"338\" \/><\/p>\n<p style=\"text-align: justify;\">El ataque empez\u00f3 a las 12:30 (06:30 GMT) en una guarder\u00eda de Nong Bua Lamphu, en el norte del pa\u00eds. El autor huy\u00f3 luego en coche y atropell\u00f3 a varios peatones, seg\u00fan la polic\u00eda.<\/p>\n<p style=\"text-align: justify;\">El autor fue identificado como\u00a0Panya Khamrab, un expolic\u00eda de 34 a\u00f1os, seg\u00fan el coronel de la polic\u00eda provincial Jakkapat Vijitraithaya.<\/p>\n<p style=\"text-align: justify;\">Despu\u00e9s de la masacre, el atacante mat\u00f3 a su mujer y a su hijo, y por \u00faltimo se suicid\u00f3, explic\u00f3 el coronel.<\/p>\n<p style=\"text-align: justify;\">Los ni\u00f1os fallecidos tienen entre dos y tres a\u00f1os, seg\u00fan la misma fuente.<\/p>\n","protected":false},"excerpt":{"rendered":"<p>Un expolic\u00eda atac\u00f3 con armas de fuego y cuchillos una guarder\u00eda en Tailandia. Los ni\u00f1os fallecidos tienen entre dos y tres a\u00f1os.<\/p>\n","protected":false},"author":9,"featured_media":93098,"comment_status":"open","ping_status":"closed","sticky":false,"template":"","format":"standard","meta":{"footnotes":""},"categories":[10],"tags":[17474,551,6517,4028],"class_list":["post-93097","post","type-post","status-publish","format-standard","has-post-thumbnail","hentry","category-internacional","tag-guarderia","tag-ninos-muertos","tag-tailandia","tag-tiroteo"],"yoast_head":"<!-- This site is optimized with the Yoast SEO plugin v28.4 - https:\/\/yoast.com\/product\/yoast-seo-wordpress\/ -->\n<title>Masacre en guarder\u00eda de Tailandia; hay 35 muertos, 24 ni\u00f1os entre ellos<\/title>\n<meta name=\"description\" content=\"Un expolic\u00eda atac\u00f3 con armas de fuego y cuchillos una guarder\u00eda en Tailandia. Los ni\u00f1os fallecidos tienen entre dos y tres a\u00f1os.\" \/>\n<meta name=\"robots\" content=\"index, follow, max-snippet:-1, max-image-preview:large, max-video-preview:-1\" \/>\n<link rel=\"canonical\" href=\"https:\/\/reporteroshoy.mx\/noticias\/masacre-en-guarderia-de-tailandia-hay-35-muertos-24-ninos-entre-ellos\/\" \/>\n<meta property=\"og:locale\" content=\"es_ES\" \/>\n<meta property=\"og:type\" content=\"article\" \/>\n<meta property=\"og:title\" content=\"Masacre en guarder\u00eda de Tailandia; hay 35 muertos, 24 ni\u00f1os entre ellos\" \/>\n<meta property=\"og:description\" content=\"Un expolic\u00eda atac\u00f3 con armas de fuego y cuchillos una guarder\u00eda en Tailandia. Los ni\u00f1os fallecidos tienen entre dos y tres a\u00f1os.\" \/>\n<meta property=\"og:url\" content=\"https:\/\/reporteroshoy.mx\/noticias\/masacre-en-guarderia-de-tailandia-hay-35-muertos-24-ninos-entre-ellos\/\" \/>\n<meta property=\"og:site_name\" content=\"Reporteros Hoy | Noticias de Yucat\u00e1n\" \/>\n<meta property=\"article:publisher\" content=\"http:\/\/www.facebook.com\/reporteroshoymx\" \/>\n<meta property=\"article:published_time\" content=\"2022-10-06T15:07:26+00:00\" \/>\n<meta property=\"og:image\" content=\"https:\/\/reporteroshoy.mx\/noticias\/wp-content\/uploads\/2022\/10\/Masacre-Tailandia.jpg\" \/>\n\t<meta property=\"og:image:width\" content=\"768\" \/>\n\t<meta property=\"og:image:height\" content=\"432\" \/>\n\t<meta property=\"og:image:type\" content=\"image\/jpeg\" \/>\n<meta name=\"author\" content=\"Reporteros Hoy WP\" \/>\n<meta name=\"twitter:card\" content=\"summary_large_image\" \/>\n<meta name=\"twitter:creator\" content=\"@reporteroshoy\" \/>\n<meta name=\"twitter:site\" content=\"@reporteroshoy\" \/>\n<meta name=\"twitter:label1\" content=\"Escrito por\" \/>\n\t<meta name=\"twitter:data1\" content=\"Reporteros Hoy WP\" \/>\n\t<meta name=\"twitter:label2\" content=\"Tiempo de lectura\" \/>\n\t<meta name=\"twitter:data2\" content=\"2 minutos\" \/>\n<script type=\"application\/ld+json\" class=\"yoast-schema-graph\">{\"@context\":\"https:\\\/\\\/schema.org\",\"@graph\":[{\"@type\":\"Article\",\"@id\":\"https:\\\/\\\/reporteroshoy.mx\\\/noticias\\\/masacre-en-guarderia-de-tailandia-hay-35-muertos-24-ninos-entre-ellos\\\/#article\",\"isPartOf\":{\"@id\":\"https:\\\/\\\/reporteroshoy.mx\\\/noticias\\\/masacre-en-guarderia-de-tailandia-hay-35-muertos-24-ninos-entre-ellos\\\/\"},\"author\":{\"name\":\"Reporteros Hoy WP\",\"@id\":\"https:\\\/\\\/reporteroshoy.mx\\\/noticias\\\/#\\\/schema\\\/person\\\/c977527e57c958a62c5cefe8fe47876e\"},\"headline\":\"Masacre en guarder\u00eda de Tailandia; hay 35 muertos, 24 ni\u00f1os entre ellos\",\"datePublished\":\"2022-10-06T15:07:26+00:00\",\"mainEntityOfPage\":{\"@id\":\"https:\\\/\\\/reporteroshoy.mx\\\/noticias\\\/masacre-en-guarderia-de-tailandia-hay-35-muertos-24-ninos-entre-ellos\\\/\"},\"wordCount\":216,\"commentCount\":0,\"image\":{\"@id\":\"https:\\\/\\\/reporteroshoy.mx\\\/noticias\\\/masacre-en-guarderia-de-tailandia-hay-35-muertos-24-ninos-entre-ellos\\\/#primaryimage\"},\"thumbnailUrl\":\"https:\\\/\\\/reporteroshoy.mx\\\/noticias\\\/wp-content\\\/uploads\\\/2022\\\/10\\\/Masacre-Tailandia.jpg\",\"keywords\":[\"Guarder\u00eda\",\"Ni\u00f1os Muertos\",\"Tailandia\",\"tiroteo\"],\"articleSection\":[\"Internacional\"],\"inLanguage\":\"es\",\"potentialAction\":[{\"@type\":\"CommentAction\",\"name\":\"Comment\",\"target\":[\"https:\\\/\\\/reporteroshoy.mx\\\/noticias\\\/masacre-en-guarderia-de-tailandia-hay-35-muertos-24-ninos-entre-ellos\\\/#respond\"]}]},{\"@type\":\"WebPage\",\"@id\":\"https:\\\/\\\/reporteroshoy.mx\\\/noticias\\\/masacre-en-guarderia-de-tailandia-hay-35-muertos-24-ninos-entre-ellos\\\/\",\"url\":\"https:\\\/\\\/reporteroshoy.mx\\\/noticias\\\/masacre-en-guarderia-de-tailandia-hay-35-muertos-24-ninos-entre-ellos\\\/\",\"name\":\"Masacre en guarder\u00eda de Tailandia; hay 35 muertos, 24 ni\u00f1os entre ellos\",\"isPartOf\":{\"@id\":\"https:\\\/\\\/reporteroshoy.mx\\\/noticias\\\/#website\"},\"primaryImageOfPage\":{\"@id\":\"https:\\\/\\\/reporteroshoy.mx\\\/noticias\\\/masacre-en-guarderia-de-tailandia-hay-35-muertos-24-ninos-entre-ellos\\\/#primaryimage\"},\"image\":{\"@id\":\"https:\\\/\\\/reporteroshoy.mx\\\/noticias\\\/masacre-en-guarderia-de-tailandia-hay-35-muertos-24-ninos-entre-ellos\\\/#primaryimage\"},\"thumbnailUrl\":\"https:\\\/\\\/reporteroshoy.mx\\\/noticias\\\/wp-content\\\/uploads\\\/2022\\\/10\\\/Masacre-Tailandia.jpg\",\"datePublished\":\"2022-10-06T15:07:26+00:00\",\"author\":{\"@id\":\"https:\\\/\\\/reporteroshoy.mx\\\/noticias\\\/#\\\/schema\\\/person\\\/c977527e57c958a62c5cefe8fe47876e\"},\"description\":\"Un expolic\u00eda atac\u00f3 con armas de fuego y cuchillos una guarder\u00eda en Tailandia. Los ni\u00f1os fallecidos tienen entre dos y tres a\u00f1os.\",\"breadcrumb\":{\"@id\":\"https:\\\/\\\/reporteroshoy.mx\\\/noticias\\\/masacre-en-guarderia-de-tailandia-hay-35-muertos-24-ninos-entre-ellos\\\/#breadcrumb\"},\"inLanguage\":\"es\",\"potentialAction\":[{\"@type\":\"ReadAction\",\"target\":[\"https:\\\/\\\/reporteroshoy.mx\\\/noticias\\\/masacre-en-guarderia-de-tailandia-hay-35-muertos-24-ninos-entre-ellos\\\/\"]}]},{\"@type\":\"ImageObject\",\"inLanguage\":\"es\",\"@id\":\"https:\\\/\\\/reporteroshoy.mx\\\/noticias\\\/masacre-en-guarderia-de-tailandia-hay-35-muertos-24-ninos-entre-ellos\\\/#primaryimage\",\"url\":\"https:\\\/\\\/reporteroshoy.mx\\\/noticias\\\/wp-content\\\/uploads\\\/2022\\\/10\\\/Masacre-Tailandia.jpg\",\"contentUrl\":\"https:\\\/\\\/reporteroshoy.mx\\\/noticias\\\/wp-content\\\/uploads\\\/2022\\\/10\\\/Masacre-Tailandia.jpg\",\"width\":768,\"height\":432},{\"@type\":\"BreadcrumbList\",\"@id\":\"https:\\\/\\\/reporteroshoy.mx\\\/noticias\\\/masacre-en-guarderia-de-tailandia-hay-35-muertos-24-ninos-entre-ellos\\\/#breadcrumb\",\"itemListElement\":[{\"@type\":\"ListItem\",\"position\":1,\"name\":\"Portada\",\"item\":\"https:\\\/\\\/reporteroshoy.mx\\\/noticias\\\/\"},{\"@type\":\"ListItem\",\"position\":2,\"name\":\"Masacre en guarder\u00eda de Tailandia; hay 35 muertos, 24 ni\u00f1os entre ellos\"}]},{\"@type\":\"WebSite\",\"@id\":\"https:\\\/\\\/reporteroshoy.mx\\\/noticias\\\/#website\",\"url\":\"https:\\\/\\\/reporteroshoy.mx\\\/noticias\\\/\",\"name\":\"Reporteros Hoy | Noticias de Yucat\u00e1n\",\"description\":\"Peri\u00f3dico digital con noticias diarias desde M\u00e9rida, Yucat\u00e1n para el mundo.\",\"potentialAction\":[{\"@type\":\"SearchAction\",\"target\":{\"@type\":\"EntryPoint\",\"urlTemplate\":\"https:\\\/\\\/reporteroshoy.mx\\\/noticias\\\/?s={search_term_string}\"},\"query-input\":{\"@type\":\"PropertyValueSpecification\",\"valueRequired\":true,\"valueName\":\"search_term_string\"}}],\"inLanguage\":\"es\"},{\"@type\":\"Person\",\"@id\":\"https:\\\/\\\/reporteroshoy.mx\\\/noticias\\\/#\\\/schema\\\/person\\\/c977527e57c958a62c5cefe8fe47876e\",\"name\":\"Reporteros Hoy WP\",\"image\":{\"@type\":\"ImageObject\",\"inLanguage\":\"es\",\"@id\":\"https:\\\/\\\/secure.gravatar.com\\\/avatar\\\/fd2917f79a7dae30f8ac9ddc2f35e1756bb59e25e01d1cd09deaa64df7b2f73e?s=96&d=mm&r=g\",\"url\":\"https:\\\/\\\/secure.gravatar.com\\\/avatar\\\/fd2917f79a7dae30f8ac9ddc2f35e1756bb59e25e01d1cd09deaa64df7b2f73e?s=96&d=mm&r=g\",\"contentUrl\":\"https:\\\/\\\/secure.gravatar.com\\\/avatar\\\/fd2917f79a7dae30f8ac9ddc2f35e1756bb59e25e01d1cd09deaa64df7b2f73e?s=96&d=mm&r=g\",\"caption\":\"Reporteros Hoy WP\"},\"url\":\"https:\\\/\\\/reporteroshoy.mx\\\/noticias\\\/author\\\/walfer\\\/\"}]}<\/script>\n<!-- \/ Yoast SEO plugin. -->","yoast_head_json":{"title":"Masacre en guarder\u00eda de Tailandia; hay 35 muertos, 24 ni\u00f1os entre ellos","description":"Un expolic\u00eda atac\u00f3 con armas de fuego y cuchillos una guarder\u00eda en Tailandia. Los ni\u00f1os fallecidos tienen entre dos y tres a\u00f1os.","robots":{"index":"index","follow":"follow","max-snippet":"max-snippet:-1","max-image-preview":"max-image-preview:large","max-video-preview":"max-video-preview:-1"},"canonical":"https:\/\/reporteroshoy.mx\/noticias\/masacre-en-guarderia-de-tailandia-hay-35-muertos-24-ninos-entre-ellos\/","og_locale":"es_ES","og_type":"article","og_title":"Masacre en guarder\u00eda de Tailandia; hay 35 muertos, 24 ni\u00f1os entre ellos","og_description":"Un expolic\u00eda atac\u00f3 con armas de fuego y cuchillos una guarder\u00eda en Tailandia. Los ni\u00f1os fallecidos tienen entre dos y tres a\u00f1os.","og_url":"https:\/\/reporteroshoy.mx\/noticias\/masacre-en-guarderia-de-tailandia-hay-35-muertos-24-ninos-entre-ellos\/","og_site_name":"Reporteros Hoy | Noticias de Yucat\u00e1n","article_publisher":"http:\/\/www.facebook.com\/reporteroshoymx","article_published_time":"2022-10-06T15:07:26+00:00","og_image":[{"width":768,"height":432,"url":"https:\/\/reporteroshoy.mx\/noticias\/wp-content\/uploads\/2022\/10\/Masacre-Tailandia.jpg","type":"image\/jpeg"}],"author":"Reporteros Hoy WP","twitter_card":"summary_large_image","twitter_creator":"@reporteroshoy","twitter_site":"@reporteroshoy","twitter_misc":{"Escrito por":"Reporteros Hoy WP","Tiempo de lectura":"2 minutos"},"schema":{"@context":"https:\/\/schema.org","@graph":[{"@type":"Article","@id":"https:\/\/reporteroshoy.mx\/noticias\/masacre-en-guarderia-de-tailandia-hay-35-muertos-24-ninos-entre-ellos\/#article","isPartOf":{"@id":"https:\/\/reporteroshoy.mx\/noticias\/masacre-en-guarderia-de-tailandia-hay-35-muertos-24-ninos-entre-ellos\/"},"author":{"name":"Reporteros Hoy WP","@id":"https:\/\/reporteroshoy.mx\/noticias\/#\/schema\/person\/c977527e57c958a62c5cefe8fe47876e"},"headline":"Masacre en guarder\u00eda de Tailandia; hay 35 muertos, 24 ni\u00f1os entre ellos","datePublished":"2022-10-06T15:07:26+00:00","mainEntityOfPage":{"@id":"https:\/\/reporteroshoy.mx\/noticias\/masacre-en-guarderia-de-tailandia-hay-35-muertos-24-ninos-entre-ellos\/"},"wordCount":216,"commentCount":0,"image":{"@id":"https:\/\/reporteroshoy.mx\/noticias\/masacre-en-guarderia-de-tailandia-hay-35-muertos-24-ninos-entre-ellos\/#primaryimage"},"thumbnailUrl":"https:\/\/reporteroshoy.mx\/noticias\/wp-content\/uploads\/2022\/10\/Masacre-Tailandia.jpg","keywords":["Guarder\u00eda","Ni\u00f1os Muertos","Tailandia","tiroteo"],"articleSection":["Internacional"],"inLanguage":"es","potentialAction":[{"@type":"CommentAction","name":"Comment","target":["https:\/\/reporteroshoy.mx\/noticias\/masacre-en-guarderia-de-tailandia-hay-35-muertos-24-ninos-entre-ellos\/#respond"]}]},{"@type":"WebPage","@id":"https:\/\/reporteroshoy.mx\/noticias\/masacre-en-guarderia-de-tailandia-hay-35-muertos-24-ninos-entre-ellos\/","url":"https:\/\/reporteroshoy.mx\/noticias\/masacre-en-guarderia-de-tailandia-hay-35-muertos-24-ninos-entre-ellos\/","name":"Masacre en guarder\u00eda de Tailandia; hay 35 muertos, 24 ni\u00f1os entre ellos","isPartOf":{"@id":"https:\/\/reporteroshoy.mx\/noticias\/#website"},"primaryImageOfPage":{"@id":"https:\/\/reporteroshoy.mx\/noticias\/masacre-en-guarderia-de-tailandia-hay-35-muertos-24-ninos-entre-ellos\/#primaryimage"},"image":{"@id":"https:\/\/reporteroshoy.mx\/noticias\/masacre-en-guarderia-de-tailandia-hay-35-muertos-24-ninos-entre-ellos\/#primaryimage"},"thumbnailUrl":"https:\/\/reporteroshoy.mx\/noticias\/wp-content\/uploads\/2022\/10\/Masacre-Tailandia.jpg","datePublished":"2022-10-06T15:07:26+00:00","author":{"@id":"https:\/\/reporteroshoy.mx\/noticias\/#\/schema\/person\/c977527e57c958a62c5cefe8fe47876e"},"description":"Un expolic\u00eda atac\u00f3 con armas de fuego y cuchillos una guarder\u00eda en Tailandia. Los ni\u00f1os fallecidos tienen entre dos y tres a\u00f1os.","breadcrumb":{"@id":"https:\/\/reporteroshoy.mx\/noticias\/masacre-en-guarderia-de-tailandia-hay-35-muertos-24-ninos-entre-ellos\/#breadcrumb"},"inLanguage":"es","potentialAction":[{"@type":"ReadAction","target":["https:\/\/reporteroshoy.mx\/noticias\/masacre-en-guarderia-de-tailandia-hay-35-muertos-24-ninos-entre-ellos\/"]}]},{"@type":"ImageObject","inLanguage":"es","@id":"https:\/\/reporteroshoy.mx\/noticias\/masacre-en-guarderia-de-tailandia-hay-35-muertos-24-ninos-entre-ellos\/#primaryimage","url":"https:\/\/reporteroshoy.mx\/noticias\/wp-content\/uploads\/2022\/10\/Masacre-Tailandia.jpg","contentUrl":"https:\/\/reporteroshoy.mx\/noticias\/wp-content\/uploads\/2022\/10\/Masacre-Tailandia.jpg","width":768,"height":432},{"@type":"BreadcrumbList","@id":"https:\/\/reporteroshoy.mx\/noticias\/masacre-en-guarderia-de-tailandia-hay-35-muertos-24-ninos-entre-ellos\/#breadcrumb","itemListElement":[{"@type":"ListItem","position":1,"name":"Portada","item":"https:\/\/reporteroshoy.mx\/noticias\/"},{"@type":"ListItem","position":2,"name":"Masacre en guarder\u00eda de Tailandia; hay 35 muertos, 24 ni\u00f1os entre ellos"}]},{"@type":"WebSite","@id":"https:\/\/reporteroshoy.mx\/noticias\/#website","url":"https:\/\/reporteroshoy.mx\/noticias\/","name":"Reporteros Hoy | Noticias de Yucat\u00e1n","description":"Peri\u00f3dico digital con noticias diarias desde M\u00e9rida, Yucat\u00e1n para el mundo.","potentialAction":[{"@type":"SearchAction","target":{"@type":"EntryPoint","urlTemplate":"https:\/\/reporteroshoy.mx\/noticias\/?s={search_term_string}"},"query-input":{"@type":"PropertyValueSpecification","valueRequired":true,"valueName":"search_term_string"}}],"inLanguage":"es"},{"@type":"Person","@id":"https:\/\/reporteroshoy.mx\/noticias\/#\/schema\/person\/c977527e57c958a62c5cefe8fe47876e","name":"Reporteros Hoy WP","image":{"@type":"ImageObject","inLanguage":"es","@id":"https:\/\/secure.gravatar.com\/avatar\/fd2917f79a7dae30f8ac9ddc2f35e1756bb59e25e01d1cd09deaa64df7b2f73e?s=96&d=mm&r=g","url":"https:\/\/secure.gravatar.com\/avatar\/fd2917f79a7dae30f8ac9ddc2f35e1756bb59e25e01d1cd09deaa64df7b2f73e?s=96&d=mm&r=g","contentUrl":"https:\/\/secure.gravatar.com\/avatar\/fd2917f79a7dae30f8ac9ddc2f35e1756bb59e25e01d1cd09deaa64df7b2f73e?s=96&d=mm&r=g","caption":"Reporteros Hoy WP"},"url":"https:\/\/reporteroshoy.mx\/noticias\/author\/walfer\/"}]}},"_links":{"self":[{"href":"https:\/\/reporteroshoy.mx\/noticias\/wp-json\/wp\/v2\/posts\/93097","targetHints":{"allow":["GET"]}}],"collection":[{"href":"https:\/\/reporteroshoy.mx\/noticias\/wp-json\/wp\/v2\/posts"}],"about":[{"href":"https:\/\/reporteroshoy.mx\/noticias\/wp-json\/wp\/v2\/types\/post"}],"author":[{"embeddable":true,"href":"https:\/\/reporteroshoy.mx\/noticias\/wp-json\/wp\/v2\/users\/9"}],"replies":[{"embeddable":true,"href":"https:\/\/reporteroshoy.mx\/noticias\/wp-json\/wp\/v2\/comments?post=93097"}],"version-history":[{"count":0,"href":"https:\/\/reporteroshoy.mx\/noticias\/wp-json\/wp\/v2\/posts\/93097\/revisions"}],"wp:featuredmedia":[{"embeddable":true,"href":"https:\/\/reporteroshoy.mx\/noticias\/wp-json\/wp\/v2\/media\/93098"}],"wp:attachment":[{"href":"https:\/\/reporteroshoy.mx\/noticias\/wp-json\/wp\/v2\/media?parent=93097"}],"wp:term":[{"taxonomy":"category","embeddable":true,"href":"https:\/\/reporteroshoy.mx\/noticias\/wp-json\/wp\/v2\/categories?post=93097"},{"taxonomy":"post_tag","embeddable":true,"href":"https:\/\/reporteroshoy.mx\/noticias\/wp-json\/wp\/v2\/tags?post=93097"}],"curies":[{"name":"wp","href":"https:\/\/api.w.org\/{rel}","templated":true}]}}