{"id":93754,"date":"2022-10-21T19:17:47","date_gmt":"2022-10-22T00:17:47","guid":{"rendered":"https:\/\/reporteroshoy.mx\/noticias\/?p=93754"},"modified":"2022-10-21T19:17:47","modified_gmt":"2022-10-22T00:17:47","slug":"presentan-primera-edicion-de-festival-gastronomico-sabores-de-yucatan","status":"publish","type":"post","link":"https:\/\/reporteroshoy.mx\/noticias\/presentan-primera-edicion-de-festival-gastronomico-sabores-de-yucatan\/","title":{"rendered":"Presentan primera edici\u00f3n de festival gastron\u00f3mico \u201cSabores\u201d de Yucat\u00e1n"},"content":{"rendered":"<p style=\"text-align: justify;\">M\u00e9rida, Yucat\u00e1n, 21 de octubre de 2022.- Del 11 al 13 de noviembre, se realizar\u00e1 la primera edici\u00f3n de \u201cSabores, Festival Gastron\u00f3mico de Yucat\u00e1n\u201d, anunci\u00f3 la secretaria de Fomento Tur\u00edstico, Michelle Fridman Hirsch.<\/p>\n<p style=\"text-align: justify;\">Este evento servir\u00e1 como antesala de la d\u00e9cima edici\u00f3n de los Latin America&#8217;s 50 Best Restaurants, el 14 y 15 de noviembre, en la cual no solo se reunir\u00e1n los 50 mejores Chefs del continente, sino los m\u00e1ximos exponentes de la industria culinaria mundial, teniendo como sede a M\u00e9rida.<\/p>\n<p><img loading=\"lazy\" decoding=\"async\" class=\"alignnone size-full wp-image-93753\" src=\"https:\/\/reporteroshoy.mx\/noticias\/wp-content\/uploads\/2022\/10\/sefotur_Michelle-Fridman-1-scaled.jpeg\" alt=\"\" width=\"768\" height=\"601\" \/><\/p>\n<p style=\"text-align: justify;\">\u201cSeguiremos promoviendo el turismo gastron\u00f3mico como un veh\u00edculo de desarrollo transversal, que estimule la captaci\u00f3n de nuevas inversiones y el desarrollo de nuevo producto tur\u00edstico que refuercen nuestra amplia oferta con m\u00e1s opciones de alta calidad para los viajeros y locales\u201d dijo la funcionaria.<\/p>\n<p style=\"text-align: justify;\">\u00a0Con \u201cSabores, Festival Gastron\u00f3mico de Yucat\u00e1n\u201d se espera una derrama econ\u00f3mica directa, as\u00ed como un promedio de mil personas por d\u00eda, que estar\u00e1n disfrutando de las diferentes actividades, que ser\u00e1n abiertas al p\u00fablico en general, algunas de ellas de manera gratuita.<\/p>\n<p style=\"text-align: justify;\">Se considera la realizaci\u00f3n de un Mercado en una de las avenidas m\u00e1s emblem\u00e1ticas de M\u00e9rida; un BierGarden, en lo que se conoce como el \u201cremate\u201d de Montejo y un Garden en Mercado 60; adem\u00e1s de Programas acad\u00e9micos con master class, catas y maridajes, recorridos en Turib\u00fas Gastron\u00f3mico y Cervecero, as\u00ed como por cervecer\u00edas y cantinas.<\/p>\n<p style=\"text-align: justify;\">Tambi\u00e9n la agenda de incluye circuitos gastron\u00f3micos en los que restaurantes ofrecer\u00e1n un men\u00fa degustaci\u00f3n; as\u00ed como cenas especiales a seis manos con chefs de reconocimiento internacional, nacional y local.<\/p>\n<p><img loading=\"lazy\" decoding=\"async\" class=\"alignnone size-full wp-image-93752\" src=\"https:\/\/reporteroshoy.mx\/noticias\/wp-content\/uploads\/2022\/10\/sefotur_Michelle-Fridman-2-scaled.jpeg\" alt=\"\" width=\"768\" height=\"503\" \/><\/p>\n<p style=\"text-align: justify;\">\u00a0Tambi\u00e9n, tendr\u00e1 lugar el aniversario de Reffetorio con Massimo Bottura en donde el reconocido chef ofertar\u00e1 una conferencia en conjunto Lara Bottura, as\u00ed como las Kitchen TakeOvers \u201cHomenaje a Yucat\u00e1n\u201d en donde los invitados especiales elaborar\u00e1n un men\u00fa implementando 50 ingredientes del estado.<\/p>\n<p style=\"text-align: justify;\">En los pr\u00f3ximos d\u00edas, se podr\u00e1 consultar el programa completo del Festival, as\u00ed como los detalles de todos los eventos, incluidos los que tienen costo para los asistentes en la p\u00e1gina https:\/\/yucatan.travel\/<\/p>\n<p style=\"text-align: justify;\">De igual forma, en la entidad se llevar\u00e1n a cabo actividades privadas que forman parte eventos especiales de los Latin America&#8217;s 50 Best Restaurants.<\/p>\n","protected":false},"excerpt":{"rendered":"<p>Ser\u00e1 de 11 al 13 de noviembre previo al Latin America&#8217;s 50 Best Restaurants que tendr\u00e1 como sede a M\u00e9rida. <\/p>\n","protected":false},"author":5,"featured_media":93753,"comment_status":"open","ping_status":"closed","sticky":false,"template":"","format":"standard","meta":{"footnotes":""},"categories":[7],"tags":[19721,1835,4639],"class_list":["post-93754","post","type-post","status-publish","format-standard","has-post-thumbnail","hentry","category-gobierno","tag-festival-gastronomico","tag-michelle-fridman","tag-sefotur"],"yoast_head":"<!-- This site is optimized with the Yoast SEO plugin v28.4 - https:\/\/yoast.com\/product\/yoast-seo-wordpress\/ -->\n<title>Presentan primera edici\u00f3n de festival gastron\u00f3mico \u201cSabores\u201d de Yucat\u00e1n<\/title>\n<meta name=\"description\" content=\"Ser\u00e1 de 11 al 13 de noviembre previo al Latin America&#039;s 50 Best Restaurants que tendr\u00e1 como sede a M\u00e9rida.\" \/>\n<meta name=\"robots\" content=\"index, follow, max-snippet:-1, max-image-preview:large, max-video-preview:-1\" \/>\n<link rel=\"canonical\" href=\"https:\/\/reporteroshoy.mx\/noticias\/presentan-primera-edicion-de-festival-gastronomico-sabores-de-yucatan\/\" \/>\n<meta property=\"og:locale\" content=\"es_ES\" \/>\n<meta property=\"og:type\" content=\"article\" \/>\n<meta property=\"og:title\" content=\"Presentan primera edici\u00f3n de festival gastron\u00f3mico \u201cSabores\u201d de Yucat\u00e1n\" \/>\n<meta property=\"og:description\" content=\"Ser\u00e1 de 11 al 13 de noviembre previo al Latin America&#039;s 50 Best Restaurants que tendr\u00e1 como sede a M\u00e9rida.\" \/>\n<meta property=\"og:url\" content=\"https:\/\/reporteroshoy.mx\/noticias\/presentan-primera-edicion-de-festival-gastronomico-sabores-de-yucatan\/\" \/>\n<meta property=\"og:site_name\" content=\"Reporteros Hoy | Noticias de Yucat\u00e1n\" \/>\n<meta property=\"article:publisher\" content=\"http:\/\/www.facebook.com\/reporteroshoymx\" \/>\n<meta property=\"article:published_time\" content=\"2022-10-22T00:17:47+00:00\" \/>\n<meta property=\"og:image\" content=\"https:\/\/reporteroshoy.mx\/noticias\/wp-content\/uploads\/2022\/10\/sefotur_Michelle-Fridman-1-scaled.jpeg\" \/>\n\t<meta property=\"og:image:width\" content=\"768\" \/>\n\t<meta property=\"og:image:height\" content=\"601\" \/>\n\t<meta property=\"og:image:type\" content=\"image\/jpeg\" \/>\n<meta name=\"author\" content=\"Reporteros Hoy IM\" \/>\n<meta name=\"twitter:card\" content=\"summary_large_image\" \/>\n<meta name=\"twitter:creator\" content=\"@reporteroshoy\" \/>\n<meta name=\"twitter:site\" content=\"@reporteroshoy\" \/>\n<meta name=\"twitter:label1\" content=\"Escrito por\" \/>\n\t<meta name=\"twitter:data1\" content=\"Reporteros Hoy IM\" \/>\n\t<meta name=\"twitter:label2\" content=\"Tiempo de lectura\" \/>\n\t<meta name=\"twitter:data2\" content=\"3 minutos\" \/>\n<script type=\"application\/ld+json\" class=\"yoast-schema-graph\">{\"@context\":\"https:\\\/\\\/schema.org\",\"@graph\":[{\"@type\":\"Article\",\"@id\":\"https:\\\/\\\/reporteroshoy.mx\\\/noticias\\\/presentan-primera-edicion-de-festival-gastronomico-sabores-de-yucatan\\\/#article\",\"isPartOf\":{\"@id\":\"https:\\\/\\\/reporteroshoy.mx\\\/noticias\\\/presentan-primera-edicion-de-festival-gastronomico-sabores-de-yucatan\\\/\"},\"author\":{\"name\":\"Reporteros Hoy IM\",\"@id\":\"https:\\\/\\\/reporteroshoy.mx\\\/noticias\\\/#\\\/schema\\\/person\\\/948520f0d88b01be2e5266bc4acbbc15\"},\"headline\":\"Presentan primera edici\u00f3n de festival gastron\u00f3mico \u201cSabores\u201d de Yucat\u00e1n\",\"datePublished\":\"2022-10-22T00:17:47+00:00\",\"mainEntityOfPage\":{\"@id\":\"https:\\\/\\\/reporteroshoy.mx\\\/noticias\\\/presentan-primera-edicion-de-festival-gastronomico-sabores-de-yucatan\\\/\"},\"wordCount\":401,\"commentCount\":0,\"image\":{\"@id\":\"https:\\\/\\\/reporteroshoy.mx\\\/noticias\\\/presentan-primera-edicion-de-festival-gastronomico-sabores-de-yucatan\\\/#primaryimage\"},\"thumbnailUrl\":\"https:\\\/\\\/reporteroshoy.mx\\\/noticias\\\/wp-content\\\/uploads\\\/2022\\\/10\\\/sefotur_Michelle-Fridman-1-scaled.jpeg\",\"keywords\":[\"Festival gastron\u00f3mico\",\"Michelle Fridman\",\"Sefotur\"],\"articleSection\":[\"Gobierno\"],\"inLanguage\":\"es\",\"potentialAction\":[{\"@type\":\"CommentAction\",\"name\":\"Comment\",\"target\":[\"https:\\\/\\\/reporteroshoy.mx\\\/noticias\\\/presentan-primera-edicion-de-festival-gastronomico-sabores-de-yucatan\\\/#respond\"]}]},{\"@type\":\"WebPage\",\"@id\":\"https:\\\/\\\/reporteroshoy.mx\\\/noticias\\\/presentan-primera-edicion-de-festival-gastronomico-sabores-de-yucatan\\\/\",\"url\":\"https:\\\/\\\/reporteroshoy.mx\\\/noticias\\\/presentan-primera-edicion-de-festival-gastronomico-sabores-de-yucatan\\\/\",\"name\":\"Presentan primera edici\u00f3n de festival gastron\u00f3mico \u201cSabores\u201d de Yucat\u00e1n\",\"isPartOf\":{\"@id\":\"https:\\\/\\\/reporteroshoy.mx\\\/noticias\\\/#website\"},\"primaryImageOfPage\":{\"@id\":\"https:\\\/\\\/reporteroshoy.mx\\\/noticias\\\/presentan-primera-edicion-de-festival-gastronomico-sabores-de-yucatan\\\/#primaryimage\"},\"image\":{\"@id\":\"https:\\\/\\\/reporteroshoy.mx\\\/noticias\\\/presentan-primera-edicion-de-festival-gastronomico-sabores-de-yucatan\\\/#primaryimage\"},\"thumbnailUrl\":\"https:\\\/\\\/reporteroshoy.mx\\\/noticias\\\/wp-content\\\/uploads\\\/2022\\\/10\\\/sefotur_Michelle-Fridman-1-scaled.jpeg\",\"datePublished\":\"2022-10-22T00:17:47+00:00\",\"author\":{\"@id\":\"https:\\\/\\\/reporteroshoy.mx\\\/noticias\\\/#\\\/schema\\\/person\\\/948520f0d88b01be2e5266bc4acbbc15\"},\"description\":\"Ser\u00e1 de 11 al 13 de noviembre previo al Latin America's 50 Best Restaurants que tendr\u00e1 como sede a M\u00e9rida.\",\"breadcrumb\":{\"@id\":\"https:\\\/\\\/reporteroshoy.mx\\\/noticias\\\/presentan-primera-edicion-de-festival-gastronomico-sabores-de-yucatan\\\/#breadcrumb\"},\"inLanguage\":\"es\",\"potentialAction\":[{\"@type\":\"ReadAction\",\"target\":[\"https:\\\/\\\/reporteroshoy.mx\\\/noticias\\\/presentan-primera-edicion-de-festival-gastronomico-sabores-de-yucatan\\\/\"]}]},{\"@type\":\"ImageObject\",\"inLanguage\":\"es\",\"@id\":\"https:\\\/\\\/reporteroshoy.mx\\\/noticias\\\/presentan-primera-edicion-de-festival-gastronomico-sabores-de-yucatan\\\/#primaryimage\",\"url\":\"https:\\\/\\\/reporteroshoy.mx\\\/noticias\\\/wp-content\\\/uploads\\\/2022\\\/10\\\/sefotur_Michelle-Fridman-1-scaled.jpeg\",\"contentUrl\":\"https:\\\/\\\/reporteroshoy.mx\\\/noticias\\\/wp-content\\\/uploads\\\/2022\\\/10\\\/sefotur_Michelle-Fridman-1-scaled.jpeg\",\"width\":768,\"height\":601},{\"@type\":\"BreadcrumbList\",\"@id\":\"https:\\\/\\\/reporteroshoy.mx\\\/noticias\\\/presentan-primera-edicion-de-festival-gastronomico-sabores-de-yucatan\\\/#breadcrumb\",\"itemListElement\":[{\"@type\":\"ListItem\",\"position\":1,\"name\":\"Portada\",\"item\":\"https:\\\/\\\/reporteroshoy.mx\\\/noticias\\\/\"},{\"@type\":\"ListItem\",\"position\":2,\"name\":\"Presentan primera edici\u00f3n de festival gastron\u00f3mico \u201cSabores\u201d de Yucat\u00e1n\"}]},{\"@type\":\"WebSite\",\"@id\":\"https:\\\/\\\/reporteroshoy.mx\\\/noticias\\\/#website\",\"url\":\"https:\\\/\\\/reporteroshoy.mx\\\/noticias\\\/\",\"name\":\"Reporteros Hoy | Noticias de Yucat\u00e1n\",\"description\":\"Peri\u00f3dico digital con noticias diarias desde M\u00e9rida, Yucat\u00e1n para el mundo.\",\"potentialAction\":[{\"@type\":\"SearchAction\",\"target\":{\"@type\":\"EntryPoint\",\"urlTemplate\":\"https:\\\/\\\/reporteroshoy.mx\\\/noticias\\\/?s={search_term_string}\"},\"query-input\":{\"@type\":\"PropertyValueSpecification\",\"valueRequired\":true,\"valueName\":\"search_term_string\"}}],\"inLanguage\":\"es\"},{\"@type\":\"Person\",\"@id\":\"https:\\\/\\\/reporteroshoy.mx\\\/noticias\\\/#\\\/schema\\\/person\\\/948520f0d88b01be2e5266bc4acbbc15\",\"name\":\"Reporteros Hoy IM\",\"image\":{\"@type\":\"ImageObject\",\"inLanguage\":\"es\",\"@id\":\"https:\\\/\\\/secure.gravatar.com\\\/avatar\\\/d843030b96552826ac048bdfe26f2895604b800ed0c880ee55765a74d95dfc65?s=96&d=mm&r=g\",\"url\":\"https:\\\/\\\/secure.gravatar.com\\\/avatar\\\/d843030b96552826ac048bdfe26f2895604b800ed0c880ee55765a74d95dfc65?s=96&d=mm&r=g\",\"contentUrl\":\"https:\\\/\\\/secure.gravatar.com\\\/avatar\\\/d843030b96552826ac048bdfe26f2895604b800ed0c880ee55765a74d95dfc65?s=96&d=mm&r=g\",\"caption\":\"Reporteros Hoy IM\"},\"url\":\"https:\\\/\\\/reporteroshoy.mx\\\/noticias\\\/author\\\/israel\\\/\"}]}<\/script>\n<!-- \/ Yoast SEO plugin. -->","yoast_head_json":{"title":"Presentan primera edici\u00f3n de festival gastron\u00f3mico \u201cSabores\u201d de Yucat\u00e1n","description":"Ser\u00e1 de 11 al 13 de noviembre previo al Latin America's 50 Best Restaurants que tendr\u00e1 como sede a M\u00e9rida.","robots":{"index":"index","follow":"follow","max-snippet":"max-snippet:-1","max-image-preview":"max-image-preview:large","max-video-preview":"max-video-preview:-1"},"canonical":"https:\/\/reporteroshoy.mx\/noticias\/presentan-primera-edicion-de-festival-gastronomico-sabores-de-yucatan\/","og_locale":"es_ES","og_type":"article","og_title":"Presentan primera edici\u00f3n de festival gastron\u00f3mico \u201cSabores\u201d de Yucat\u00e1n","og_description":"Ser\u00e1 de 11 al 13 de noviembre previo al Latin America's 50 Best Restaurants que tendr\u00e1 como sede a M\u00e9rida.","og_url":"https:\/\/reporteroshoy.mx\/noticias\/presentan-primera-edicion-de-festival-gastronomico-sabores-de-yucatan\/","og_site_name":"Reporteros Hoy | Noticias de Yucat\u00e1n","article_publisher":"http:\/\/www.facebook.com\/reporteroshoymx","article_published_time":"2022-10-22T00:17:47+00:00","og_image":[{"width":768,"height":601,"url":"https:\/\/reporteroshoy.mx\/noticias\/wp-content\/uploads\/2022\/10\/sefotur_Michelle-Fridman-1-scaled.jpeg","type":"image\/jpeg"}],"author":"Reporteros Hoy IM","twitter_card":"summary_large_image","twitter_creator":"@reporteroshoy","twitter_site":"@reporteroshoy","twitter_misc":{"Escrito por":"Reporteros Hoy IM","Tiempo de lectura":"3 minutos"},"schema":{"@context":"https:\/\/schema.org","@graph":[{"@type":"Article","@id":"https:\/\/reporteroshoy.mx\/noticias\/presentan-primera-edicion-de-festival-gastronomico-sabores-de-yucatan\/#article","isPartOf":{"@id":"https:\/\/reporteroshoy.mx\/noticias\/presentan-primera-edicion-de-festival-gastronomico-sabores-de-yucatan\/"},"author":{"name":"Reporteros Hoy IM","@id":"https:\/\/reporteroshoy.mx\/noticias\/#\/schema\/person\/948520f0d88b01be2e5266bc4acbbc15"},"headline":"Presentan primera edici\u00f3n de festival gastron\u00f3mico \u201cSabores\u201d de Yucat\u00e1n","datePublished":"2022-10-22T00:17:47+00:00","mainEntityOfPage":{"@id":"https:\/\/reporteroshoy.mx\/noticias\/presentan-primera-edicion-de-festival-gastronomico-sabores-de-yucatan\/"},"wordCount":401,"commentCount":0,"image":{"@id":"https:\/\/reporteroshoy.mx\/noticias\/presentan-primera-edicion-de-festival-gastronomico-sabores-de-yucatan\/#primaryimage"},"thumbnailUrl":"https:\/\/reporteroshoy.mx\/noticias\/wp-content\/uploads\/2022\/10\/sefotur_Michelle-Fridman-1-scaled.jpeg","keywords":["Festival gastron\u00f3mico","Michelle Fridman","Sefotur"],"articleSection":["Gobierno"],"inLanguage":"es","potentialAction":[{"@type":"CommentAction","name":"Comment","target":["https:\/\/reporteroshoy.mx\/noticias\/presentan-primera-edicion-de-festival-gastronomico-sabores-de-yucatan\/#respond"]}]},{"@type":"WebPage","@id":"https:\/\/reporteroshoy.mx\/noticias\/presentan-primera-edicion-de-festival-gastronomico-sabores-de-yucatan\/","url":"https:\/\/reporteroshoy.mx\/noticias\/presentan-primera-edicion-de-festival-gastronomico-sabores-de-yucatan\/","name":"Presentan primera edici\u00f3n de festival gastron\u00f3mico \u201cSabores\u201d de Yucat\u00e1n","isPartOf":{"@id":"https:\/\/reporteroshoy.mx\/noticias\/#website"},"primaryImageOfPage":{"@id":"https:\/\/reporteroshoy.mx\/noticias\/presentan-primera-edicion-de-festival-gastronomico-sabores-de-yucatan\/#primaryimage"},"image":{"@id":"https:\/\/reporteroshoy.mx\/noticias\/presentan-primera-edicion-de-festival-gastronomico-sabores-de-yucatan\/#primaryimage"},"thumbnailUrl":"https:\/\/reporteroshoy.mx\/noticias\/wp-content\/uploads\/2022\/10\/sefotur_Michelle-Fridman-1-scaled.jpeg","datePublished":"2022-10-22T00:17:47+00:00","author":{"@id":"https:\/\/reporteroshoy.mx\/noticias\/#\/schema\/person\/948520f0d88b01be2e5266bc4acbbc15"},"description":"Ser\u00e1 de 11 al 13 de noviembre previo al Latin America's 50 Best Restaurants que tendr\u00e1 como sede a M\u00e9rida.","breadcrumb":{"@id":"https:\/\/reporteroshoy.mx\/noticias\/presentan-primera-edicion-de-festival-gastronomico-sabores-de-yucatan\/#breadcrumb"},"inLanguage":"es","potentialAction":[{"@type":"ReadAction","target":["https:\/\/reporteroshoy.mx\/noticias\/presentan-primera-edicion-de-festival-gastronomico-sabores-de-yucatan\/"]}]},{"@type":"ImageObject","inLanguage":"es","@id":"https:\/\/reporteroshoy.mx\/noticias\/presentan-primera-edicion-de-festival-gastronomico-sabores-de-yucatan\/#primaryimage","url":"https:\/\/reporteroshoy.mx\/noticias\/wp-content\/uploads\/2022\/10\/sefotur_Michelle-Fridman-1-scaled.jpeg","contentUrl":"https:\/\/reporteroshoy.mx\/noticias\/wp-content\/uploads\/2022\/10\/sefotur_Michelle-Fridman-1-scaled.jpeg","width":768,"height":601},{"@type":"BreadcrumbList","@id":"https:\/\/reporteroshoy.mx\/noticias\/presentan-primera-edicion-de-festival-gastronomico-sabores-de-yucatan\/#breadcrumb","itemListElement":[{"@type":"ListItem","position":1,"name":"Portada","item":"https:\/\/reporteroshoy.mx\/noticias\/"},{"@type":"ListItem","position":2,"name":"Presentan primera edici\u00f3n de festival gastron\u00f3mico \u201cSabores\u201d de Yucat\u00e1n"}]},{"@type":"WebSite","@id":"https:\/\/reporteroshoy.mx\/noticias\/#website","url":"https:\/\/reporteroshoy.mx\/noticias\/","name":"Reporteros Hoy | Noticias de Yucat\u00e1n","description":"Peri\u00f3dico digital con noticias diarias desde M\u00e9rida, Yucat\u00e1n para el mundo.","potentialAction":[{"@type":"SearchAction","target":{"@type":"EntryPoint","urlTemplate":"https:\/\/reporteroshoy.mx\/noticias\/?s={search_term_string}"},"query-input":{"@type":"PropertyValueSpecification","valueRequired":true,"valueName":"search_term_string"}}],"inLanguage":"es"},{"@type":"Person","@id":"https:\/\/reporteroshoy.mx\/noticias\/#\/schema\/person\/948520f0d88b01be2e5266bc4acbbc15","name":"Reporteros Hoy IM","image":{"@type":"ImageObject","inLanguage":"es","@id":"https:\/\/secure.gravatar.com\/avatar\/d843030b96552826ac048bdfe26f2895604b800ed0c880ee55765a74d95dfc65?s=96&d=mm&r=g","url":"https:\/\/secure.gravatar.com\/avatar\/d843030b96552826ac048bdfe26f2895604b800ed0c880ee55765a74d95dfc65?s=96&d=mm&r=g","contentUrl":"https:\/\/secure.gravatar.com\/avatar\/d843030b96552826ac048bdfe26f2895604b800ed0c880ee55765a74d95dfc65?s=96&d=mm&r=g","caption":"Reporteros Hoy IM"},"url":"https:\/\/reporteroshoy.mx\/noticias\/author\/israel\/"}]}},"_links":{"self":[{"href":"https:\/\/reporteroshoy.mx\/noticias\/wp-json\/wp\/v2\/posts\/93754","targetHints":{"allow":["GET"]}}],"collection":[{"href":"https:\/\/reporteroshoy.mx\/noticias\/wp-json\/wp\/v2\/posts"}],"about":[{"href":"https:\/\/reporteroshoy.mx\/noticias\/wp-json\/wp\/v2\/types\/post"}],"author":[{"embeddable":true,"href":"https:\/\/reporteroshoy.mx\/noticias\/wp-json\/wp\/v2\/users\/5"}],"replies":[{"embeddable":true,"href":"https:\/\/reporteroshoy.mx\/noticias\/wp-json\/wp\/v2\/comments?post=93754"}],"version-history":[{"count":0,"href":"https:\/\/reporteroshoy.mx\/noticias\/wp-json\/wp\/v2\/posts\/93754\/revisions"}],"wp:featuredmedia":[{"embeddable":true,"href":"https:\/\/reporteroshoy.mx\/noticias\/wp-json\/wp\/v2\/media\/93753"}],"wp:attachment":[{"href":"https:\/\/reporteroshoy.mx\/noticias\/wp-json\/wp\/v2\/media?parent=93754"}],"wp:term":[{"taxonomy":"category","embeddable":true,"href":"https:\/\/reporteroshoy.mx\/noticias\/wp-json\/wp\/v2\/categories?post=93754"},{"taxonomy":"post_tag","embeddable":true,"href":"https:\/\/reporteroshoy.mx\/noticias\/wp-json\/wp\/v2\/tags?post=93754"}],"curies":[{"name":"wp","href":"https:\/\/api.w.org\/{rel}","templated":true}]}}