{"id":93882,"date":"2022-10-24T21:29:13","date_gmt":"2022-10-25T02:29:13","guid":{"rendered":"https:\/\/reporteroshoy.mx\/noticias\/?p=93882"},"modified":"2022-10-24T21:29:13","modified_gmt":"2022-10-25T02:29:13","slug":"arranca-el-festival-de-las-animas-en-merida","status":"publish","type":"post","link":"https:\/\/reporteroshoy.mx\/noticias\/arranca-el-festival-de-las-animas-en-merida\/","title":{"rendered":"Arranca el Festival de las \u00c1nimas en M\u00e9rida"},"content":{"rendered":"<p style=\"text-align: justify;\">M\u00e9rida, Yucat\u00e1n a 24 de octubre de 2022.- En el marco de la conmemoraci\u00f3n del Hanal Pix\u00e1n (Fieles Difuntos), el Alcalde Ren\u00e1n Barrera Concha inaugur\u00f3 el Festival de Las \u00c1nimas 2022, que rinde homenaje a los seres queridos, refuerza nuestras tradiciones y costumbres que nutren nuestra identidad cultural.<\/p>\n<p style=\"text-align: justify;\">En el evento que se realiz\u00f3 en la explanada de la Plaza Grande, el Presidente Municipal encabez\u00f3 el inicio de las actividades art\u00edsticas y culturales programadas dentro de la cartelera de eventos que se har\u00e1n del 24 de octubre al 2 de noviembre y entre las que destaca el tradicional Paseo de la \u00c1nimas, \u00e9ste \u00faltimo a celebrar el viernes 28 de octubre.<\/p>\n<p style=\"text-align: justify;\">Ante una nutrida asistencia, Barrera Concha subray\u00f3 que el \u201cPaseo de las \u00c1nimas\u201d preserva y fomenta las tradiciones m\u00e1s arraigadas de nuestra cultura, al tiempo que promueve nuevas formas de convivencia, consolida nuestro tejido social e impulsa a la ciudad desde una perspectiva econ\u00f3mica y tur\u00edstica.<\/p>\n<p><img loading=\"lazy\" decoding=\"async\" class=\" wp-image-93892 aligncenter\" src=\"https:\/\/reporteroshoy.mx\/noticias\/wp-content\/uploads\/2022\/10\/Festival-de-las-Animas-2022-10-24-at-8.57.15-PM-scaled.jpeg\" alt=\"\" width=\"630\" height=\"420\" \/><\/p>\n<p style=\"text-align: justify;\">Acompa\u00f1ado de la joven escultista Ana Patricia Bates Paredes, Presidenta Municipal por un d\u00eda; Mar\u00eda Jos\u00e9 C\u00e1ceres Delgado, directora de Desarrollo Social; Irving Berl\u00edn Villafa\u00f1a, director de Cultura, y Alice Patr\u00f3n Correa, regidora presidenta de la Comisi\u00f3n de Cultura, el Mun\u00edcipe tambi\u00e9n inaugur\u00f3 la muestra fotogr\u00e1fica U jaanal Pixano\u2019ob (celebraci\u00f3n de los difuntos), del fot\u00f3grafo Alejandro Poot Molina mejor conocido como \u201cChel\u00f3n\u201d, quien agradeci\u00f3 la presencia del alcalde en este inicio de actividades.<\/p>\n<p style=\"text-align: justify;\">La exposici\u00f3n incluye 24 obras fotogr\u00e1ficas a gran formato de eventos paranormales narrados por sepultureros, en las que se transmite parte de la cultura yucateca y una visi\u00f3n de M\u00e9rida vista desde la antig\u00fcedad.<\/p>\n<p style=\"text-align: justify;\">Dichas obras est\u00e1n disponibles en la p\u00e1gina oficial del Ayuntamiento de M\u00e9rida www.merida.gob.mx\/animas desde donde se podr\u00e1n descargar para ser usadas como salvapantallas de dispositivos m\u00f3viles y tener un recuerdo de esta obra. En esa misma liga, se podr\u00e1 conocer la cartelera completa de los horarios y sedes de todos los eventos culturales, art\u00edsticos y tur\u00edsticos que ser\u00e1n 100 por ciento presenciales.<\/p>\n<p>&nbsp;<\/p>\n","protected":false},"excerpt":{"rendered":"<p>La cartelera de eventos inicia hoy 24 de octubre al 2 de noviembre y entre las que destaca el tradicional Paseo de la \u00c1nimas, \u00e9ste \u00faltimo el viernes 28 de octubre.<\/p>\n","protected":false},"author":6,"featured_media":93892,"comment_status":"open","ping_status":"closed","sticky":false,"template":"","format":"standard","meta":{"footnotes":""},"categories":[7],"tags":[7075,7330,51],"class_list":["post-93882","post","type-post","status-publish","format-standard","has-post-thumbnail","hentry","category-gobierno","tag-festival-de-las-animas","tag-hanal-pixan","tag-merida"],"yoast_head":"<!-- This site is optimized with the Yoast SEO plugin v28.4 - https:\/\/yoast.com\/product\/yoast-seo-wordpress\/ -->\n<title>Arranca el Festival de las \u00c1nimas en M\u00e9rida<\/title>\n<meta name=\"description\" content=\"La cartelera de eventos inicia hoy 24 de octubre al 2 de noviembre y entre las que destaca el tradicional Paseo de la \u00c1nimas, \u00e9ste \u00faltimo el viernes 28 de octubre.\" \/>\n<meta name=\"robots\" content=\"index, follow, max-snippet:-1, max-image-preview:large, max-video-preview:-1\" \/>\n<link rel=\"canonical\" href=\"https:\/\/reporteroshoy.mx\/noticias\/arranca-el-festival-de-las-animas-en-merida\/\" \/>\n<meta property=\"og:locale\" content=\"es_ES\" \/>\n<meta property=\"og:type\" content=\"article\" \/>\n<meta property=\"og:title\" content=\"Arranca el Festival de las \u00c1nimas en M\u00e9rida\" \/>\n<meta property=\"og:description\" content=\"La cartelera de eventos inicia hoy 24 de octubre al 2 de noviembre y entre las que destaca el tradicional Paseo de la \u00c1nimas, \u00e9ste \u00faltimo el viernes 28 de octubre.\" \/>\n<meta property=\"og:url\" content=\"https:\/\/reporteroshoy.mx\/noticias\/arranca-el-festival-de-las-animas-en-merida\/\" \/>\n<meta property=\"og:site_name\" content=\"Reporteros Hoy | Noticias de Yucat\u00e1n\" \/>\n<meta property=\"article:publisher\" content=\"http:\/\/www.facebook.com\/reporteroshoymx\" \/>\n<meta property=\"article:published_time\" content=\"2022-10-25T02:29:13+00:00\" \/>\n<meta property=\"og:image\" content=\"https:\/\/reporteroshoy.mx\/noticias\/wp-content\/uploads\/2022\/10\/Festival-de-las-Animas-2022-10-24-at-8.57.15-PM-scaled.jpeg\" \/>\n\t<meta property=\"og:image:width\" content=\"768\" \/>\n\t<meta property=\"og:image:height\" content=\"512\" \/>\n\t<meta property=\"og:image:type\" content=\"image\/jpeg\" \/>\n<meta name=\"author\" content=\"Reporteros Hoy GS\" \/>\n<meta name=\"twitter:card\" content=\"summary_large_image\" \/>\n<meta name=\"twitter:creator\" content=\"@reporteroshoy\" \/>\n<meta name=\"twitter:site\" content=\"@reporteroshoy\" \/>\n<meta name=\"twitter:label1\" content=\"Escrito por\" \/>\n\t<meta name=\"twitter:data1\" content=\"Reporteros Hoy GS\" \/>\n\t<meta name=\"twitter:label2\" content=\"Tiempo de lectura\" \/>\n\t<meta name=\"twitter:data2\" content=\"2 minutos\" \/>\n<script type=\"application\/ld+json\" class=\"yoast-schema-graph\">{\"@context\":\"https:\\\/\\\/schema.org\",\"@graph\":[{\"@type\":\"Article\",\"@id\":\"https:\\\/\\\/reporteroshoy.mx\\\/noticias\\\/arranca-el-festival-de-las-animas-en-merida\\\/#article\",\"isPartOf\":{\"@id\":\"https:\\\/\\\/reporteroshoy.mx\\\/noticias\\\/arranca-el-festival-de-las-animas-en-merida\\\/\"},\"author\":{\"name\":\"Reporteros Hoy GS\",\"@id\":\"https:\\\/\\\/reporteroshoy.mx\\\/noticias\\\/#\\\/schema\\\/person\\\/49ae631fc906b44554e4ba3866c505d7\"},\"headline\":\"Arranca el Festival de las \u00c1nimas en M\u00e9rida\",\"datePublished\":\"2022-10-25T02:29:13+00:00\",\"mainEntityOfPage\":{\"@id\":\"https:\\\/\\\/reporteroshoy.mx\\\/noticias\\\/arranca-el-festival-de-las-animas-en-merida\\\/\"},\"wordCount\":371,\"commentCount\":0,\"image\":{\"@id\":\"https:\\\/\\\/reporteroshoy.mx\\\/noticias\\\/arranca-el-festival-de-las-animas-en-merida\\\/#primaryimage\"},\"thumbnailUrl\":\"https:\\\/\\\/reporteroshoy.mx\\\/noticias\\\/wp-content\\\/uploads\\\/2022\\\/10\\\/Festival-de-las-Animas-2022-10-24-at-8.57.15-PM-scaled.jpeg\",\"keywords\":[\"Festival de las \u00c1nimas\",\"Hanal Pix\u00e1n\",\"M\u00e9rida\"],\"articleSection\":[\"Gobierno\"],\"inLanguage\":\"es\",\"potentialAction\":[{\"@type\":\"CommentAction\",\"name\":\"Comment\",\"target\":[\"https:\\\/\\\/reporteroshoy.mx\\\/noticias\\\/arranca-el-festival-de-las-animas-en-merida\\\/#respond\"]}]},{\"@type\":\"WebPage\",\"@id\":\"https:\\\/\\\/reporteroshoy.mx\\\/noticias\\\/arranca-el-festival-de-las-animas-en-merida\\\/\",\"url\":\"https:\\\/\\\/reporteroshoy.mx\\\/noticias\\\/arranca-el-festival-de-las-animas-en-merida\\\/\",\"name\":\"Arranca el Festival de las \u00c1nimas en M\u00e9rida\",\"isPartOf\":{\"@id\":\"https:\\\/\\\/reporteroshoy.mx\\\/noticias\\\/#website\"},\"primaryImageOfPage\":{\"@id\":\"https:\\\/\\\/reporteroshoy.mx\\\/noticias\\\/arranca-el-festival-de-las-animas-en-merida\\\/#primaryimage\"},\"image\":{\"@id\":\"https:\\\/\\\/reporteroshoy.mx\\\/noticias\\\/arranca-el-festival-de-las-animas-en-merida\\\/#primaryimage\"},\"thumbnailUrl\":\"https:\\\/\\\/reporteroshoy.mx\\\/noticias\\\/wp-content\\\/uploads\\\/2022\\\/10\\\/Festival-de-las-Animas-2022-10-24-at-8.57.15-PM-scaled.jpeg\",\"datePublished\":\"2022-10-25T02:29:13+00:00\",\"author\":{\"@id\":\"https:\\\/\\\/reporteroshoy.mx\\\/noticias\\\/#\\\/schema\\\/person\\\/49ae631fc906b44554e4ba3866c505d7\"},\"description\":\"La cartelera de eventos inicia hoy 24 de octubre al 2 de noviembre y entre las que destaca el tradicional Paseo de la \u00c1nimas, \u00e9ste \u00faltimo el viernes 28 de octubre.\",\"breadcrumb\":{\"@id\":\"https:\\\/\\\/reporteroshoy.mx\\\/noticias\\\/arranca-el-festival-de-las-animas-en-merida\\\/#breadcrumb\"},\"inLanguage\":\"es\",\"potentialAction\":[{\"@type\":\"ReadAction\",\"target\":[\"https:\\\/\\\/reporteroshoy.mx\\\/noticias\\\/arranca-el-festival-de-las-animas-en-merida\\\/\"]}]},{\"@type\":\"ImageObject\",\"inLanguage\":\"es\",\"@id\":\"https:\\\/\\\/reporteroshoy.mx\\\/noticias\\\/arranca-el-festival-de-las-animas-en-merida\\\/#primaryimage\",\"url\":\"https:\\\/\\\/reporteroshoy.mx\\\/noticias\\\/wp-content\\\/uploads\\\/2022\\\/10\\\/Festival-de-las-Animas-2022-10-24-at-8.57.15-PM-scaled.jpeg\",\"contentUrl\":\"https:\\\/\\\/reporteroshoy.mx\\\/noticias\\\/wp-content\\\/uploads\\\/2022\\\/10\\\/Festival-de-las-Animas-2022-10-24-at-8.57.15-PM-scaled.jpeg\",\"width\":768,\"height\":512},{\"@type\":\"BreadcrumbList\",\"@id\":\"https:\\\/\\\/reporteroshoy.mx\\\/noticias\\\/arranca-el-festival-de-las-animas-en-merida\\\/#breadcrumb\",\"itemListElement\":[{\"@type\":\"ListItem\",\"position\":1,\"name\":\"Portada\",\"item\":\"https:\\\/\\\/reporteroshoy.mx\\\/noticias\\\/\"},{\"@type\":\"ListItem\",\"position\":2,\"name\":\"Arranca el Festival de las \u00c1nimas en M\u00e9rida\"}]},{\"@type\":\"WebSite\",\"@id\":\"https:\\\/\\\/reporteroshoy.mx\\\/noticias\\\/#website\",\"url\":\"https:\\\/\\\/reporteroshoy.mx\\\/noticias\\\/\",\"name\":\"Reporteros Hoy | Noticias de Yucat\u00e1n\",\"description\":\"Peri\u00f3dico digital con noticias diarias desde M\u00e9rida, Yucat\u00e1n para el mundo.\",\"potentialAction\":[{\"@type\":\"SearchAction\",\"target\":{\"@type\":\"EntryPoint\",\"urlTemplate\":\"https:\\\/\\\/reporteroshoy.mx\\\/noticias\\\/?s={search_term_string}\"},\"query-input\":{\"@type\":\"PropertyValueSpecification\",\"valueRequired\":true,\"valueName\":\"search_term_string\"}}],\"inLanguage\":\"es\"},{\"@type\":\"Person\",\"@id\":\"https:\\\/\\\/reporteroshoy.mx\\\/noticias\\\/#\\\/schema\\\/person\\\/49ae631fc906b44554e4ba3866c505d7\",\"name\":\"Reporteros Hoy GS\",\"image\":{\"@type\":\"ImageObject\",\"inLanguage\":\"es\",\"@id\":\"https:\\\/\\\/secure.gravatar.com\\\/avatar\\\/00d32adb620345c3db2cfc175917f65c584e1e338fdc49ad126aa1f9830eb6a9?s=96&d=mm&r=g\",\"url\":\"https:\\\/\\\/secure.gravatar.com\\\/avatar\\\/00d32adb620345c3db2cfc175917f65c584e1e338fdc49ad126aa1f9830eb6a9?s=96&d=mm&r=g\",\"contentUrl\":\"https:\\\/\\\/secure.gravatar.com\\\/avatar\\\/00d32adb620345c3db2cfc175917f65c584e1e338fdc49ad126aa1f9830eb6a9?s=96&d=mm&r=g\",\"caption\":\"Reporteros Hoy GS\"},\"url\":\"https:\\\/\\\/reporteroshoy.mx\\\/noticias\\\/author\\\/lupis\\\/\"}]}<\/script>\n<!-- \/ Yoast SEO plugin. -->","yoast_head_json":{"title":"Arranca el Festival de las \u00c1nimas en M\u00e9rida","description":"La cartelera de eventos inicia hoy 24 de octubre al 2 de noviembre y entre las que destaca el tradicional Paseo de la \u00c1nimas, \u00e9ste \u00faltimo el viernes 28 de octubre.","robots":{"index":"index","follow":"follow","max-snippet":"max-snippet:-1","max-image-preview":"max-image-preview:large","max-video-preview":"max-video-preview:-1"},"canonical":"https:\/\/reporteroshoy.mx\/noticias\/arranca-el-festival-de-las-animas-en-merida\/","og_locale":"es_ES","og_type":"article","og_title":"Arranca el Festival de las \u00c1nimas en M\u00e9rida","og_description":"La cartelera de eventos inicia hoy 24 de octubre al 2 de noviembre y entre las que destaca el tradicional Paseo de la \u00c1nimas, \u00e9ste \u00faltimo el viernes 28 de octubre.","og_url":"https:\/\/reporteroshoy.mx\/noticias\/arranca-el-festival-de-las-animas-en-merida\/","og_site_name":"Reporteros Hoy | Noticias de Yucat\u00e1n","article_publisher":"http:\/\/www.facebook.com\/reporteroshoymx","article_published_time":"2022-10-25T02:29:13+00:00","og_image":[{"width":768,"height":512,"url":"https:\/\/reporteroshoy.mx\/noticias\/wp-content\/uploads\/2022\/10\/Festival-de-las-Animas-2022-10-24-at-8.57.15-PM-scaled.jpeg","type":"image\/jpeg"}],"author":"Reporteros Hoy GS","twitter_card":"summary_large_image","twitter_creator":"@reporteroshoy","twitter_site":"@reporteroshoy","twitter_misc":{"Escrito por":"Reporteros Hoy GS","Tiempo de lectura":"2 minutos"},"schema":{"@context":"https:\/\/schema.org","@graph":[{"@type":"Article","@id":"https:\/\/reporteroshoy.mx\/noticias\/arranca-el-festival-de-las-animas-en-merida\/#article","isPartOf":{"@id":"https:\/\/reporteroshoy.mx\/noticias\/arranca-el-festival-de-las-animas-en-merida\/"},"author":{"name":"Reporteros Hoy GS","@id":"https:\/\/reporteroshoy.mx\/noticias\/#\/schema\/person\/49ae631fc906b44554e4ba3866c505d7"},"headline":"Arranca el Festival de las \u00c1nimas en M\u00e9rida","datePublished":"2022-10-25T02:29:13+00:00","mainEntityOfPage":{"@id":"https:\/\/reporteroshoy.mx\/noticias\/arranca-el-festival-de-las-animas-en-merida\/"},"wordCount":371,"commentCount":0,"image":{"@id":"https:\/\/reporteroshoy.mx\/noticias\/arranca-el-festival-de-las-animas-en-merida\/#primaryimage"},"thumbnailUrl":"https:\/\/reporteroshoy.mx\/noticias\/wp-content\/uploads\/2022\/10\/Festival-de-las-Animas-2022-10-24-at-8.57.15-PM-scaled.jpeg","keywords":["Festival de las \u00c1nimas","Hanal Pix\u00e1n","M\u00e9rida"],"articleSection":["Gobierno"],"inLanguage":"es","potentialAction":[{"@type":"CommentAction","name":"Comment","target":["https:\/\/reporteroshoy.mx\/noticias\/arranca-el-festival-de-las-animas-en-merida\/#respond"]}]},{"@type":"WebPage","@id":"https:\/\/reporteroshoy.mx\/noticias\/arranca-el-festival-de-las-animas-en-merida\/","url":"https:\/\/reporteroshoy.mx\/noticias\/arranca-el-festival-de-las-animas-en-merida\/","name":"Arranca el Festival de las \u00c1nimas en M\u00e9rida","isPartOf":{"@id":"https:\/\/reporteroshoy.mx\/noticias\/#website"},"primaryImageOfPage":{"@id":"https:\/\/reporteroshoy.mx\/noticias\/arranca-el-festival-de-las-animas-en-merida\/#primaryimage"},"image":{"@id":"https:\/\/reporteroshoy.mx\/noticias\/arranca-el-festival-de-las-animas-en-merida\/#primaryimage"},"thumbnailUrl":"https:\/\/reporteroshoy.mx\/noticias\/wp-content\/uploads\/2022\/10\/Festival-de-las-Animas-2022-10-24-at-8.57.15-PM-scaled.jpeg","datePublished":"2022-10-25T02:29:13+00:00","author":{"@id":"https:\/\/reporteroshoy.mx\/noticias\/#\/schema\/person\/49ae631fc906b44554e4ba3866c505d7"},"description":"La cartelera de eventos inicia hoy 24 de octubre al 2 de noviembre y entre las que destaca el tradicional Paseo de la \u00c1nimas, \u00e9ste \u00faltimo el viernes 28 de octubre.","breadcrumb":{"@id":"https:\/\/reporteroshoy.mx\/noticias\/arranca-el-festival-de-las-animas-en-merida\/#breadcrumb"},"inLanguage":"es","potentialAction":[{"@type":"ReadAction","target":["https:\/\/reporteroshoy.mx\/noticias\/arranca-el-festival-de-las-animas-en-merida\/"]}]},{"@type":"ImageObject","inLanguage":"es","@id":"https:\/\/reporteroshoy.mx\/noticias\/arranca-el-festival-de-las-animas-en-merida\/#primaryimage","url":"https:\/\/reporteroshoy.mx\/noticias\/wp-content\/uploads\/2022\/10\/Festival-de-las-Animas-2022-10-24-at-8.57.15-PM-scaled.jpeg","contentUrl":"https:\/\/reporteroshoy.mx\/noticias\/wp-content\/uploads\/2022\/10\/Festival-de-las-Animas-2022-10-24-at-8.57.15-PM-scaled.jpeg","width":768,"height":512},{"@type":"BreadcrumbList","@id":"https:\/\/reporteroshoy.mx\/noticias\/arranca-el-festival-de-las-animas-en-merida\/#breadcrumb","itemListElement":[{"@type":"ListItem","position":1,"name":"Portada","item":"https:\/\/reporteroshoy.mx\/noticias\/"},{"@type":"ListItem","position":2,"name":"Arranca el Festival de las \u00c1nimas en M\u00e9rida"}]},{"@type":"WebSite","@id":"https:\/\/reporteroshoy.mx\/noticias\/#website","url":"https:\/\/reporteroshoy.mx\/noticias\/","name":"Reporteros Hoy | Noticias de Yucat\u00e1n","description":"Peri\u00f3dico digital con noticias diarias desde M\u00e9rida, Yucat\u00e1n para el mundo.","potentialAction":[{"@type":"SearchAction","target":{"@type":"EntryPoint","urlTemplate":"https:\/\/reporteroshoy.mx\/noticias\/?s={search_term_string}"},"query-input":{"@type":"PropertyValueSpecification","valueRequired":true,"valueName":"search_term_string"}}],"inLanguage":"es"},{"@type":"Person","@id":"https:\/\/reporteroshoy.mx\/noticias\/#\/schema\/person\/49ae631fc906b44554e4ba3866c505d7","name":"Reporteros Hoy GS","image":{"@type":"ImageObject","inLanguage":"es","@id":"https:\/\/secure.gravatar.com\/avatar\/00d32adb620345c3db2cfc175917f65c584e1e338fdc49ad126aa1f9830eb6a9?s=96&d=mm&r=g","url":"https:\/\/secure.gravatar.com\/avatar\/00d32adb620345c3db2cfc175917f65c584e1e338fdc49ad126aa1f9830eb6a9?s=96&d=mm&r=g","contentUrl":"https:\/\/secure.gravatar.com\/avatar\/00d32adb620345c3db2cfc175917f65c584e1e338fdc49ad126aa1f9830eb6a9?s=96&d=mm&r=g","caption":"Reporteros Hoy GS"},"url":"https:\/\/reporteroshoy.mx\/noticias\/author\/lupis\/"}]}},"_links":{"self":[{"href":"https:\/\/reporteroshoy.mx\/noticias\/wp-json\/wp\/v2\/posts\/93882","targetHints":{"allow":["GET"]}}],"collection":[{"href":"https:\/\/reporteroshoy.mx\/noticias\/wp-json\/wp\/v2\/posts"}],"about":[{"href":"https:\/\/reporteroshoy.mx\/noticias\/wp-json\/wp\/v2\/types\/post"}],"author":[{"embeddable":true,"href":"https:\/\/reporteroshoy.mx\/noticias\/wp-json\/wp\/v2\/users\/6"}],"replies":[{"embeddable":true,"href":"https:\/\/reporteroshoy.mx\/noticias\/wp-json\/wp\/v2\/comments?post=93882"}],"version-history":[{"count":0,"href":"https:\/\/reporteroshoy.mx\/noticias\/wp-json\/wp\/v2\/posts\/93882\/revisions"}],"wp:featuredmedia":[{"embeddable":true,"href":"https:\/\/reporteroshoy.mx\/noticias\/wp-json\/wp\/v2\/media\/93892"}],"wp:attachment":[{"href":"https:\/\/reporteroshoy.mx\/noticias\/wp-json\/wp\/v2\/media?parent=93882"}],"wp:term":[{"taxonomy":"category","embeddable":true,"href":"https:\/\/reporteroshoy.mx\/noticias\/wp-json\/wp\/v2\/categories?post=93882"},{"taxonomy":"post_tag","embeddable":true,"href":"https:\/\/reporteroshoy.mx\/noticias\/wp-json\/wp\/v2\/tags?post=93882"}],"curies":[{"name":"wp","href":"https:\/\/api.w.org\/{rel}","templated":true}]}}