{"id":94045,"date":"2022-10-28T13:52:54","date_gmt":"2022-10-28T18:52:54","guid":{"rendered":"https:\/\/reporteroshoy.mx\/noticias\/?p=94045"},"modified":"2022-10-28T13:52:54","modified_gmt":"2022-10-28T18:52:54","slug":"congreso-yucateco-analizara-a-fondo-reforma-a-la-ley-de-la-guardia-nacional","status":"publish","type":"post","link":"https:\/\/reporteroshoy.mx\/noticias\/congreso-yucateco-analizara-a-fondo-reforma-a-la-ley-de-la-guardia-nacional\/","title":{"rendered":"Congreso yucateco analizar\u00e1 a fondo reforma a la Ley de la Guardia Nacional"},"content":{"rendered":"<p class=\"ContentPasted0\" style=\"text-align: justify;\">M\u00e9rida, Yucat\u00e1n; 28 de octubre de 2022 (ACOM).- El Congreso de Yucat\u00e1n analizar\u00e1 a fondo la minuta enviada por la C\u00e1mara de Diputados en torno a la reforma de Ley de la Guardia Nacional que prolonga la actividad del Ej\u00e9rcito en labores de seguridad hasta el 2028.<\/p>\n<p class=\"ContentPasted0\" style=\"text-align: justify;\">Seg\u00fan el presidente de la Junta de Gobierno y Coordinaci\u00f3n Pol\u00edtica del Legislativo, V\u00edctor Hugo Lozano Poveda, la medida requiere de una revisi\u00f3n exhaustiva, por lo que la Comisi\u00f3n de Puntos Constitucionales y Gobernaci\u00f3n le dar\u00e1 la importancia necesaria.<\/p>\n<p class=\"ContentPasted0\" style=\"text-align: justify;\">\u00abTenemos la obligaci\u00f3n, como representantes populares de tomar este tema con toda la responsabilidad y no a las prisas porque no es un tema menor, es un tema que requiere la atenci\u00f3n, no solo de la comisi\u00f3n, sino tambi\u00e9n de todos los diputados y en todo ese sentido, tenemos que trabajar\u00bb, se\u00f1al\u00f3.<\/p>\n<p><img loading=\"lazy\" decoding=\"async\" class=\"wp-image-94046 aligncenter\" src=\"https:\/\/reporteroshoy.mx\/noticias\/wp-content\/uploads\/2022\/10\/Victor-Hugo-1-scaled.jpg\" alt=\"\" width=\"602\" height=\"354\" \/><\/p>\n<p class=\"ContentPasted0\" style=\"text-align: justify;\">Al d\u00eda de hoy, la minuta enviada a todos los Congresos estatales para su ratificaci\u00f3n ya ha sido aprobada en 17 estados, por lo que ya es v\u00e1lida y solo ser\u00eda cuesti\u00f3n de que se publique en el Diario Oficial de la Federaci\u00f3n para que entre en vigor, aunque el Ejecutivo federal esperar\u00eda a que las 32 entidades avalen la medida.<\/p>\n<p class=\"ContentPasted0\" style=\"text-align: justify;\">En el caso de Yucat\u00e1n, la medida no fue distribuida la comisi\u00f3n respectiva, que hoy sesion\u00f3, aunque el legislador panista neg\u00f3 que haya un frente para hacer m\u00e1s lento el proceso, pues se insisti\u00f3 en que los legisladores locales tienen la convicci\u00f3n de discutir los alcances de la medida en un estado que ya es seguro.<\/p>\n<p class=\"ContentPasted0\" style=\"text-align: justify;\">\u00abNosotros somos el estado que genera el modelo adecuado para que se pueda replicar en otras partes del pa\u00eds. Esa responsabilidad la tenemos que tomar en cuenta y respetamos que en otros estados est\u00e9n generando rapidez en cuanto a la aprobaci\u00f3n de esa minuta, pero Yucat\u00e1n se va a ir con un poco m\u00e1s de calma\u00bb, apunt\u00f3.<\/p>\n<p class=\"ContentPasted0 elementToProof\" style=\"text-align: justify;\">La reforma de la Ley de la Guardia Nacional fue aprobada el 13 de octubre pasado en la C\u00e1mara de Diputados por mayor\u00eda, previa aprobaci\u00f3n en el Senado de la Rep\u00fablica.<\/p>\n","protected":false},"excerpt":{"rendered":"<p>Al d\u00eda de hoy, la minuta enviada a todos los Congresos estatales para su ratificaci\u00f3n ya ha sido aprobada en 17 estados.<\/p>\n","protected":false},"author":9,"featured_media":94046,"comment_status":"open","ping_status":"closed","sticky":false,"template":"","format":"standard","meta":{"footnotes":""},"categories":[17],"tags":[1014,737],"class_list":["post-94045","post","type-post","status-publish","format-standard","has-post-thumbnail","hentry","category-yucatan","tag-congreso-yucateco","tag-guardia-nacional"],"yoast_head":"<!-- This site is optimized with the Yoast SEO plugin v28.4 - https:\/\/yoast.com\/product\/yoast-seo-wordpress\/ -->\n<title>Congreso yucateco analizar\u00e1 a fondo reforma a la Ley de la Guardia Nacional<\/title>\n<meta name=\"description\" content=\"Al d\u00eda de hoy, la minuta enviada a todos los Congresos estatales para su ratificaci\u00f3n ya ha sido aprobada en 17 estados.\" \/>\n<meta name=\"robots\" content=\"index, follow, max-snippet:-1, max-image-preview:large, max-video-preview:-1\" \/>\n<link rel=\"canonical\" href=\"https:\/\/reporteroshoy.mx\/noticias\/congreso-yucateco-analizara-a-fondo-reforma-a-la-ley-de-la-guardia-nacional\/\" \/>\n<meta property=\"og:locale\" content=\"es_ES\" \/>\n<meta property=\"og:type\" content=\"article\" \/>\n<meta property=\"og:title\" content=\"Congreso yucateco analizar\u00e1 a fondo reforma a la Ley de la Guardia Nacional\" \/>\n<meta property=\"og:description\" content=\"Al d\u00eda de hoy, la minuta enviada a todos los Congresos estatales para su ratificaci\u00f3n ya ha sido aprobada en 17 estados.\" \/>\n<meta property=\"og:url\" content=\"https:\/\/reporteroshoy.mx\/noticias\/congreso-yucateco-analizara-a-fondo-reforma-a-la-ley-de-la-guardia-nacional\/\" \/>\n<meta property=\"og:site_name\" content=\"Reporteros Hoy | Noticias de Yucat\u00e1n\" \/>\n<meta property=\"article:publisher\" content=\"http:\/\/www.facebook.com\/reporteroshoymx\" \/>\n<meta property=\"article:published_time\" content=\"2022-10-28T18:52:54+00:00\" \/>\n<meta property=\"og:image\" content=\"https:\/\/reporteroshoy.mx\/noticias\/wp-content\/uploads\/2022\/10\/Victor-Hugo-1-scaled.jpg\" \/>\n\t<meta property=\"og:image:width\" content=\"768\" \/>\n\t<meta property=\"og:image:height\" content=\"451\" \/>\n\t<meta property=\"og:image:type\" content=\"image\/jpeg\" \/>\n<meta name=\"author\" content=\"Reporteros Hoy WP\" \/>\n<meta name=\"twitter:card\" content=\"summary_large_image\" \/>\n<meta name=\"twitter:creator\" content=\"@reporteroshoy\" \/>\n<meta name=\"twitter:site\" content=\"@reporteroshoy\" \/>\n<meta name=\"twitter:label1\" content=\"Escrito por\" \/>\n\t<meta name=\"twitter:data1\" content=\"Reporteros Hoy WP\" \/>\n\t<meta name=\"twitter:label2\" content=\"Tiempo de lectura\" \/>\n\t<meta name=\"twitter:data2\" content=\"2 minutos\" \/>\n<script type=\"application\/ld+json\" class=\"yoast-schema-graph\">{\"@context\":\"https:\\\/\\\/schema.org\",\"@graph\":[{\"@type\":\"Article\",\"@id\":\"https:\\\/\\\/reporteroshoy.mx\\\/noticias\\\/congreso-yucateco-analizara-a-fondo-reforma-a-la-ley-de-la-guardia-nacional\\\/#article\",\"isPartOf\":{\"@id\":\"https:\\\/\\\/reporteroshoy.mx\\\/noticias\\\/congreso-yucateco-analizara-a-fondo-reforma-a-la-ley-de-la-guardia-nacional\\\/\"},\"author\":{\"name\":\"Reporteros Hoy WP\",\"@id\":\"https:\\\/\\\/reporteroshoy.mx\\\/noticias\\\/#\\\/schema\\\/person\\\/c977527e57c958a62c5cefe8fe47876e\"},\"headline\":\"Congreso yucateco analizar\u00e1 a fondo reforma a la Ley de la Guardia Nacional\",\"datePublished\":\"2022-10-28T18:52:54+00:00\",\"mainEntityOfPage\":{\"@id\":\"https:\\\/\\\/reporteroshoy.mx\\\/noticias\\\/congreso-yucateco-analizara-a-fondo-reforma-a-la-ley-de-la-guardia-nacional\\\/\"},\"wordCount\":388,\"commentCount\":0,\"image\":{\"@id\":\"https:\\\/\\\/reporteroshoy.mx\\\/noticias\\\/congreso-yucateco-analizara-a-fondo-reforma-a-la-ley-de-la-guardia-nacional\\\/#primaryimage\"},\"thumbnailUrl\":\"https:\\\/\\\/reporteroshoy.mx\\\/noticias\\\/wp-content\\\/uploads\\\/2022\\\/10\\\/Victor-Hugo-1-scaled.jpg\",\"keywords\":[\"Congreso Yucateco\",\"Guardia Nacional\"],\"articleSection\":[\"Yucat\u00e1n\"],\"inLanguage\":\"es\",\"potentialAction\":[{\"@type\":\"CommentAction\",\"name\":\"Comment\",\"target\":[\"https:\\\/\\\/reporteroshoy.mx\\\/noticias\\\/congreso-yucateco-analizara-a-fondo-reforma-a-la-ley-de-la-guardia-nacional\\\/#respond\"]}]},{\"@type\":\"WebPage\",\"@id\":\"https:\\\/\\\/reporteroshoy.mx\\\/noticias\\\/congreso-yucateco-analizara-a-fondo-reforma-a-la-ley-de-la-guardia-nacional\\\/\",\"url\":\"https:\\\/\\\/reporteroshoy.mx\\\/noticias\\\/congreso-yucateco-analizara-a-fondo-reforma-a-la-ley-de-la-guardia-nacional\\\/\",\"name\":\"Congreso yucateco analizar\u00e1 a fondo reforma a la Ley de la Guardia Nacional\",\"isPartOf\":{\"@id\":\"https:\\\/\\\/reporteroshoy.mx\\\/noticias\\\/#website\"},\"primaryImageOfPage\":{\"@id\":\"https:\\\/\\\/reporteroshoy.mx\\\/noticias\\\/congreso-yucateco-analizara-a-fondo-reforma-a-la-ley-de-la-guardia-nacional\\\/#primaryimage\"},\"image\":{\"@id\":\"https:\\\/\\\/reporteroshoy.mx\\\/noticias\\\/congreso-yucateco-analizara-a-fondo-reforma-a-la-ley-de-la-guardia-nacional\\\/#primaryimage\"},\"thumbnailUrl\":\"https:\\\/\\\/reporteroshoy.mx\\\/noticias\\\/wp-content\\\/uploads\\\/2022\\\/10\\\/Victor-Hugo-1-scaled.jpg\",\"datePublished\":\"2022-10-28T18:52:54+00:00\",\"author\":{\"@id\":\"https:\\\/\\\/reporteroshoy.mx\\\/noticias\\\/#\\\/schema\\\/person\\\/c977527e57c958a62c5cefe8fe47876e\"},\"description\":\"Al d\u00eda de hoy, la minuta enviada a todos los Congresos estatales para su ratificaci\u00f3n ya ha sido aprobada en 17 estados.\",\"breadcrumb\":{\"@id\":\"https:\\\/\\\/reporteroshoy.mx\\\/noticias\\\/congreso-yucateco-analizara-a-fondo-reforma-a-la-ley-de-la-guardia-nacional\\\/#breadcrumb\"},\"inLanguage\":\"es\",\"potentialAction\":[{\"@type\":\"ReadAction\",\"target\":[\"https:\\\/\\\/reporteroshoy.mx\\\/noticias\\\/congreso-yucateco-analizara-a-fondo-reforma-a-la-ley-de-la-guardia-nacional\\\/\"]}]},{\"@type\":\"ImageObject\",\"inLanguage\":\"es\",\"@id\":\"https:\\\/\\\/reporteroshoy.mx\\\/noticias\\\/congreso-yucateco-analizara-a-fondo-reforma-a-la-ley-de-la-guardia-nacional\\\/#primaryimage\",\"url\":\"https:\\\/\\\/reporteroshoy.mx\\\/noticias\\\/wp-content\\\/uploads\\\/2022\\\/10\\\/Victor-Hugo-1-scaled.jpg\",\"contentUrl\":\"https:\\\/\\\/reporteroshoy.mx\\\/noticias\\\/wp-content\\\/uploads\\\/2022\\\/10\\\/Victor-Hugo-1-scaled.jpg\",\"width\":768,\"height\":451},{\"@type\":\"BreadcrumbList\",\"@id\":\"https:\\\/\\\/reporteroshoy.mx\\\/noticias\\\/congreso-yucateco-analizara-a-fondo-reforma-a-la-ley-de-la-guardia-nacional\\\/#breadcrumb\",\"itemListElement\":[{\"@type\":\"ListItem\",\"position\":1,\"name\":\"Portada\",\"item\":\"https:\\\/\\\/reporteroshoy.mx\\\/noticias\\\/\"},{\"@type\":\"ListItem\",\"position\":2,\"name\":\"Congreso yucateco analizar\u00e1 a fondo reforma a la Ley de la Guardia Nacional\"}]},{\"@type\":\"WebSite\",\"@id\":\"https:\\\/\\\/reporteroshoy.mx\\\/noticias\\\/#website\",\"url\":\"https:\\\/\\\/reporteroshoy.mx\\\/noticias\\\/\",\"name\":\"Reporteros Hoy | Noticias de Yucat\u00e1n\",\"description\":\"Peri\u00f3dico digital con noticias diarias desde M\u00e9rida, Yucat\u00e1n para el mundo.\",\"potentialAction\":[{\"@type\":\"SearchAction\",\"target\":{\"@type\":\"EntryPoint\",\"urlTemplate\":\"https:\\\/\\\/reporteroshoy.mx\\\/noticias\\\/?s={search_term_string}\"},\"query-input\":{\"@type\":\"PropertyValueSpecification\",\"valueRequired\":true,\"valueName\":\"search_term_string\"}}],\"inLanguage\":\"es\"},{\"@type\":\"Person\",\"@id\":\"https:\\\/\\\/reporteroshoy.mx\\\/noticias\\\/#\\\/schema\\\/person\\\/c977527e57c958a62c5cefe8fe47876e\",\"name\":\"Reporteros Hoy WP\",\"image\":{\"@type\":\"ImageObject\",\"inLanguage\":\"es\",\"@id\":\"https:\\\/\\\/secure.gravatar.com\\\/avatar\\\/fd2917f79a7dae30f8ac9ddc2f35e1756bb59e25e01d1cd09deaa64df7b2f73e?s=96&d=mm&r=g\",\"url\":\"https:\\\/\\\/secure.gravatar.com\\\/avatar\\\/fd2917f79a7dae30f8ac9ddc2f35e1756bb59e25e01d1cd09deaa64df7b2f73e?s=96&d=mm&r=g\",\"contentUrl\":\"https:\\\/\\\/secure.gravatar.com\\\/avatar\\\/fd2917f79a7dae30f8ac9ddc2f35e1756bb59e25e01d1cd09deaa64df7b2f73e?s=96&d=mm&r=g\",\"caption\":\"Reporteros Hoy WP\"},\"url\":\"https:\\\/\\\/reporteroshoy.mx\\\/noticias\\\/author\\\/walfer\\\/\"}]}<\/script>\n<!-- \/ Yoast SEO plugin. -->","yoast_head_json":{"title":"Congreso yucateco analizar\u00e1 a fondo reforma a la Ley de la Guardia Nacional","description":"Al d\u00eda de hoy, la minuta enviada a todos los Congresos estatales para su ratificaci\u00f3n ya ha sido aprobada en 17 estados.","robots":{"index":"index","follow":"follow","max-snippet":"max-snippet:-1","max-image-preview":"max-image-preview:large","max-video-preview":"max-video-preview:-1"},"canonical":"https:\/\/reporteroshoy.mx\/noticias\/congreso-yucateco-analizara-a-fondo-reforma-a-la-ley-de-la-guardia-nacional\/","og_locale":"es_ES","og_type":"article","og_title":"Congreso yucateco analizar\u00e1 a fondo reforma a la Ley de la Guardia Nacional","og_description":"Al d\u00eda de hoy, la minuta enviada a todos los Congresos estatales para su ratificaci\u00f3n ya ha sido aprobada en 17 estados.","og_url":"https:\/\/reporteroshoy.mx\/noticias\/congreso-yucateco-analizara-a-fondo-reforma-a-la-ley-de-la-guardia-nacional\/","og_site_name":"Reporteros Hoy | Noticias de Yucat\u00e1n","article_publisher":"http:\/\/www.facebook.com\/reporteroshoymx","article_published_time":"2022-10-28T18:52:54+00:00","og_image":[{"width":768,"height":451,"url":"https:\/\/reporteroshoy.mx\/noticias\/wp-content\/uploads\/2022\/10\/Victor-Hugo-1-scaled.jpg","type":"image\/jpeg"}],"author":"Reporteros Hoy WP","twitter_card":"summary_large_image","twitter_creator":"@reporteroshoy","twitter_site":"@reporteroshoy","twitter_misc":{"Escrito por":"Reporteros Hoy WP","Tiempo de lectura":"2 minutos"},"schema":{"@context":"https:\/\/schema.org","@graph":[{"@type":"Article","@id":"https:\/\/reporteroshoy.mx\/noticias\/congreso-yucateco-analizara-a-fondo-reforma-a-la-ley-de-la-guardia-nacional\/#article","isPartOf":{"@id":"https:\/\/reporteroshoy.mx\/noticias\/congreso-yucateco-analizara-a-fondo-reforma-a-la-ley-de-la-guardia-nacional\/"},"author":{"name":"Reporteros Hoy WP","@id":"https:\/\/reporteroshoy.mx\/noticias\/#\/schema\/person\/c977527e57c958a62c5cefe8fe47876e"},"headline":"Congreso yucateco analizar\u00e1 a fondo reforma a la Ley de la Guardia Nacional","datePublished":"2022-10-28T18:52:54+00:00","mainEntityOfPage":{"@id":"https:\/\/reporteroshoy.mx\/noticias\/congreso-yucateco-analizara-a-fondo-reforma-a-la-ley-de-la-guardia-nacional\/"},"wordCount":388,"commentCount":0,"image":{"@id":"https:\/\/reporteroshoy.mx\/noticias\/congreso-yucateco-analizara-a-fondo-reforma-a-la-ley-de-la-guardia-nacional\/#primaryimage"},"thumbnailUrl":"https:\/\/reporteroshoy.mx\/noticias\/wp-content\/uploads\/2022\/10\/Victor-Hugo-1-scaled.jpg","keywords":["Congreso Yucateco","Guardia Nacional"],"articleSection":["Yucat\u00e1n"],"inLanguage":"es","potentialAction":[{"@type":"CommentAction","name":"Comment","target":["https:\/\/reporteroshoy.mx\/noticias\/congreso-yucateco-analizara-a-fondo-reforma-a-la-ley-de-la-guardia-nacional\/#respond"]}]},{"@type":"WebPage","@id":"https:\/\/reporteroshoy.mx\/noticias\/congreso-yucateco-analizara-a-fondo-reforma-a-la-ley-de-la-guardia-nacional\/","url":"https:\/\/reporteroshoy.mx\/noticias\/congreso-yucateco-analizara-a-fondo-reforma-a-la-ley-de-la-guardia-nacional\/","name":"Congreso yucateco analizar\u00e1 a fondo reforma a la Ley de la Guardia Nacional","isPartOf":{"@id":"https:\/\/reporteroshoy.mx\/noticias\/#website"},"primaryImageOfPage":{"@id":"https:\/\/reporteroshoy.mx\/noticias\/congreso-yucateco-analizara-a-fondo-reforma-a-la-ley-de-la-guardia-nacional\/#primaryimage"},"image":{"@id":"https:\/\/reporteroshoy.mx\/noticias\/congreso-yucateco-analizara-a-fondo-reforma-a-la-ley-de-la-guardia-nacional\/#primaryimage"},"thumbnailUrl":"https:\/\/reporteroshoy.mx\/noticias\/wp-content\/uploads\/2022\/10\/Victor-Hugo-1-scaled.jpg","datePublished":"2022-10-28T18:52:54+00:00","author":{"@id":"https:\/\/reporteroshoy.mx\/noticias\/#\/schema\/person\/c977527e57c958a62c5cefe8fe47876e"},"description":"Al d\u00eda de hoy, la minuta enviada a todos los Congresos estatales para su ratificaci\u00f3n ya ha sido aprobada en 17 estados.","breadcrumb":{"@id":"https:\/\/reporteroshoy.mx\/noticias\/congreso-yucateco-analizara-a-fondo-reforma-a-la-ley-de-la-guardia-nacional\/#breadcrumb"},"inLanguage":"es","potentialAction":[{"@type":"ReadAction","target":["https:\/\/reporteroshoy.mx\/noticias\/congreso-yucateco-analizara-a-fondo-reforma-a-la-ley-de-la-guardia-nacional\/"]}]},{"@type":"ImageObject","inLanguage":"es","@id":"https:\/\/reporteroshoy.mx\/noticias\/congreso-yucateco-analizara-a-fondo-reforma-a-la-ley-de-la-guardia-nacional\/#primaryimage","url":"https:\/\/reporteroshoy.mx\/noticias\/wp-content\/uploads\/2022\/10\/Victor-Hugo-1-scaled.jpg","contentUrl":"https:\/\/reporteroshoy.mx\/noticias\/wp-content\/uploads\/2022\/10\/Victor-Hugo-1-scaled.jpg","width":768,"height":451},{"@type":"BreadcrumbList","@id":"https:\/\/reporteroshoy.mx\/noticias\/congreso-yucateco-analizara-a-fondo-reforma-a-la-ley-de-la-guardia-nacional\/#breadcrumb","itemListElement":[{"@type":"ListItem","position":1,"name":"Portada","item":"https:\/\/reporteroshoy.mx\/noticias\/"},{"@type":"ListItem","position":2,"name":"Congreso yucateco analizar\u00e1 a fondo reforma a la Ley de la Guardia Nacional"}]},{"@type":"WebSite","@id":"https:\/\/reporteroshoy.mx\/noticias\/#website","url":"https:\/\/reporteroshoy.mx\/noticias\/","name":"Reporteros Hoy | Noticias de Yucat\u00e1n","description":"Peri\u00f3dico digital con noticias diarias desde M\u00e9rida, Yucat\u00e1n para el mundo.","potentialAction":[{"@type":"SearchAction","target":{"@type":"EntryPoint","urlTemplate":"https:\/\/reporteroshoy.mx\/noticias\/?s={search_term_string}"},"query-input":{"@type":"PropertyValueSpecification","valueRequired":true,"valueName":"search_term_string"}}],"inLanguage":"es"},{"@type":"Person","@id":"https:\/\/reporteroshoy.mx\/noticias\/#\/schema\/person\/c977527e57c958a62c5cefe8fe47876e","name":"Reporteros Hoy WP","image":{"@type":"ImageObject","inLanguage":"es","@id":"https:\/\/secure.gravatar.com\/avatar\/fd2917f79a7dae30f8ac9ddc2f35e1756bb59e25e01d1cd09deaa64df7b2f73e?s=96&d=mm&r=g","url":"https:\/\/secure.gravatar.com\/avatar\/fd2917f79a7dae30f8ac9ddc2f35e1756bb59e25e01d1cd09deaa64df7b2f73e?s=96&d=mm&r=g","contentUrl":"https:\/\/secure.gravatar.com\/avatar\/fd2917f79a7dae30f8ac9ddc2f35e1756bb59e25e01d1cd09deaa64df7b2f73e?s=96&d=mm&r=g","caption":"Reporteros Hoy WP"},"url":"https:\/\/reporteroshoy.mx\/noticias\/author\/walfer\/"}]}},"_links":{"self":[{"href":"https:\/\/reporteroshoy.mx\/noticias\/wp-json\/wp\/v2\/posts\/94045","targetHints":{"allow":["GET"]}}],"collection":[{"href":"https:\/\/reporteroshoy.mx\/noticias\/wp-json\/wp\/v2\/posts"}],"about":[{"href":"https:\/\/reporteroshoy.mx\/noticias\/wp-json\/wp\/v2\/types\/post"}],"author":[{"embeddable":true,"href":"https:\/\/reporteroshoy.mx\/noticias\/wp-json\/wp\/v2\/users\/9"}],"replies":[{"embeddable":true,"href":"https:\/\/reporteroshoy.mx\/noticias\/wp-json\/wp\/v2\/comments?post=94045"}],"version-history":[{"count":0,"href":"https:\/\/reporteroshoy.mx\/noticias\/wp-json\/wp\/v2\/posts\/94045\/revisions"}],"wp:featuredmedia":[{"embeddable":true,"href":"https:\/\/reporteroshoy.mx\/noticias\/wp-json\/wp\/v2\/media\/94046"}],"wp:attachment":[{"href":"https:\/\/reporteroshoy.mx\/noticias\/wp-json\/wp\/v2\/media?parent=94045"}],"wp:term":[{"taxonomy":"category","embeddable":true,"href":"https:\/\/reporteroshoy.mx\/noticias\/wp-json\/wp\/v2\/categories?post=94045"},{"taxonomy":"post_tag","embeddable":true,"href":"https:\/\/reporteroshoy.mx\/noticias\/wp-json\/wp\/v2\/tags?post=94045"}],"curies":[{"name":"wp","href":"https:\/\/api.w.org\/{rel}","templated":true}]}}