{"id":94126,"date":"2022-10-31T17:28:42","date_gmt":"2022-10-31T23:28:42","guid":{"rendered":"https:\/\/reporteroshoy.mx\/noticias\/?p=94126"},"modified":"2022-10-31T17:28:42","modified_gmt":"2022-10-31T23:28:42","slug":"congreso-del-estado-instala-su-muestra-de-altar","status":"publish","type":"post","link":"https:\/\/reporteroshoy.mx\/noticias\/congreso-del-estado-instala-su-muestra-de-altar\/","title":{"rendered":"Congreso del Estado instala su Muestra de Altar"},"content":{"rendered":"<p style=\"text-align: justify;\">M\u00e9rida, Yucat\u00e1n, 31 de octubre del 2022.- Flores, incienso, fruta, comida y atole nuevo entre otras ofrendas se colocaron en el altar de muertos instalado en el Congreso del Estado de Yucat\u00e1n, como parte del tradicional Hanal Pix\u00e1n, en el cual se honr\u00f3 a destacados personajes pol\u00edticos yucatecos, tradici\u00f3n que se realiza cada a\u00f1o y nos ayuda a preservar y promover nuestra cultura.<\/p>\n<p style=\"text-align: justify;\">El presidente de la Junta de Gobierno y Coordinaci\u00f3n Pol\u00edtica del Congreso del Estado de Yucat\u00e1n, diputado V\u00edctor Hugo Lozano Poveda, coment\u00f3 que con estas actividades se honra a quienes se nos han adelantado, reafirmando nuestras tradiciones, as\u00ed como el entender que el Hanal Pix\u00e1n es una celebraci\u00f3n a la vida y a la muerte.<\/p>\n<p><img loading=\"lazy\" decoding=\"async\" class=\"alignnone size-full wp-image-94128\" src=\"https:\/\/reporteroshoy.mx\/noticias\/wp-content\/uploads\/2022\/10\/CONGRESO-ALTAR-scaled.jpg\" alt=\"\" width=\"768\" height=\"512\" \/><\/p>\n<p style=\"text-align: justify;\">\u201cRecalcamos e insistimos en la importancia de que perdure, a trav\u00e9s del tiempo y que en nuestras familias volvamos a encontrarnos con esta hermosa tradici\u00f3n de poner nuestros altares y recordar a nuestros fieles difuntos\u201d.<\/p>\n<p style=\"text-align: justify;\">\u201cEn el altar que hemos montado reconocemos a quienes influyeron en el trabajo legislativo de Yucat\u00e1n\u201d, remarc\u00f3 Lozano Poveda.<\/p>\n<p><img loading=\"lazy\" decoding=\"async\" class=\"alignnone size-full wp-image-94127\" src=\"https:\/\/reporteroshoy.mx\/noticias\/wp-content\/uploads\/2022\/10\/CONGRESO_ALTAR.jpg\" alt=\"\" width=\"700\" height=\"466\" \/><\/p>\n<p style=\"text-align: justify;\">El altar est\u00e1 dedicado a grandes personajes como:\u00a0 H\u00e9ctor Victoria Aguilar, \u00c1lvaro Torre D\u00edaz, Eligio Ancona Castillo, Benito Rosel Isaac, Elvia Carrillo Puerto, Antonio Ancona Albertos, Antonia Jim\u00e9nez Trava, Rita Cetina Guti\u00e9rrez, Consuelo Zavala Castillo, Beatriz Peniche Barrera, Raquel Dzib Cicero, Rosa Torre Gonz\u00e1lez, P\u00e1nfilo Novelo Mart\u00edn y V\u00edctor Cervera Pacheco.<\/p>\n<p style=\"text-align: justify;\">Por su parte, la presidenta de la Comisi\u00f3n para el Respeto y Preservaci\u00f3n de la Cultura Maya, diputada Manuela Cocom Bolio, dijo que hoy recordamos a nuestros fieles difuntos y es por lo que mantenemos esta tradici\u00f3n tan viva en Yucat\u00e1n.<\/p>\n","protected":false},"excerpt":{"rendered":"<p>Flores, incienso, fruta, comida y atole nuevo entre otras ofrendas en la sede del Poder Legislativo. <\/p>\n","protected":false},"author":5,"featured_media":94128,"comment_status":"open","ping_status":"closed","sticky":false,"template":"","format":"standard","meta":{"footnotes":""},"categories":[7],"tags":[22987,321,7330],"class_list":["post-94126","post","type-post","status-publish","format-standard","has-post-thumbnail","hentry","category-gobierno","tag-altar","tag-congreso-de-yucatan","tag-hanal-pixan"],"yoast_head":"<!-- This site is optimized with the Yoast SEO plugin v28.4 - https:\/\/yoast.com\/product\/yoast-seo-wordpress\/ -->\n<title>Congreso del Estado instala su Muestra de Altar<\/title>\n<meta name=\"description\" content=\"Flores, incienso, fruta, comida y atole nuevo entre otras ofrendas en la sede del Poder Legislativo.\" \/>\n<meta name=\"robots\" content=\"index, follow, max-snippet:-1, max-image-preview:large, max-video-preview:-1\" \/>\n<link rel=\"canonical\" href=\"https:\/\/reporteroshoy.mx\/noticias\/congreso-del-estado-instala-su-muestra-de-altar\/\" \/>\n<meta property=\"og:locale\" content=\"es_ES\" \/>\n<meta property=\"og:type\" content=\"article\" \/>\n<meta property=\"og:title\" content=\"Congreso del Estado instala su Muestra de Altar\" \/>\n<meta property=\"og:description\" content=\"Flores, incienso, fruta, comida y atole nuevo entre otras ofrendas en la sede del Poder Legislativo.\" \/>\n<meta property=\"og:url\" content=\"https:\/\/reporteroshoy.mx\/noticias\/congreso-del-estado-instala-su-muestra-de-altar\/\" \/>\n<meta property=\"og:site_name\" content=\"Reporteros Hoy | Noticias de Yucat\u00e1n\" \/>\n<meta property=\"article:publisher\" content=\"http:\/\/www.facebook.com\/reporteroshoymx\" \/>\n<meta property=\"article:published_time\" content=\"2022-10-31T23:28:42+00:00\" \/>\n<meta property=\"og:image\" content=\"https:\/\/reporteroshoy.mx\/noticias\/wp-content\/uploads\/2022\/10\/CONGRESO-ALTAR-scaled.jpg\" \/>\n\t<meta property=\"og:image:width\" content=\"768\" \/>\n\t<meta property=\"og:image:height\" content=\"512\" \/>\n\t<meta property=\"og:image:type\" content=\"image\/jpeg\" \/>\n<meta name=\"author\" content=\"Reporteros Hoy IM\" \/>\n<meta name=\"twitter:card\" content=\"summary_large_image\" \/>\n<meta name=\"twitter:creator\" content=\"@reporteroshoy\" \/>\n<meta name=\"twitter:site\" content=\"@reporteroshoy\" \/>\n<meta name=\"twitter:label1\" content=\"Escrito por\" \/>\n\t<meta name=\"twitter:data1\" content=\"Reporteros Hoy IM\" \/>\n\t<meta name=\"twitter:label2\" content=\"Tiempo de lectura\" \/>\n\t<meta name=\"twitter:data2\" content=\"2 minutos\" \/>\n<script type=\"application\/ld+json\" class=\"yoast-schema-graph\">{\"@context\":\"https:\\\/\\\/schema.org\",\"@graph\":[{\"@type\":\"Article\",\"@id\":\"https:\\\/\\\/reporteroshoy.mx\\\/noticias\\\/congreso-del-estado-instala-su-muestra-de-altar\\\/#article\",\"isPartOf\":{\"@id\":\"https:\\\/\\\/reporteroshoy.mx\\\/noticias\\\/congreso-del-estado-instala-su-muestra-de-altar\\\/\"},\"author\":{\"name\":\"Reporteros Hoy IM\",\"@id\":\"https:\\\/\\\/reporteroshoy.mx\\\/noticias\\\/#\\\/schema\\\/person\\\/948520f0d88b01be2e5266bc4acbbc15\"},\"headline\":\"Congreso del Estado instala su Muestra de Altar\",\"datePublished\":\"2022-10-31T23:28:42+00:00\",\"mainEntityOfPage\":{\"@id\":\"https:\\\/\\\/reporteroshoy.mx\\\/noticias\\\/congreso-del-estado-instala-su-muestra-de-altar\\\/\"},\"wordCount\":299,\"commentCount\":0,\"image\":{\"@id\":\"https:\\\/\\\/reporteroshoy.mx\\\/noticias\\\/congreso-del-estado-instala-su-muestra-de-altar\\\/#primaryimage\"},\"thumbnailUrl\":\"https:\\\/\\\/reporteroshoy.mx\\\/noticias\\\/wp-content\\\/uploads\\\/2022\\\/10\\\/CONGRESO-ALTAR-scaled.jpg\",\"keywords\":[\"Altar\",\"congreso de yucat\u00e1n\",\"Hanal Pix\u00e1n\"],\"articleSection\":[\"Gobierno\"],\"inLanguage\":\"es\",\"potentialAction\":[{\"@type\":\"CommentAction\",\"name\":\"Comment\",\"target\":[\"https:\\\/\\\/reporteroshoy.mx\\\/noticias\\\/congreso-del-estado-instala-su-muestra-de-altar\\\/#respond\"]}]},{\"@type\":\"WebPage\",\"@id\":\"https:\\\/\\\/reporteroshoy.mx\\\/noticias\\\/congreso-del-estado-instala-su-muestra-de-altar\\\/\",\"url\":\"https:\\\/\\\/reporteroshoy.mx\\\/noticias\\\/congreso-del-estado-instala-su-muestra-de-altar\\\/\",\"name\":\"Congreso del Estado instala su Muestra de Altar\",\"isPartOf\":{\"@id\":\"https:\\\/\\\/reporteroshoy.mx\\\/noticias\\\/#website\"},\"primaryImageOfPage\":{\"@id\":\"https:\\\/\\\/reporteroshoy.mx\\\/noticias\\\/congreso-del-estado-instala-su-muestra-de-altar\\\/#primaryimage\"},\"image\":{\"@id\":\"https:\\\/\\\/reporteroshoy.mx\\\/noticias\\\/congreso-del-estado-instala-su-muestra-de-altar\\\/#primaryimage\"},\"thumbnailUrl\":\"https:\\\/\\\/reporteroshoy.mx\\\/noticias\\\/wp-content\\\/uploads\\\/2022\\\/10\\\/CONGRESO-ALTAR-scaled.jpg\",\"datePublished\":\"2022-10-31T23:28:42+00:00\",\"author\":{\"@id\":\"https:\\\/\\\/reporteroshoy.mx\\\/noticias\\\/#\\\/schema\\\/person\\\/948520f0d88b01be2e5266bc4acbbc15\"},\"description\":\"Flores, incienso, fruta, comida y atole nuevo entre otras ofrendas en la sede del Poder Legislativo.\",\"breadcrumb\":{\"@id\":\"https:\\\/\\\/reporteroshoy.mx\\\/noticias\\\/congreso-del-estado-instala-su-muestra-de-altar\\\/#breadcrumb\"},\"inLanguage\":\"es\",\"potentialAction\":[{\"@type\":\"ReadAction\",\"target\":[\"https:\\\/\\\/reporteroshoy.mx\\\/noticias\\\/congreso-del-estado-instala-su-muestra-de-altar\\\/\"]}]},{\"@type\":\"ImageObject\",\"inLanguage\":\"es\",\"@id\":\"https:\\\/\\\/reporteroshoy.mx\\\/noticias\\\/congreso-del-estado-instala-su-muestra-de-altar\\\/#primaryimage\",\"url\":\"https:\\\/\\\/reporteroshoy.mx\\\/noticias\\\/wp-content\\\/uploads\\\/2022\\\/10\\\/CONGRESO-ALTAR-scaled.jpg\",\"contentUrl\":\"https:\\\/\\\/reporteroshoy.mx\\\/noticias\\\/wp-content\\\/uploads\\\/2022\\\/10\\\/CONGRESO-ALTAR-scaled.jpg\",\"width\":768,\"height\":512},{\"@type\":\"BreadcrumbList\",\"@id\":\"https:\\\/\\\/reporteroshoy.mx\\\/noticias\\\/congreso-del-estado-instala-su-muestra-de-altar\\\/#breadcrumb\",\"itemListElement\":[{\"@type\":\"ListItem\",\"position\":1,\"name\":\"Portada\",\"item\":\"https:\\\/\\\/reporteroshoy.mx\\\/noticias\\\/\"},{\"@type\":\"ListItem\",\"position\":2,\"name\":\"Congreso del Estado instala su Muestra de Altar\"}]},{\"@type\":\"WebSite\",\"@id\":\"https:\\\/\\\/reporteroshoy.mx\\\/noticias\\\/#website\",\"url\":\"https:\\\/\\\/reporteroshoy.mx\\\/noticias\\\/\",\"name\":\"Reporteros Hoy | Noticias de Yucat\u00e1n\",\"description\":\"Peri\u00f3dico digital con noticias diarias desde M\u00e9rida, Yucat\u00e1n para el mundo.\",\"potentialAction\":[{\"@type\":\"SearchAction\",\"target\":{\"@type\":\"EntryPoint\",\"urlTemplate\":\"https:\\\/\\\/reporteroshoy.mx\\\/noticias\\\/?s={search_term_string}\"},\"query-input\":{\"@type\":\"PropertyValueSpecification\",\"valueRequired\":true,\"valueName\":\"search_term_string\"}}],\"inLanguage\":\"es\"},{\"@type\":\"Person\",\"@id\":\"https:\\\/\\\/reporteroshoy.mx\\\/noticias\\\/#\\\/schema\\\/person\\\/948520f0d88b01be2e5266bc4acbbc15\",\"name\":\"Reporteros Hoy IM\",\"image\":{\"@type\":\"ImageObject\",\"inLanguage\":\"es\",\"@id\":\"https:\\\/\\\/secure.gravatar.com\\\/avatar\\\/d843030b96552826ac048bdfe26f2895604b800ed0c880ee55765a74d95dfc65?s=96&d=mm&r=g\",\"url\":\"https:\\\/\\\/secure.gravatar.com\\\/avatar\\\/d843030b96552826ac048bdfe26f2895604b800ed0c880ee55765a74d95dfc65?s=96&d=mm&r=g\",\"contentUrl\":\"https:\\\/\\\/secure.gravatar.com\\\/avatar\\\/d843030b96552826ac048bdfe26f2895604b800ed0c880ee55765a74d95dfc65?s=96&d=mm&r=g\",\"caption\":\"Reporteros Hoy IM\"},\"url\":\"https:\\\/\\\/reporteroshoy.mx\\\/noticias\\\/author\\\/israel\\\/\"}]}<\/script>\n<!-- \/ Yoast SEO plugin. -->","yoast_head_json":{"title":"Congreso del Estado instala su Muestra de Altar","description":"Flores, incienso, fruta, comida y atole nuevo entre otras ofrendas en la sede del Poder Legislativo.","robots":{"index":"index","follow":"follow","max-snippet":"max-snippet:-1","max-image-preview":"max-image-preview:large","max-video-preview":"max-video-preview:-1"},"canonical":"https:\/\/reporteroshoy.mx\/noticias\/congreso-del-estado-instala-su-muestra-de-altar\/","og_locale":"es_ES","og_type":"article","og_title":"Congreso del Estado instala su Muestra de Altar","og_description":"Flores, incienso, fruta, comida y atole nuevo entre otras ofrendas en la sede del Poder Legislativo.","og_url":"https:\/\/reporteroshoy.mx\/noticias\/congreso-del-estado-instala-su-muestra-de-altar\/","og_site_name":"Reporteros Hoy | Noticias de Yucat\u00e1n","article_publisher":"http:\/\/www.facebook.com\/reporteroshoymx","article_published_time":"2022-10-31T23:28:42+00:00","og_image":[{"width":768,"height":512,"url":"https:\/\/reporteroshoy.mx\/noticias\/wp-content\/uploads\/2022\/10\/CONGRESO-ALTAR-scaled.jpg","type":"image\/jpeg"}],"author":"Reporteros Hoy IM","twitter_card":"summary_large_image","twitter_creator":"@reporteroshoy","twitter_site":"@reporteroshoy","twitter_misc":{"Escrito por":"Reporteros Hoy IM","Tiempo de lectura":"2 minutos"},"schema":{"@context":"https:\/\/schema.org","@graph":[{"@type":"Article","@id":"https:\/\/reporteroshoy.mx\/noticias\/congreso-del-estado-instala-su-muestra-de-altar\/#article","isPartOf":{"@id":"https:\/\/reporteroshoy.mx\/noticias\/congreso-del-estado-instala-su-muestra-de-altar\/"},"author":{"name":"Reporteros Hoy IM","@id":"https:\/\/reporteroshoy.mx\/noticias\/#\/schema\/person\/948520f0d88b01be2e5266bc4acbbc15"},"headline":"Congreso del Estado instala su Muestra de Altar","datePublished":"2022-10-31T23:28:42+00:00","mainEntityOfPage":{"@id":"https:\/\/reporteroshoy.mx\/noticias\/congreso-del-estado-instala-su-muestra-de-altar\/"},"wordCount":299,"commentCount":0,"image":{"@id":"https:\/\/reporteroshoy.mx\/noticias\/congreso-del-estado-instala-su-muestra-de-altar\/#primaryimage"},"thumbnailUrl":"https:\/\/reporteroshoy.mx\/noticias\/wp-content\/uploads\/2022\/10\/CONGRESO-ALTAR-scaled.jpg","keywords":["Altar","congreso de yucat\u00e1n","Hanal Pix\u00e1n"],"articleSection":["Gobierno"],"inLanguage":"es","potentialAction":[{"@type":"CommentAction","name":"Comment","target":["https:\/\/reporteroshoy.mx\/noticias\/congreso-del-estado-instala-su-muestra-de-altar\/#respond"]}]},{"@type":"WebPage","@id":"https:\/\/reporteroshoy.mx\/noticias\/congreso-del-estado-instala-su-muestra-de-altar\/","url":"https:\/\/reporteroshoy.mx\/noticias\/congreso-del-estado-instala-su-muestra-de-altar\/","name":"Congreso del Estado instala su Muestra de Altar","isPartOf":{"@id":"https:\/\/reporteroshoy.mx\/noticias\/#website"},"primaryImageOfPage":{"@id":"https:\/\/reporteroshoy.mx\/noticias\/congreso-del-estado-instala-su-muestra-de-altar\/#primaryimage"},"image":{"@id":"https:\/\/reporteroshoy.mx\/noticias\/congreso-del-estado-instala-su-muestra-de-altar\/#primaryimage"},"thumbnailUrl":"https:\/\/reporteroshoy.mx\/noticias\/wp-content\/uploads\/2022\/10\/CONGRESO-ALTAR-scaled.jpg","datePublished":"2022-10-31T23:28:42+00:00","author":{"@id":"https:\/\/reporteroshoy.mx\/noticias\/#\/schema\/person\/948520f0d88b01be2e5266bc4acbbc15"},"description":"Flores, incienso, fruta, comida y atole nuevo entre otras ofrendas en la sede del Poder Legislativo.","breadcrumb":{"@id":"https:\/\/reporteroshoy.mx\/noticias\/congreso-del-estado-instala-su-muestra-de-altar\/#breadcrumb"},"inLanguage":"es","potentialAction":[{"@type":"ReadAction","target":["https:\/\/reporteroshoy.mx\/noticias\/congreso-del-estado-instala-su-muestra-de-altar\/"]}]},{"@type":"ImageObject","inLanguage":"es","@id":"https:\/\/reporteroshoy.mx\/noticias\/congreso-del-estado-instala-su-muestra-de-altar\/#primaryimage","url":"https:\/\/reporteroshoy.mx\/noticias\/wp-content\/uploads\/2022\/10\/CONGRESO-ALTAR-scaled.jpg","contentUrl":"https:\/\/reporteroshoy.mx\/noticias\/wp-content\/uploads\/2022\/10\/CONGRESO-ALTAR-scaled.jpg","width":768,"height":512},{"@type":"BreadcrumbList","@id":"https:\/\/reporteroshoy.mx\/noticias\/congreso-del-estado-instala-su-muestra-de-altar\/#breadcrumb","itemListElement":[{"@type":"ListItem","position":1,"name":"Portada","item":"https:\/\/reporteroshoy.mx\/noticias\/"},{"@type":"ListItem","position":2,"name":"Congreso del Estado instala su Muestra de Altar"}]},{"@type":"WebSite","@id":"https:\/\/reporteroshoy.mx\/noticias\/#website","url":"https:\/\/reporteroshoy.mx\/noticias\/","name":"Reporteros Hoy | Noticias de Yucat\u00e1n","description":"Peri\u00f3dico digital con noticias diarias desde M\u00e9rida, Yucat\u00e1n para el mundo.","potentialAction":[{"@type":"SearchAction","target":{"@type":"EntryPoint","urlTemplate":"https:\/\/reporteroshoy.mx\/noticias\/?s={search_term_string}"},"query-input":{"@type":"PropertyValueSpecification","valueRequired":true,"valueName":"search_term_string"}}],"inLanguage":"es"},{"@type":"Person","@id":"https:\/\/reporteroshoy.mx\/noticias\/#\/schema\/person\/948520f0d88b01be2e5266bc4acbbc15","name":"Reporteros Hoy IM","image":{"@type":"ImageObject","inLanguage":"es","@id":"https:\/\/secure.gravatar.com\/avatar\/d843030b96552826ac048bdfe26f2895604b800ed0c880ee55765a74d95dfc65?s=96&d=mm&r=g","url":"https:\/\/secure.gravatar.com\/avatar\/d843030b96552826ac048bdfe26f2895604b800ed0c880ee55765a74d95dfc65?s=96&d=mm&r=g","contentUrl":"https:\/\/secure.gravatar.com\/avatar\/d843030b96552826ac048bdfe26f2895604b800ed0c880ee55765a74d95dfc65?s=96&d=mm&r=g","caption":"Reporteros Hoy IM"},"url":"https:\/\/reporteroshoy.mx\/noticias\/author\/israel\/"}]}},"_links":{"self":[{"href":"https:\/\/reporteroshoy.mx\/noticias\/wp-json\/wp\/v2\/posts\/94126","targetHints":{"allow":["GET"]}}],"collection":[{"href":"https:\/\/reporteroshoy.mx\/noticias\/wp-json\/wp\/v2\/posts"}],"about":[{"href":"https:\/\/reporteroshoy.mx\/noticias\/wp-json\/wp\/v2\/types\/post"}],"author":[{"embeddable":true,"href":"https:\/\/reporteroshoy.mx\/noticias\/wp-json\/wp\/v2\/users\/5"}],"replies":[{"embeddable":true,"href":"https:\/\/reporteroshoy.mx\/noticias\/wp-json\/wp\/v2\/comments?post=94126"}],"version-history":[{"count":0,"href":"https:\/\/reporteroshoy.mx\/noticias\/wp-json\/wp\/v2\/posts\/94126\/revisions"}],"wp:featuredmedia":[{"embeddable":true,"href":"https:\/\/reporteroshoy.mx\/noticias\/wp-json\/wp\/v2\/media\/94128"}],"wp:attachment":[{"href":"https:\/\/reporteroshoy.mx\/noticias\/wp-json\/wp\/v2\/media?parent=94126"}],"wp:term":[{"taxonomy":"category","embeddable":true,"href":"https:\/\/reporteroshoy.mx\/noticias\/wp-json\/wp\/v2\/categories?post=94126"},{"taxonomy":"post_tag","embeddable":true,"href":"https:\/\/reporteroshoy.mx\/noticias\/wp-json\/wp\/v2\/tags?post=94126"}],"curies":[{"name":"wp","href":"https:\/\/api.w.org\/{rel}","templated":true}]}}