{"id":94327,"date":"2022-11-04T20:02:36","date_gmt":"2022-11-05T02:02:36","guid":{"rendered":"https:\/\/reporteroshoy.mx\/noticias\/?p=94327"},"modified":"2022-11-04T20:02:36","modified_gmt":"2022-11-05T02:02:36","slug":"se-quedara-en-prision-acusado-por-intento-de-feminicidio-en-pensiones","status":"publish","type":"post","link":"https:\/\/reporteroshoy.mx\/noticias\/se-quedara-en-prision-acusado-por-intento-de-feminicidio-en-pensiones\/","title":{"rendered":"Se quedar\u00e1 en prisi\u00f3n acusado por intento de feminicidio en Pensiones"},"content":{"rendered":"<p class=\"x_MsoNormal\" style=\"text-align: justify;\"><span style=\"color: #000000;\">M\u00e9rida, Yucat\u00e1n; 4 de noviembre de 2022.- Acusado de agredir y lesionar a su pareja, V.A.G.H. fue vinculado a proceso por el delito de feminicidio agravado en grado de tentativa, denunciado tras los hechos ocurridos la semana pasada en un predio de la colonia Pensiones de esta ciudad de M\u00e9rida, por lo que continuar\u00e1 bajo la medida cautelar de presi\u00f3n preventiva.<\/span><\/p>\n<p class=\"x_MsoNormal\" style=\"text-align: justify;\"><span style=\"color: #000000;\">En la audiencia celebrada en el Centro de Justicia Oral de M\u00e9rida, la Fiscal\u00eda General del Estado (FGE) aport\u00f3 los datos de prueba contenidos en la carpeta de investigaci\u00f3n de la causa penal 353\/2022, los cuales fueron considerados por la Juez Segunda de Control como suficientes para decretar el citado auto de vinculaci\u00f3n a proceso por el delito imputado y otorg\u00f3 adem\u00e1s un plazo de cuatro meses para el cierre de la investigaci\u00f3n complementaria.<\/span><\/p>\n<p><img loading=\"lazy\" decoding=\"async\" class=\"wp-image-94329 aligncenter\" src=\"https:\/\/reporteroshoy.mx\/noticias\/wp-content\/uploads\/2022\/11\/PENSIONES-scaled.jpeg\" alt=\"\" width=\"605\" height=\"425\" \/><\/p>\n<p class=\"x_MsoNormal\" style=\"text-align: justify;\"><span style=\"color: #000000;\">Cabe recordar que durante la audiencia inicial, los fiscales de litigaci\u00f3n establecieron que los hechos ocurrieron el pasado 26 de octubre, en el interior del predio familiar ubicado en la colonia Pensiones, donde el impuesto golpe\u00f3 en repetidas ocasiones a la mujer y despu\u00e9s la lesion\u00f3 con unas tijeras, por lo que se solicit\u00f3 el auxilio policiaco, que lleg\u00f3 al lugar y logr\u00f3 la detenci\u00f3n del encausado.<\/span><\/p>\n<p class=\"x_MsoNormal\" style=\"text-align: justify;\"><span style=\"color: #000000;\">Por \u00faltimo, antes de dar por concluida la diligencia judicial, fue ratificada la medida cautelar de prisi\u00f3n preventiva justificada, la cual se otorg\u00f3 en la audiencia previa y se mantendr\u00e1 vigente por todo el tiempo que dure el proceso.<\/span><\/p>\n","protected":false},"excerpt":{"rendered":"<p>El sujeto fue vinculado a proceso tras el violento ataque a su pareja, a quien golpe\u00f3 en repetidas ocasiones e incluso lesion\u00f3 con unas tijeras.<\/p>\n","protected":false},"author":2,"featured_media":94329,"comment_status":"open","ping_status":"closed","sticky":false,"template":"","format":"standard","meta":{"footnotes":""},"categories":[14],"tags":[11690,3901,23018,3863],"class_list":["post-94327","post","type-post","status-publish","format-standard","has-post-thumbnail","hentry","category-policia","tag-colonia-pensiones","tag-intento-de-feminicidio","tag-intento-de-feminicidio-en-pensiones","tag-pensiones"],"yoast_head":"<!-- This site is optimized with the Yoast SEO plugin v28.3 - https:\/\/yoast.com\/product\/yoast-seo-wordpress\/ -->\n<title>Se quedar\u00e1 en prisi\u00f3n acusado por intento de feminicidio en Pensiones<\/title>\n<meta name=\"description\" content=\"El sujeto fue vinculado a proceso tras el violento ataque a su pareja, a quien golpe\u00f3 en repetidas ocasiones e incluso lesion\u00f3 con unas tijeras.\" \/>\n<meta name=\"robots\" content=\"index, follow, max-snippet:-1, max-image-preview:large, max-video-preview:-1\" \/>\n<link rel=\"canonical\" href=\"https:\/\/reporteroshoy.mx\/noticias\/se-quedara-en-prision-acusado-por-intento-de-feminicidio-en-pensiones\/\" \/>\n<meta property=\"og:locale\" content=\"es_ES\" \/>\n<meta property=\"og:type\" content=\"article\" \/>\n<meta property=\"og:title\" content=\"Se quedar\u00e1 en prisi\u00f3n acusado por intento de feminicidio en Pensiones\" \/>\n<meta property=\"og:description\" content=\"El sujeto fue vinculado a proceso tras el violento ataque a su pareja, a quien golpe\u00f3 en repetidas ocasiones e incluso lesion\u00f3 con unas tijeras.\" \/>\n<meta property=\"og:url\" content=\"https:\/\/reporteroshoy.mx\/noticias\/se-quedara-en-prision-acusado-por-intento-de-feminicidio-en-pensiones\/\" \/>\n<meta property=\"og:site_name\" content=\"Reporteros Hoy | Noticias de Yucat\u00e1n\" \/>\n<meta property=\"article:publisher\" content=\"http:\/\/www.facebook.com\/reporteroshoymx\" \/>\n<meta property=\"article:published_time\" content=\"2022-11-05T02:02:36+00:00\" \/>\n<meta property=\"og:image\" content=\"https:\/\/reporteroshoy.mx\/noticias\/wp-content\/uploads\/2022\/11\/PENSIONES-scaled.jpeg\" \/>\n\t<meta property=\"og:image:width\" content=\"768\" \/>\n\t<meta property=\"og:image:height\" content=\"540\" \/>\n\t<meta property=\"og:image:type\" content=\"image\/jpeg\" \/>\n<meta name=\"author\" content=\"Reporteros Hoy HY\" \/>\n<meta name=\"twitter:card\" content=\"summary_large_image\" \/>\n<meta name=\"twitter:creator\" content=\"@reporteroshoy\" \/>\n<meta name=\"twitter:site\" content=\"@reporteroshoy\" \/>\n<meta name=\"twitter:label1\" content=\"Escrito por\" \/>\n\t<meta name=\"twitter:data1\" content=\"Reporteros Hoy HY\" \/>\n\t<meta name=\"twitter:label2\" content=\"Tiempo de lectura\" \/>\n\t<meta name=\"twitter:data2\" content=\"2 minutos\" \/>\n<script type=\"application\/ld+json\" class=\"yoast-schema-graph\">{\"@context\":\"https:\\\/\\\/schema.org\",\"@graph\":[{\"@type\":\"Article\",\"@id\":\"https:\\\/\\\/reporteroshoy.mx\\\/noticias\\\/se-quedara-en-prision-acusado-por-intento-de-feminicidio-en-pensiones\\\/#article\",\"isPartOf\":{\"@id\":\"https:\\\/\\\/reporteroshoy.mx\\\/noticias\\\/se-quedara-en-prision-acusado-por-intento-de-feminicidio-en-pensiones\\\/\"},\"author\":{\"name\":\"Reporteros Hoy HY\",\"@id\":\"https:\\\/\\\/reporteroshoy.mx\\\/noticias\\\/#\\\/schema\\\/person\\\/d32189074678a9d41498d4248e29aac3\"},\"headline\":\"Se quedar\u00e1 en prisi\u00f3n acusado por intento de feminicidio en Pensiones\",\"datePublished\":\"2022-11-05T02:02:36+00:00\",\"mainEntityOfPage\":{\"@id\":\"https:\\\/\\\/reporteroshoy.mx\\\/noticias\\\/se-quedara-en-prision-acusado-por-intento-de-feminicidio-en-pensiones\\\/\"},\"wordCount\":267,\"commentCount\":0,\"image\":{\"@id\":\"https:\\\/\\\/reporteroshoy.mx\\\/noticias\\\/se-quedara-en-prision-acusado-por-intento-de-feminicidio-en-pensiones\\\/#primaryimage\"},\"thumbnailUrl\":\"https:\\\/\\\/reporteroshoy.mx\\\/noticias\\\/wp-content\\\/uploads\\\/2022\\\/11\\\/PENSIONES-scaled.jpeg\",\"keywords\":[\"Colonia Pensiones\",\"Intento de Feminicidio\",\"intento de feminicidio en Pensiones\",\"Pensiones\"],\"articleSection\":[\"Polic\u00eda\"],\"inLanguage\":\"es\",\"potentialAction\":[{\"@type\":\"CommentAction\",\"name\":\"Comment\",\"target\":[\"https:\\\/\\\/reporteroshoy.mx\\\/noticias\\\/se-quedara-en-prision-acusado-por-intento-de-feminicidio-en-pensiones\\\/#respond\"]}]},{\"@type\":\"WebPage\",\"@id\":\"https:\\\/\\\/reporteroshoy.mx\\\/noticias\\\/se-quedara-en-prision-acusado-por-intento-de-feminicidio-en-pensiones\\\/\",\"url\":\"https:\\\/\\\/reporteroshoy.mx\\\/noticias\\\/se-quedara-en-prision-acusado-por-intento-de-feminicidio-en-pensiones\\\/\",\"name\":\"Se quedar\u00e1 en prisi\u00f3n acusado por intento de feminicidio en Pensiones\",\"isPartOf\":{\"@id\":\"https:\\\/\\\/reporteroshoy.mx\\\/noticias\\\/#website\"},\"primaryImageOfPage\":{\"@id\":\"https:\\\/\\\/reporteroshoy.mx\\\/noticias\\\/se-quedara-en-prision-acusado-por-intento-de-feminicidio-en-pensiones\\\/#primaryimage\"},\"image\":{\"@id\":\"https:\\\/\\\/reporteroshoy.mx\\\/noticias\\\/se-quedara-en-prision-acusado-por-intento-de-feminicidio-en-pensiones\\\/#primaryimage\"},\"thumbnailUrl\":\"https:\\\/\\\/reporteroshoy.mx\\\/noticias\\\/wp-content\\\/uploads\\\/2022\\\/11\\\/PENSIONES-scaled.jpeg\",\"datePublished\":\"2022-11-05T02:02:36+00:00\",\"author\":{\"@id\":\"https:\\\/\\\/reporteroshoy.mx\\\/noticias\\\/#\\\/schema\\\/person\\\/d32189074678a9d41498d4248e29aac3\"},\"description\":\"El sujeto fue vinculado a proceso tras el violento ataque a su pareja, a quien golpe\u00f3 en repetidas ocasiones e incluso lesion\u00f3 con unas tijeras.\",\"breadcrumb\":{\"@id\":\"https:\\\/\\\/reporteroshoy.mx\\\/noticias\\\/se-quedara-en-prision-acusado-por-intento-de-feminicidio-en-pensiones\\\/#breadcrumb\"},\"inLanguage\":\"es\",\"potentialAction\":[{\"@type\":\"ReadAction\",\"target\":[\"https:\\\/\\\/reporteroshoy.mx\\\/noticias\\\/se-quedara-en-prision-acusado-por-intento-de-feminicidio-en-pensiones\\\/\"]}]},{\"@type\":\"ImageObject\",\"inLanguage\":\"es\",\"@id\":\"https:\\\/\\\/reporteroshoy.mx\\\/noticias\\\/se-quedara-en-prision-acusado-por-intento-de-feminicidio-en-pensiones\\\/#primaryimage\",\"url\":\"https:\\\/\\\/reporteroshoy.mx\\\/noticias\\\/wp-content\\\/uploads\\\/2022\\\/11\\\/PENSIONES-scaled.jpeg\",\"contentUrl\":\"https:\\\/\\\/reporteroshoy.mx\\\/noticias\\\/wp-content\\\/uploads\\\/2022\\\/11\\\/PENSIONES-scaled.jpeg\",\"width\":768,\"height\":540},{\"@type\":\"BreadcrumbList\",\"@id\":\"https:\\\/\\\/reporteroshoy.mx\\\/noticias\\\/se-quedara-en-prision-acusado-por-intento-de-feminicidio-en-pensiones\\\/#breadcrumb\",\"itemListElement\":[{\"@type\":\"ListItem\",\"position\":1,\"name\":\"Portada\",\"item\":\"https:\\\/\\\/reporteroshoy.mx\\\/noticias\\\/\"},{\"@type\":\"ListItem\",\"position\":2,\"name\":\"Se quedar\u00e1 en prisi\u00f3n acusado por intento de feminicidio en Pensiones\"}]},{\"@type\":\"WebSite\",\"@id\":\"https:\\\/\\\/reporteroshoy.mx\\\/noticias\\\/#website\",\"url\":\"https:\\\/\\\/reporteroshoy.mx\\\/noticias\\\/\",\"name\":\"Reporteros Hoy | Noticias de Yucat\u00e1n\",\"description\":\"Peri\u00f3dico digital con noticias diarias desde M\u00e9rida, Yucat\u00e1n para el mundo.\",\"potentialAction\":[{\"@type\":\"SearchAction\",\"target\":{\"@type\":\"EntryPoint\",\"urlTemplate\":\"https:\\\/\\\/reporteroshoy.mx\\\/noticias\\\/?s={search_term_string}\"},\"query-input\":{\"@type\":\"PropertyValueSpecification\",\"valueRequired\":true,\"valueName\":\"search_term_string\"}}],\"inLanguage\":\"es\"},{\"@type\":\"Person\",\"@id\":\"https:\\\/\\\/reporteroshoy.mx\\\/noticias\\\/#\\\/schema\\\/person\\\/d32189074678a9d41498d4248e29aac3\",\"name\":\"Reporteros Hoy HY\",\"image\":{\"@type\":\"ImageObject\",\"inLanguage\":\"es\",\"@id\":\"https:\\\/\\\/secure.gravatar.com\\\/avatar\\\/c539a82770f256437b35bda44650bb50f5fd4b7017f8b29672ed9f27a43cec47?s=96&d=mm&r=g\",\"url\":\"https:\\\/\\\/secure.gravatar.com\\\/avatar\\\/c539a82770f256437b35bda44650bb50f5fd4b7017f8b29672ed9f27a43cec47?s=96&d=mm&r=g\",\"contentUrl\":\"https:\\\/\\\/secure.gravatar.com\\\/avatar\\\/c539a82770f256437b35bda44650bb50f5fd4b7017f8b29672ed9f27a43cec47?s=96&d=mm&r=g\",\"caption\":\"Reporteros Hoy HY\"},\"url\":\"https:\\\/\\\/reporteroshoy.mx\\\/noticias\\\/author\\\/thelmo\\\/\"}]}<\/script>\n<!-- \/ Yoast SEO plugin. -->","yoast_head_json":{"title":"Se quedar\u00e1 en prisi\u00f3n acusado por intento de feminicidio en Pensiones","description":"El sujeto fue vinculado a proceso tras el violento ataque a su pareja, a quien golpe\u00f3 en repetidas ocasiones e incluso lesion\u00f3 con unas tijeras.","robots":{"index":"index","follow":"follow","max-snippet":"max-snippet:-1","max-image-preview":"max-image-preview:large","max-video-preview":"max-video-preview:-1"},"canonical":"https:\/\/reporteroshoy.mx\/noticias\/se-quedara-en-prision-acusado-por-intento-de-feminicidio-en-pensiones\/","og_locale":"es_ES","og_type":"article","og_title":"Se quedar\u00e1 en prisi\u00f3n acusado por intento de feminicidio en Pensiones","og_description":"El sujeto fue vinculado a proceso tras el violento ataque a su pareja, a quien golpe\u00f3 en repetidas ocasiones e incluso lesion\u00f3 con unas tijeras.","og_url":"https:\/\/reporteroshoy.mx\/noticias\/se-quedara-en-prision-acusado-por-intento-de-feminicidio-en-pensiones\/","og_site_name":"Reporteros Hoy | Noticias de Yucat\u00e1n","article_publisher":"http:\/\/www.facebook.com\/reporteroshoymx","article_published_time":"2022-11-05T02:02:36+00:00","og_image":[{"width":768,"height":540,"url":"https:\/\/reporteroshoy.mx\/noticias\/wp-content\/uploads\/2022\/11\/PENSIONES-scaled.jpeg","type":"image\/jpeg"}],"author":"Reporteros Hoy HY","twitter_card":"summary_large_image","twitter_creator":"@reporteroshoy","twitter_site":"@reporteroshoy","twitter_misc":{"Escrito por":"Reporteros Hoy HY","Tiempo de lectura":"2 minutos"},"schema":{"@context":"https:\/\/schema.org","@graph":[{"@type":"Article","@id":"https:\/\/reporteroshoy.mx\/noticias\/se-quedara-en-prision-acusado-por-intento-de-feminicidio-en-pensiones\/#article","isPartOf":{"@id":"https:\/\/reporteroshoy.mx\/noticias\/se-quedara-en-prision-acusado-por-intento-de-feminicidio-en-pensiones\/"},"author":{"name":"Reporteros Hoy HY","@id":"https:\/\/reporteroshoy.mx\/noticias\/#\/schema\/person\/d32189074678a9d41498d4248e29aac3"},"headline":"Se quedar\u00e1 en prisi\u00f3n acusado por intento de feminicidio en Pensiones","datePublished":"2022-11-05T02:02:36+00:00","mainEntityOfPage":{"@id":"https:\/\/reporteroshoy.mx\/noticias\/se-quedara-en-prision-acusado-por-intento-de-feminicidio-en-pensiones\/"},"wordCount":267,"commentCount":0,"image":{"@id":"https:\/\/reporteroshoy.mx\/noticias\/se-quedara-en-prision-acusado-por-intento-de-feminicidio-en-pensiones\/#primaryimage"},"thumbnailUrl":"https:\/\/reporteroshoy.mx\/noticias\/wp-content\/uploads\/2022\/11\/PENSIONES-scaled.jpeg","keywords":["Colonia Pensiones","Intento de Feminicidio","intento de feminicidio en Pensiones","Pensiones"],"articleSection":["Polic\u00eda"],"inLanguage":"es","potentialAction":[{"@type":"CommentAction","name":"Comment","target":["https:\/\/reporteroshoy.mx\/noticias\/se-quedara-en-prision-acusado-por-intento-de-feminicidio-en-pensiones\/#respond"]}]},{"@type":"WebPage","@id":"https:\/\/reporteroshoy.mx\/noticias\/se-quedara-en-prision-acusado-por-intento-de-feminicidio-en-pensiones\/","url":"https:\/\/reporteroshoy.mx\/noticias\/se-quedara-en-prision-acusado-por-intento-de-feminicidio-en-pensiones\/","name":"Se quedar\u00e1 en prisi\u00f3n acusado por intento de feminicidio en Pensiones","isPartOf":{"@id":"https:\/\/reporteroshoy.mx\/noticias\/#website"},"primaryImageOfPage":{"@id":"https:\/\/reporteroshoy.mx\/noticias\/se-quedara-en-prision-acusado-por-intento-de-feminicidio-en-pensiones\/#primaryimage"},"image":{"@id":"https:\/\/reporteroshoy.mx\/noticias\/se-quedara-en-prision-acusado-por-intento-de-feminicidio-en-pensiones\/#primaryimage"},"thumbnailUrl":"https:\/\/reporteroshoy.mx\/noticias\/wp-content\/uploads\/2022\/11\/PENSIONES-scaled.jpeg","datePublished":"2022-11-05T02:02:36+00:00","author":{"@id":"https:\/\/reporteroshoy.mx\/noticias\/#\/schema\/person\/d32189074678a9d41498d4248e29aac3"},"description":"El sujeto fue vinculado a proceso tras el violento ataque a su pareja, a quien golpe\u00f3 en repetidas ocasiones e incluso lesion\u00f3 con unas tijeras.","breadcrumb":{"@id":"https:\/\/reporteroshoy.mx\/noticias\/se-quedara-en-prision-acusado-por-intento-de-feminicidio-en-pensiones\/#breadcrumb"},"inLanguage":"es","potentialAction":[{"@type":"ReadAction","target":["https:\/\/reporteroshoy.mx\/noticias\/se-quedara-en-prision-acusado-por-intento-de-feminicidio-en-pensiones\/"]}]},{"@type":"ImageObject","inLanguage":"es","@id":"https:\/\/reporteroshoy.mx\/noticias\/se-quedara-en-prision-acusado-por-intento-de-feminicidio-en-pensiones\/#primaryimage","url":"https:\/\/reporteroshoy.mx\/noticias\/wp-content\/uploads\/2022\/11\/PENSIONES-scaled.jpeg","contentUrl":"https:\/\/reporteroshoy.mx\/noticias\/wp-content\/uploads\/2022\/11\/PENSIONES-scaled.jpeg","width":768,"height":540},{"@type":"BreadcrumbList","@id":"https:\/\/reporteroshoy.mx\/noticias\/se-quedara-en-prision-acusado-por-intento-de-feminicidio-en-pensiones\/#breadcrumb","itemListElement":[{"@type":"ListItem","position":1,"name":"Portada","item":"https:\/\/reporteroshoy.mx\/noticias\/"},{"@type":"ListItem","position":2,"name":"Se quedar\u00e1 en prisi\u00f3n acusado por intento de feminicidio en Pensiones"}]},{"@type":"WebSite","@id":"https:\/\/reporteroshoy.mx\/noticias\/#website","url":"https:\/\/reporteroshoy.mx\/noticias\/","name":"Reporteros Hoy | Noticias de Yucat\u00e1n","description":"Peri\u00f3dico digital con noticias diarias desde M\u00e9rida, Yucat\u00e1n para el mundo.","potentialAction":[{"@type":"SearchAction","target":{"@type":"EntryPoint","urlTemplate":"https:\/\/reporteroshoy.mx\/noticias\/?s={search_term_string}"},"query-input":{"@type":"PropertyValueSpecification","valueRequired":true,"valueName":"search_term_string"}}],"inLanguage":"es"},{"@type":"Person","@id":"https:\/\/reporteroshoy.mx\/noticias\/#\/schema\/person\/d32189074678a9d41498d4248e29aac3","name":"Reporteros Hoy HY","image":{"@type":"ImageObject","inLanguage":"es","@id":"https:\/\/secure.gravatar.com\/avatar\/c539a82770f256437b35bda44650bb50f5fd4b7017f8b29672ed9f27a43cec47?s=96&d=mm&r=g","url":"https:\/\/secure.gravatar.com\/avatar\/c539a82770f256437b35bda44650bb50f5fd4b7017f8b29672ed9f27a43cec47?s=96&d=mm&r=g","contentUrl":"https:\/\/secure.gravatar.com\/avatar\/c539a82770f256437b35bda44650bb50f5fd4b7017f8b29672ed9f27a43cec47?s=96&d=mm&r=g","caption":"Reporteros Hoy HY"},"url":"https:\/\/reporteroshoy.mx\/noticias\/author\/thelmo\/"}]}},"_links":{"self":[{"href":"https:\/\/reporteroshoy.mx\/noticias\/wp-json\/wp\/v2\/posts\/94327","targetHints":{"allow":["GET"]}}],"collection":[{"href":"https:\/\/reporteroshoy.mx\/noticias\/wp-json\/wp\/v2\/posts"}],"about":[{"href":"https:\/\/reporteroshoy.mx\/noticias\/wp-json\/wp\/v2\/types\/post"}],"author":[{"embeddable":true,"href":"https:\/\/reporteroshoy.mx\/noticias\/wp-json\/wp\/v2\/users\/2"}],"replies":[{"embeddable":true,"href":"https:\/\/reporteroshoy.mx\/noticias\/wp-json\/wp\/v2\/comments?post=94327"}],"version-history":[{"count":0,"href":"https:\/\/reporteroshoy.mx\/noticias\/wp-json\/wp\/v2\/posts\/94327\/revisions"}],"wp:featuredmedia":[{"embeddable":true,"href":"https:\/\/reporteroshoy.mx\/noticias\/wp-json\/wp\/v2\/media\/94329"}],"wp:attachment":[{"href":"https:\/\/reporteroshoy.mx\/noticias\/wp-json\/wp\/v2\/media?parent=94327"}],"wp:term":[{"taxonomy":"category","embeddable":true,"href":"https:\/\/reporteroshoy.mx\/noticias\/wp-json\/wp\/v2\/categories?post=94327"},{"taxonomy":"post_tag","embeddable":true,"href":"https:\/\/reporteroshoy.mx\/noticias\/wp-json\/wp\/v2\/tags?post=94327"}],"curies":[{"name":"wp","href":"https:\/\/api.w.org\/{rel}","templated":true}]}}