{"id":94363,"date":"2022-11-05T16:25:55","date_gmt":"2022-11-05T22:25:55","guid":{"rendered":"https:\/\/reporteroshoy.mx\/noticias\/?p=94363"},"modified":"2022-11-05T16:25:55","modified_gmt":"2022-11-05T22:25:55","slug":"concluye-congreso-para-sensibilizar-sobre-el-autismo","status":"publish","type":"post","link":"https:\/\/reporteroshoy.mx\/noticias\/concluye-congreso-para-sensibilizar-sobre-el-autismo\/","title":{"rendered":"Concluye Congreso para sensibilizar sobre el autismo"},"content":{"rendered":"<p style=\"text-align: justify;\">M\u00e9rida, Yucat\u00e1n; 5 de noviembre de 2022.- El Ayuntamiento de M\u00e9rida que encabeza el Alcalde Ren\u00e1n Barrera Concha, realiz\u00f3 la ceremonia de clausura del 11\u00b0 Congreso Internacional de Autismo COTII \u201cHoy t\u00fa cambias mi futuro\u201d, que permiti\u00f3 abordar el tema del autismo desde diferentes perspectivas para construir m\u00e1s espacios inclusivos dentro del Municipio.<\/p>\n<p style=\"text-align: justify;\">A trav\u00e9s del DIF Municipal, el Ayuntamiento contin\u00faa con la promoci\u00f3n, sensibilizaci\u00f3n y creaci\u00f3n de medidas que mejoren la calidad de vida de las personas con autismo y sus familias, para lo cual se organiz\u00f3 este congreso con especialistas nacionales e internacionales.<\/p>\n<p><img loading=\"lazy\" decoding=\"async\" class=\"wp-image-94364 aligncenter\" src=\"https:\/\/reporteroshoy.mx\/noticias\/wp-content\/uploads\/2022\/11\/Espacios-inclusivos1.jpeg\" alt=\"\" width=\"600\" height=\"337\" \/><\/p>\n<p style=\"text-align: justify;\">En esta jornada de dos d\u00edas, Diana Castillo Laviada, Presidenta del DIF M\u00e9rida, afirm\u00f3 que trabajan en forma permanente para atender a la poblaci\u00f3n m\u00e1s vulnerable, no s\u00f3lo con programas y acciones, sino construyendo espacios que sean inclusivos y multipliquen las oportunidades para todas y todos.<\/p>\n<p style=\"text-align: justify;\">\u00abTrabajar por y para las poblaciones m\u00e1s vulnerables es un compromiso plasmado en el Plan Municipal de Desarrollo, por lo que el tema de la inclusi\u00f3n es un trabajo de todos los d\u00edas en el DIF M\u00e9rida\u201d, expres\u00f3.<\/p>\n<p style=\"text-align: justify;\">De igual manera, reconoci\u00f3 a las familias que tienen a alg\u00fan miembro con esta condici\u00f3n de vida, as\u00ed como a las y los profesionistas, que con estrategias innovadoras est\u00e1n dispuestos a aprender a mejorar el entorno para proporcionarles m\u00e1s opciones de bienestar para todas y todos.<\/p>\n<p style=\"text-align: justify;\">A estas jornadas, acudieron las y los docentes de los CENDIS, trabajadoras sociales y maestras y maestros de los Centros de Atenci\u00f3n a Personas con Discapacidad del DIF M\u00e9rida, para continuar prepar\u00e1ndose y seguir ofreciendo una atenci\u00f3n de calidad a la ciudadan\u00eda.<\/p>\n<p><img loading=\"lazy\" decoding=\"async\" class=\"wp-image-94365 aligncenter\" src=\"https:\/\/reporteroshoy.mx\/noticias\/wp-content\/uploads\/2022\/11\/Espacios-inclusivos.jpeg\" alt=\"\" width=\"598\" height=\"337\" \/><\/p>\n<p style=\"text-align: justify;\">En los dos d\u00edas que dur\u00f3 el 11\u00ba Congreso, se dieron cita m\u00e1s de 800 personas entre madres y padres de familia, docentes y profesionales de la salud, con el objetivo de contar con informaci\u00f3n actualizada y validada cient\u00edficamente, acerca de los avances en Trastorno del Espectro Autista que ayuden a mejorar la calidad de vida de ni\u00f1as, ni\u00f1os y j\u00f3venes para su integraci\u00f3n e inclusi\u00f3n educativa y en la comunidad en general.<\/p>\n<p style=\"text-align: justify;\">En el evento, que se desarroll\u00f3 en formato h\u00edbrido, participaron conferencistas de Espa\u00f1a, Alemania, M\u00e9xico, Estados Unidos, Argentina y Colombia.<\/p>\n<p style=\"text-align: justify;\">La presidenta del Comit\u00e9 Organizador del Congreso y directora general de Centro COTII, Rosa del Carmen Barroso Ayala, explic\u00f3 que durante los d\u00edas de este evento se contaron con pl\u00e1ticas y talleres orientado a padres de familia, maestros, psic\u00f3logos, m\u00e9dicos, profesionistas de la salud y la educaci\u00f3n.<\/p>\n","protected":false},"excerpt":{"rendered":"<p>A trav\u00e9s de un trabajo colaborativo, las autoridades municipales y asociaciones civiles impulsan la construcci\u00f3n de espacios inclusivos para todas y todos.<\/p>\n","protected":false},"author":9,"featured_media":94364,"comment_status":"open","ping_status":"closed","sticky":false,"template":"","format":"standard","meta":{"footnotes":""},"categories":[7],"tags":[2200,24,23026],"class_list":["post-94363","post","type-post","status-publish","format-standard","has-post-thumbnail","hentry","category-gobierno","tag-autismo","tag-ayuntamiento-de-merida","tag-espacios-inclusivos"],"yoast_head":"<!-- This site is optimized with the Yoast SEO plugin v28.3 - https:\/\/yoast.com\/product\/yoast-seo-wordpress\/ -->\n<title>Concluye Congreso para sensibilizar sobre el autismo<\/title>\n<meta name=\"description\" content=\"A trav\u00e9s de un trabajo colaborativo, las autoridades municipales y asociaciones civiles impulsan la construcci\u00f3n de espacios inclusivos para todas y todos.\" \/>\n<meta name=\"robots\" content=\"index, follow, max-snippet:-1, max-image-preview:large, max-video-preview:-1\" \/>\n<link rel=\"canonical\" href=\"https:\/\/reporteroshoy.mx\/noticias\/concluye-congreso-para-sensibilizar-sobre-el-autismo\/\" \/>\n<meta property=\"og:locale\" content=\"es_ES\" \/>\n<meta property=\"og:type\" content=\"article\" \/>\n<meta property=\"og:title\" content=\"Concluye Congreso para sensibilizar sobre el autismo\" \/>\n<meta property=\"og:description\" content=\"A trav\u00e9s de un trabajo colaborativo, las autoridades municipales y asociaciones civiles impulsan la construcci\u00f3n de espacios inclusivos para todas y todos.\" \/>\n<meta property=\"og:url\" content=\"https:\/\/reporteroshoy.mx\/noticias\/concluye-congreso-para-sensibilizar-sobre-el-autismo\/\" \/>\n<meta property=\"og:site_name\" content=\"Reporteros Hoy | Noticias de Yucat\u00e1n\" \/>\n<meta property=\"article:publisher\" content=\"http:\/\/www.facebook.com\/reporteroshoymx\" \/>\n<meta property=\"article:published_time\" content=\"2022-11-05T22:25:55+00:00\" \/>\n<meta property=\"og:image\" content=\"https:\/\/reporteroshoy.mx\/noticias\/wp-content\/uploads\/2022\/11\/Espacios-inclusivos1.jpeg\" \/>\n\t<meta property=\"og:image:width\" content=\"768\" \/>\n\t<meta property=\"og:image:height\" content=\"431\" \/>\n\t<meta property=\"og:image:type\" content=\"image\/jpeg\" \/>\n<meta name=\"author\" content=\"Reporteros Hoy WP\" \/>\n<meta name=\"twitter:card\" content=\"summary_large_image\" \/>\n<meta name=\"twitter:creator\" content=\"@reporteroshoy\" \/>\n<meta name=\"twitter:site\" content=\"@reporteroshoy\" \/>\n<meta name=\"twitter:label1\" content=\"Escrito por\" \/>\n\t<meta name=\"twitter:data1\" content=\"Reporteros Hoy WP\" \/>\n\t<meta name=\"twitter:label2\" content=\"Tiempo de lectura\" \/>\n\t<meta name=\"twitter:data2\" content=\"3 minutos\" \/>\n<script type=\"application\/ld+json\" class=\"yoast-schema-graph\">{\"@context\":\"https:\\\/\\\/schema.org\",\"@graph\":[{\"@type\":\"Article\",\"@id\":\"https:\\\/\\\/reporteroshoy.mx\\\/noticias\\\/concluye-congreso-para-sensibilizar-sobre-el-autismo\\\/#article\",\"isPartOf\":{\"@id\":\"https:\\\/\\\/reporteroshoy.mx\\\/noticias\\\/concluye-congreso-para-sensibilizar-sobre-el-autismo\\\/\"},\"author\":{\"name\":\"Reporteros Hoy WP\",\"@id\":\"https:\\\/\\\/reporteroshoy.mx\\\/noticias\\\/#\\\/schema\\\/person\\\/c977527e57c958a62c5cefe8fe47876e\"},\"headline\":\"Concluye Congreso para sensibilizar sobre el autismo\",\"datePublished\":\"2022-11-05T22:25:55+00:00\",\"mainEntityOfPage\":{\"@id\":\"https:\\\/\\\/reporteroshoy.mx\\\/noticias\\\/concluye-congreso-para-sensibilizar-sobre-el-autismo\\\/\"},\"wordCount\":455,\"commentCount\":0,\"image\":{\"@id\":\"https:\\\/\\\/reporteroshoy.mx\\\/noticias\\\/concluye-congreso-para-sensibilizar-sobre-el-autismo\\\/#primaryimage\"},\"thumbnailUrl\":\"https:\\\/\\\/reporteroshoy.mx\\\/noticias\\\/wp-content\\\/uploads\\\/2022\\\/11\\\/Espacios-inclusivos1.jpeg\",\"keywords\":[\"Autismo\",\"ayuntamiento de merida\",\"Espacios inclusivos\"],\"articleSection\":[\"Gobierno\"],\"inLanguage\":\"es\",\"potentialAction\":[{\"@type\":\"CommentAction\",\"name\":\"Comment\",\"target\":[\"https:\\\/\\\/reporteroshoy.mx\\\/noticias\\\/concluye-congreso-para-sensibilizar-sobre-el-autismo\\\/#respond\"]}]},{\"@type\":\"WebPage\",\"@id\":\"https:\\\/\\\/reporteroshoy.mx\\\/noticias\\\/concluye-congreso-para-sensibilizar-sobre-el-autismo\\\/\",\"url\":\"https:\\\/\\\/reporteroshoy.mx\\\/noticias\\\/concluye-congreso-para-sensibilizar-sobre-el-autismo\\\/\",\"name\":\"Concluye Congreso para sensibilizar sobre el autismo\",\"isPartOf\":{\"@id\":\"https:\\\/\\\/reporteroshoy.mx\\\/noticias\\\/#website\"},\"primaryImageOfPage\":{\"@id\":\"https:\\\/\\\/reporteroshoy.mx\\\/noticias\\\/concluye-congreso-para-sensibilizar-sobre-el-autismo\\\/#primaryimage\"},\"image\":{\"@id\":\"https:\\\/\\\/reporteroshoy.mx\\\/noticias\\\/concluye-congreso-para-sensibilizar-sobre-el-autismo\\\/#primaryimage\"},\"thumbnailUrl\":\"https:\\\/\\\/reporteroshoy.mx\\\/noticias\\\/wp-content\\\/uploads\\\/2022\\\/11\\\/Espacios-inclusivos1.jpeg\",\"datePublished\":\"2022-11-05T22:25:55+00:00\",\"author\":{\"@id\":\"https:\\\/\\\/reporteroshoy.mx\\\/noticias\\\/#\\\/schema\\\/person\\\/c977527e57c958a62c5cefe8fe47876e\"},\"description\":\"A trav\u00e9s de un trabajo colaborativo, las autoridades municipales y asociaciones civiles impulsan la construcci\u00f3n de espacios inclusivos para todas y todos.\",\"breadcrumb\":{\"@id\":\"https:\\\/\\\/reporteroshoy.mx\\\/noticias\\\/concluye-congreso-para-sensibilizar-sobre-el-autismo\\\/#breadcrumb\"},\"inLanguage\":\"es\",\"potentialAction\":[{\"@type\":\"ReadAction\",\"target\":[\"https:\\\/\\\/reporteroshoy.mx\\\/noticias\\\/concluye-congreso-para-sensibilizar-sobre-el-autismo\\\/\"]}]},{\"@type\":\"ImageObject\",\"inLanguage\":\"es\",\"@id\":\"https:\\\/\\\/reporteroshoy.mx\\\/noticias\\\/concluye-congreso-para-sensibilizar-sobre-el-autismo\\\/#primaryimage\",\"url\":\"https:\\\/\\\/reporteroshoy.mx\\\/noticias\\\/wp-content\\\/uploads\\\/2022\\\/11\\\/Espacios-inclusivos1.jpeg\",\"contentUrl\":\"https:\\\/\\\/reporteroshoy.mx\\\/noticias\\\/wp-content\\\/uploads\\\/2022\\\/11\\\/Espacios-inclusivos1.jpeg\",\"width\":768,\"height\":431},{\"@type\":\"BreadcrumbList\",\"@id\":\"https:\\\/\\\/reporteroshoy.mx\\\/noticias\\\/concluye-congreso-para-sensibilizar-sobre-el-autismo\\\/#breadcrumb\",\"itemListElement\":[{\"@type\":\"ListItem\",\"position\":1,\"name\":\"Portada\",\"item\":\"https:\\\/\\\/reporteroshoy.mx\\\/noticias\\\/\"},{\"@type\":\"ListItem\",\"position\":2,\"name\":\"Concluye Congreso para sensibilizar sobre el autismo\"}]},{\"@type\":\"WebSite\",\"@id\":\"https:\\\/\\\/reporteroshoy.mx\\\/noticias\\\/#website\",\"url\":\"https:\\\/\\\/reporteroshoy.mx\\\/noticias\\\/\",\"name\":\"Reporteros Hoy | Noticias de Yucat\u00e1n\",\"description\":\"Peri\u00f3dico digital con noticias diarias desde M\u00e9rida, Yucat\u00e1n para el mundo.\",\"potentialAction\":[{\"@type\":\"SearchAction\",\"target\":{\"@type\":\"EntryPoint\",\"urlTemplate\":\"https:\\\/\\\/reporteroshoy.mx\\\/noticias\\\/?s={search_term_string}\"},\"query-input\":{\"@type\":\"PropertyValueSpecification\",\"valueRequired\":true,\"valueName\":\"search_term_string\"}}],\"inLanguage\":\"es\"},{\"@type\":\"Person\",\"@id\":\"https:\\\/\\\/reporteroshoy.mx\\\/noticias\\\/#\\\/schema\\\/person\\\/c977527e57c958a62c5cefe8fe47876e\",\"name\":\"Reporteros Hoy WP\",\"image\":{\"@type\":\"ImageObject\",\"inLanguage\":\"es\",\"@id\":\"https:\\\/\\\/secure.gravatar.com\\\/avatar\\\/fd2917f79a7dae30f8ac9ddc2f35e1756bb59e25e01d1cd09deaa64df7b2f73e?s=96&d=mm&r=g\",\"url\":\"https:\\\/\\\/secure.gravatar.com\\\/avatar\\\/fd2917f79a7dae30f8ac9ddc2f35e1756bb59e25e01d1cd09deaa64df7b2f73e?s=96&d=mm&r=g\",\"contentUrl\":\"https:\\\/\\\/secure.gravatar.com\\\/avatar\\\/fd2917f79a7dae30f8ac9ddc2f35e1756bb59e25e01d1cd09deaa64df7b2f73e?s=96&d=mm&r=g\",\"caption\":\"Reporteros Hoy WP\"},\"url\":\"https:\\\/\\\/reporteroshoy.mx\\\/noticias\\\/author\\\/walfer\\\/\"}]}<\/script>\n<!-- \/ Yoast SEO plugin. -->","yoast_head_json":{"title":"Concluye Congreso para sensibilizar sobre el autismo","description":"A trav\u00e9s de un trabajo colaborativo, las autoridades municipales y asociaciones civiles impulsan la construcci\u00f3n de espacios inclusivos para todas y todos.","robots":{"index":"index","follow":"follow","max-snippet":"max-snippet:-1","max-image-preview":"max-image-preview:large","max-video-preview":"max-video-preview:-1"},"canonical":"https:\/\/reporteroshoy.mx\/noticias\/concluye-congreso-para-sensibilizar-sobre-el-autismo\/","og_locale":"es_ES","og_type":"article","og_title":"Concluye Congreso para sensibilizar sobre el autismo","og_description":"A trav\u00e9s de un trabajo colaborativo, las autoridades municipales y asociaciones civiles impulsan la construcci\u00f3n de espacios inclusivos para todas y todos.","og_url":"https:\/\/reporteroshoy.mx\/noticias\/concluye-congreso-para-sensibilizar-sobre-el-autismo\/","og_site_name":"Reporteros Hoy | Noticias de Yucat\u00e1n","article_publisher":"http:\/\/www.facebook.com\/reporteroshoymx","article_published_time":"2022-11-05T22:25:55+00:00","og_image":[{"width":768,"height":431,"url":"https:\/\/reporteroshoy.mx\/noticias\/wp-content\/uploads\/2022\/11\/Espacios-inclusivos1.jpeg","type":"image\/jpeg"}],"author":"Reporteros Hoy WP","twitter_card":"summary_large_image","twitter_creator":"@reporteroshoy","twitter_site":"@reporteroshoy","twitter_misc":{"Escrito por":"Reporteros Hoy WP","Tiempo de lectura":"3 minutos"},"schema":{"@context":"https:\/\/schema.org","@graph":[{"@type":"Article","@id":"https:\/\/reporteroshoy.mx\/noticias\/concluye-congreso-para-sensibilizar-sobre-el-autismo\/#article","isPartOf":{"@id":"https:\/\/reporteroshoy.mx\/noticias\/concluye-congreso-para-sensibilizar-sobre-el-autismo\/"},"author":{"name":"Reporteros Hoy WP","@id":"https:\/\/reporteroshoy.mx\/noticias\/#\/schema\/person\/c977527e57c958a62c5cefe8fe47876e"},"headline":"Concluye Congreso para sensibilizar sobre el autismo","datePublished":"2022-11-05T22:25:55+00:00","mainEntityOfPage":{"@id":"https:\/\/reporteroshoy.mx\/noticias\/concluye-congreso-para-sensibilizar-sobre-el-autismo\/"},"wordCount":455,"commentCount":0,"image":{"@id":"https:\/\/reporteroshoy.mx\/noticias\/concluye-congreso-para-sensibilizar-sobre-el-autismo\/#primaryimage"},"thumbnailUrl":"https:\/\/reporteroshoy.mx\/noticias\/wp-content\/uploads\/2022\/11\/Espacios-inclusivos1.jpeg","keywords":["Autismo","ayuntamiento de merida","Espacios inclusivos"],"articleSection":["Gobierno"],"inLanguage":"es","potentialAction":[{"@type":"CommentAction","name":"Comment","target":["https:\/\/reporteroshoy.mx\/noticias\/concluye-congreso-para-sensibilizar-sobre-el-autismo\/#respond"]}]},{"@type":"WebPage","@id":"https:\/\/reporteroshoy.mx\/noticias\/concluye-congreso-para-sensibilizar-sobre-el-autismo\/","url":"https:\/\/reporteroshoy.mx\/noticias\/concluye-congreso-para-sensibilizar-sobre-el-autismo\/","name":"Concluye Congreso para sensibilizar sobre el autismo","isPartOf":{"@id":"https:\/\/reporteroshoy.mx\/noticias\/#website"},"primaryImageOfPage":{"@id":"https:\/\/reporteroshoy.mx\/noticias\/concluye-congreso-para-sensibilizar-sobre-el-autismo\/#primaryimage"},"image":{"@id":"https:\/\/reporteroshoy.mx\/noticias\/concluye-congreso-para-sensibilizar-sobre-el-autismo\/#primaryimage"},"thumbnailUrl":"https:\/\/reporteroshoy.mx\/noticias\/wp-content\/uploads\/2022\/11\/Espacios-inclusivos1.jpeg","datePublished":"2022-11-05T22:25:55+00:00","author":{"@id":"https:\/\/reporteroshoy.mx\/noticias\/#\/schema\/person\/c977527e57c958a62c5cefe8fe47876e"},"description":"A trav\u00e9s de un trabajo colaborativo, las autoridades municipales y asociaciones civiles impulsan la construcci\u00f3n de espacios inclusivos para todas y todos.","breadcrumb":{"@id":"https:\/\/reporteroshoy.mx\/noticias\/concluye-congreso-para-sensibilizar-sobre-el-autismo\/#breadcrumb"},"inLanguage":"es","potentialAction":[{"@type":"ReadAction","target":["https:\/\/reporteroshoy.mx\/noticias\/concluye-congreso-para-sensibilizar-sobre-el-autismo\/"]}]},{"@type":"ImageObject","inLanguage":"es","@id":"https:\/\/reporteroshoy.mx\/noticias\/concluye-congreso-para-sensibilizar-sobre-el-autismo\/#primaryimage","url":"https:\/\/reporteroshoy.mx\/noticias\/wp-content\/uploads\/2022\/11\/Espacios-inclusivos1.jpeg","contentUrl":"https:\/\/reporteroshoy.mx\/noticias\/wp-content\/uploads\/2022\/11\/Espacios-inclusivos1.jpeg","width":768,"height":431},{"@type":"BreadcrumbList","@id":"https:\/\/reporteroshoy.mx\/noticias\/concluye-congreso-para-sensibilizar-sobre-el-autismo\/#breadcrumb","itemListElement":[{"@type":"ListItem","position":1,"name":"Portada","item":"https:\/\/reporteroshoy.mx\/noticias\/"},{"@type":"ListItem","position":2,"name":"Concluye Congreso para sensibilizar sobre el autismo"}]},{"@type":"WebSite","@id":"https:\/\/reporteroshoy.mx\/noticias\/#website","url":"https:\/\/reporteroshoy.mx\/noticias\/","name":"Reporteros Hoy | Noticias de Yucat\u00e1n","description":"Peri\u00f3dico digital con noticias diarias desde M\u00e9rida, Yucat\u00e1n para el mundo.","potentialAction":[{"@type":"SearchAction","target":{"@type":"EntryPoint","urlTemplate":"https:\/\/reporteroshoy.mx\/noticias\/?s={search_term_string}"},"query-input":{"@type":"PropertyValueSpecification","valueRequired":true,"valueName":"search_term_string"}}],"inLanguage":"es"},{"@type":"Person","@id":"https:\/\/reporteroshoy.mx\/noticias\/#\/schema\/person\/c977527e57c958a62c5cefe8fe47876e","name":"Reporteros Hoy WP","image":{"@type":"ImageObject","inLanguage":"es","@id":"https:\/\/secure.gravatar.com\/avatar\/fd2917f79a7dae30f8ac9ddc2f35e1756bb59e25e01d1cd09deaa64df7b2f73e?s=96&d=mm&r=g","url":"https:\/\/secure.gravatar.com\/avatar\/fd2917f79a7dae30f8ac9ddc2f35e1756bb59e25e01d1cd09deaa64df7b2f73e?s=96&d=mm&r=g","contentUrl":"https:\/\/secure.gravatar.com\/avatar\/fd2917f79a7dae30f8ac9ddc2f35e1756bb59e25e01d1cd09deaa64df7b2f73e?s=96&d=mm&r=g","caption":"Reporteros Hoy WP"},"url":"https:\/\/reporteroshoy.mx\/noticias\/author\/walfer\/"}]}},"_links":{"self":[{"href":"https:\/\/reporteroshoy.mx\/noticias\/wp-json\/wp\/v2\/posts\/94363","targetHints":{"allow":["GET"]}}],"collection":[{"href":"https:\/\/reporteroshoy.mx\/noticias\/wp-json\/wp\/v2\/posts"}],"about":[{"href":"https:\/\/reporteroshoy.mx\/noticias\/wp-json\/wp\/v2\/types\/post"}],"author":[{"embeddable":true,"href":"https:\/\/reporteroshoy.mx\/noticias\/wp-json\/wp\/v2\/users\/9"}],"replies":[{"embeddable":true,"href":"https:\/\/reporteroshoy.mx\/noticias\/wp-json\/wp\/v2\/comments?post=94363"}],"version-history":[{"count":0,"href":"https:\/\/reporteroshoy.mx\/noticias\/wp-json\/wp\/v2\/posts\/94363\/revisions"}],"wp:featuredmedia":[{"embeddable":true,"href":"https:\/\/reporteroshoy.mx\/noticias\/wp-json\/wp\/v2\/media\/94364"}],"wp:attachment":[{"href":"https:\/\/reporteroshoy.mx\/noticias\/wp-json\/wp\/v2\/media?parent=94363"}],"wp:term":[{"taxonomy":"category","embeddable":true,"href":"https:\/\/reporteroshoy.mx\/noticias\/wp-json\/wp\/v2\/categories?post=94363"},{"taxonomy":"post_tag","embeddable":true,"href":"https:\/\/reporteroshoy.mx\/noticias\/wp-json\/wp\/v2\/tags?post=94363"}],"curies":[{"name":"wp","href":"https:\/\/api.w.org\/{rel}","templated":true}]}}