{"id":94972,"date":"2022-11-20T19:22:33","date_gmt":"2022-11-21T01:22:33","guid":{"rendered":"https:\/\/reporteroshoy.mx\/noticias\/?p=94972"},"modified":"2022-11-20T19:22:33","modified_gmt":"2022-11-21T01:22:33","slug":"necesaria-una-investigacion-exhaustiva-sobre-hechos-de-transito","status":"publish","type":"post","link":"https:\/\/reporteroshoy.mx\/noticias\/necesaria-una-investigacion-exhaustiva-sobre-hechos-de-transito\/","title":{"rendered":"Necesaria una investigaci\u00f3n exhaustiva sobre hechos de tr\u00e1nsito"},"content":{"rendered":"<p style=\"text-align: justify;\">M\u00e9rida, Yucat\u00e1n, 20 de noviembre de 2022 (ACOM). \u2013 En el marco de D\u00eda Mundial en Recuerdo de las V\u00edctimas por Siniestros Viales se hizo un llamado para fortalecer los mecanismos de justicia a fin sancionar a quienes provocan la muerte de personas en hechos de tr\u00e1nsito.<\/p>\n<p style=\"text-align: justify;\">El auditor en Seguridad Vial, Ren\u00e9 Flores Ayora, se\u00f1al\u00f3 que la correcta aplicaci\u00f3n de la ley, la investigaci\u00f3n exhaustiva despu\u00e9s de un siniestro de tr\u00e1nsito para determinar si se cometi\u00f3 un delito, el enjuiciamiento penal cuando corresponda y la compensaci\u00f3n civil son acciones que se deben garantizar.<\/p>\n<p style=\"text-align: justify;\">\u201cLas v\u00edctimas o sus familiares claman justicia cuando el siniestro es ocasionado por una persona que no respet\u00f3 los l\u00edmites de velocidad, conduc\u00eda en estado de ebriedad o actu\u00f3 de manera imprudente\u201d expuso.<\/p>\n<p style=\"text-align: justify;\">Flores Ayora dijo que el acto se realiza para recordar a quienes perdieron la vida durante percances de tr\u00e1nsito.<\/p>\n<p style=\"text-align: justify;\">\u201cQueremos llamar la atenci\u00f3n sobre la respuesta jur\u00eddica que se debe dar a lesionados y personas fallecidas\u201d puntualiz\u00f3.<\/p>\n<p style=\"text-align: justify;\">Se pronunci\u00f3 a favor de abogar por un mejor apoyo a las v\u00edctimas de los siniestros de tr\u00e1nsito y sus familias.<\/p>\n<p style=\"text-align: justify;\">Tambi\u00e9n reconoci\u00f3 la labor crucial de los servicios de emergencia ya que param\u00e9dicos, bomberos, doctores, enfermeras y polic\u00edas se ocupan diariamente de las consecuencias traum\u00e1ticas de los accidentes viales.<\/p>\n<p style=\"text-align: justify;\">El especialista insisti\u00f3 en la necesidad de ver este un problema como una pandemia por el n\u00famero de decesos que genera en el mundo.<\/p>\n<p style=\"text-align: justify;\">Indic\u00f3 que en lo que va del a\u00f1o, se han registrado 190 fallecidos en siniestros de tr\u00e1nsito cifra que se desglosa en: 90 motociclistas 19 ciclistas, 34 viajeros\/ acompa\u00f1antes, 23 conductores y 7 peatones.<\/p>\n<p style=\"text-align: justify;\">Como cada a\u00f1o, se program\u00f3 un minuto de silencio ante el Monumento a la Patria en el Paseo de Montejo y la colocaci\u00f3n de veladoras en memoria de las personas que perdieron la vida en siniestros viales.<\/p>\n<p style=\"text-align: justify;\">La breve ceremonia no se pudo realizar a consecuencia de la lluvia que gener\u00f3 el frente fr\u00edo que azota a la regi\u00f3n.<\/p>\n","protected":false},"excerpt":{"rendered":"<p>En el marco de D\u00eda Mundial en Recuerdo de las V\u00edctimas por Siniestros Viales se hizo un llamado para fortalecer los mecanismos de justicia. <\/p>\n","protected":false},"author":5,"featured_media":0,"comment_status":"open","ping_status":"closed","sticky":false,"template":"","format":"standard","meta":{"footnotes":""},"categories":[17],"tags":[7939,5314,14915],"class_list":["post-94972","post","type-post","status-publish","format-standard","hentry","category-yucatan","tag-rene-flores-ayora","tag-siniestros-viales","tag-victimas"],"yoast_head":"<!-- This site is optimized with the Yoast SEO plugin v28.3 - https:\/\/yoast.com\/product\/yoast-seo-wordpress\/ -->\n<title>Necesaria una investigaci\u00f3n exhaustiva sobre hechos de tr\u00e1nsito<\/title>\n<meta name=\"description\" content=\"En el marco de D\u00eda Mundial en Recuerdo de las V\u00edctimas por Siniestros Viales se hizo un llamado para fortalecer los mecanismos de justicia.\" \/>\n<meta name=\"robots\" content=\"index, follow, max-snippet:-1, max-image-preview:large, max-video-preview:-1\" \/>\n<link rel=\"canonical\" href=\"https:\/\/reporteroshoy.mx\/noticias\/necesaria-una-investigacion-exhaustiva-sobre-hechos-de-transito\/\" \/>\n<meta property=\"og:locale\" content=\"es_ES\" \/>\n<meta property=\"og:type\" content=\"article\" \/>\n<meta property=\"og:title\" content=\"Necesaria una investigaci\u00f3n exhaustiva sobre hechos de tr\u00e1nsito\" \/>\n<meta property=\"og:description\" content=\"En el marco de D\u00eda Mundial en Recuerdo de las V\u00edctimas por Siniestros Viales se hizo un llamado para fortalecer los mecanismos de justicia.\" \/>\n<meta property=\"og:url\" content=\"https:\/\/reporteroshoy.mx\/noticias\/necesaria-una-investigacion-exhaustiva-sobre-hechos-de-transito\/\" \/>\n<meta property=\"og:site_name\" content=\"Reporteros Hoy | Noticias de Yucat\u00e1n\" \/>\n<meta property=\"article:publisher\" content=\"http:\/\/www.facebook.com\/reporteroshoymx\" \/>\n<meta property=\"article:published_time\" content=\"2022-11-21T01:22:33+00:00\" \/>\n<meta property=\"og:image\" content=\"https:\/\/reporteroshoy.mx\/noticias\/wp-content\/uploads\/2022\/11\/RENE-FLORES_1-scaled.jpeg\" \/>\n\t<meta property=\"og:image:width\" content=\"768\" \/>\n\t<meta property=\"og:image:height\" content=\"576\" \/>\n\t<meta property=\"og:image:type\" content=\"image\/jpeg\" \/>\n<meta name=\"author\" content=\"Reporteros Hoy IM\" \/>\n<meta name=\"twitter:card\" content=\"summary_large_image\" \/>\n<meta name=\"twitter:creator\" content=\"@reporteroshoy\" \/>\n<meta name=\"twitter:site\" content=\"@reporteroshoy\" \/>\n<meta name=\"twitter:label1\" content=\"Escrito por\" \/>\n\t<meta name=\"twitter:data1\" content=\"Reporteros Hoy IM\" \/>\n\t<meta name=\"twitter:label2\" content=\"Tiempo de lectura\" \/>\n\t<meta name=\"twitter:data2\" content=\"2 minutos\" \/>\n<script type=\"application\/ld+json\" class=\"yoast-schema-graph\">{\"@context\":\"https:\\\/\\\/schema.org\",\"@graph\":[{\"@type\":\"Article\",\"@id\":\"https:\\\/\\\/reporteroshoy.mx\\\/noticias\\\/necesaria-una-investigacion-exhaustiva-sobre-hechos-de-transito\\\/#article\",\"isPartOf\":{\"@id\":\"https:\\\/\\\/reporteroshoy.mx\\\/noticias\\\/necesaria-una-investigacion-exhaustiva-sobre-hechos-de-transito\\\/\"},\"author\":{\"name\":\"Reporteros Hoy IM\",\"@id\":\"https:\\\/\\\/reporteroshoy.mx\\\/noticias\\\/#\\\/schema\\\/person\\\/948520f0d88b01be2e5266bc4acbbc15\"},\"headline\":\"Necesaria una investigaci\u00f3n exhaustiva sobre hechos de tr\u00e1nsito\",\"datePublished\":\"2022-11-21T01:22:33+00:00\",\"mainEntityOfPage\":{\"@id\":\"https:\\\/\\\/reporteroshoy.mx\\\/noticias\\\/necesaria-una-investigacion-exhaustiva-sobre-hechos-de-transito\\\/\"},\"wordCount\":363,\"commentCount\":0,\"keywords\":[\"Ren\u00e9 Flores Ayora\",\"Siniestros Viales\",\"V\u00edctimas\"],\"articleSection\":[\"Yucat\u00e1n\"],\"inLanguage\":\"es\",\"potentialAction\":[{\"@type\":\"CommentAction\",\"name\":\"Comment\",\"target\":[\"https:\\\/\\\/reporteroshoy.mx\\\/noticias\\\/necesaria-una-investigacion-exhaustiva-sobre-hechos-de-transito\\\/#respond\"]}]},{\"@type\":\"WebPage\",\"@id\":\"https:\\\/\\\/reporteroshoy.mx\\\/noticias\\\/necesaria-una-investigacion-exhaustiva-sobre-hechos-de-transito\\\/\",\"url\":\"https:\\\/\\\/reporteroshoy.mx\\\/noticias\\\/necesaria-una-investigacion-exhaustiva-sobre-hechos-de-transito\\\/\",\"name\":\"Necesaria una investigaci\u00f3n exhaustiva sobre hechos de tr\u00e1nsito\",\"isPartOf\":{\"@id\":\"https:\\\/\\\/reporteroshoy.mx\\\/noticias\\\/#website\"},\"datePublished\":\"2022-11-21T01:22:33+00:00\",\"author\":{\"@id\":\"https:\\\/\\\/reporteroshoy.mx\\\/noticias\\\/#\\\/schema\\\/person\\\/948520f0d88b01be2e5266bc4acbbc15\"},\"description\":\"En el marco de D\u00eda Mundial en Recuerdo de las V\u00edctimas por Siniestros Viales se hizo un llamado para fortalecer los mecanismos de justicia.\",\"breadcrumb\":{\"@id\":\"https:\\\/\\\/reporteroshoy.mx\\\/noticias\\\/necesaria-una-investigacion-exhaustiva-sobre-hechos-de-transito\\\/#breadcrumb\"},\"inLanguage\":\"es\",\"potentialAction\":[{\"@type\":\"ReadAction\",\"target\":[\"https:\\\/\\\/reporteroshoy.mx\\\/noticias\\\/necesaria-una-investigacion-exhaustiva-sobre-hechos-de-transito\\\/\"]}]},{\"@type\":\"BreadcrumbList\",\"@id\":\"https:\\\/\\\/reporteroshoy.mx\\\/noticias\\\/necesaria-una-investigacion-exhaustiva-sobre-hechos-de-transito\\\/#breadcrumb\",\"itemListElement\":[{\"@type\":\"ListItem\",\"position\":1,\"name\":\"Portada\",\"item\":\"https:\\\/\\\/reporteroshoy.mx\\\/noticias\\\/\"},{\"@type\":\"ListItem\",\"position\":2,\"name\":\"Necesaria una investigaci\u00f3n exhaustiva sobre hechos de tr\u00e1nsito\"}]},{\"@type\":\"WebSite\",\"@id\":\"https:\\\/\\\/reporteroshoy.mx\\\/noticias\\\/#website\",\"url\":\"https:\\\/\\\/reporteroshoy.mx\\\/noticias\\\/\",\"name\":\"Reporteros Hoy | Noticias de Yucat\u00e1n\",\"description\":\"Peri\u00f3dico digital con noticias diarias desde M\u00e9rida, Yucat\u00e1n para el mundo.\",\"potentialAction\":[{\"@type\":\"SearchAction\",\"target\":{\"@type\":\"EntryPoint\",\"urlTemplate\":\"https:\\\/\\\/reporteroshoy.mx\\\/noticias\\\/?s={search_term_string}\"},\"query-input\":{\"@type\":\"PropertyValueSpecification\",\"valueRequired\":true,\"valueName\":\"search_term_string\"}}],\"inLanguage\":\"es\"},{\"@type\":\"Person\",\"@id\":\"https:\\\/\\\/reporteroshoy.mx\\\/noticias\\\/#\\\/schema\\\/person\\\/948520f0d88b01be2e5266bc4acbbc15\",\"name\":\"Reporteros Hoy IM\",\"image\":{\"@type\":\"ImageObject\",\"inLanguage\":\"es\",\"@id\":\"https:\\\/\\\/secure.gravatar.com\\\/avatar\\\/d843030b96552826ac048bdfe26f2895604b800ed0c880ee55765a74d95dfc65?s=96&d=mm&r=g\",\"url\":\"https:\\\/\\\/secure.gravatar.com\\\/avatar\\\/d843030b96552826ac048bdfe26f2895604b800ed0c880ee55765a74d95dfc65?s=96&d=mm&r=g\",\"contentUrl\":\"https:\\\/\\\/secure.gravatar.com\\\/avatar\\\/d843030b96552826ac048bdfe26f2895604b800ed0c880ee55765a74d95dfc65?s=96&d=mm&r=g\",\"caption\":\"Reporteros Hoy IM\"},\"url\":\"https:\\\/\\\/reporteroshoy.mx\\\/noticias\\\/author\\\/israel\\\/\"}]}<\/script>\n<!-- \/ Yoast SEO plugin. -->","yoast_head_json":{"title":"Necesaria una investigaci\u00f3n exhaustiva sobre hechos de tr\u00e1nsito","description":"En el marco de D\u00eda Mundial en Recuerdo de las V\u00edctimas por Siniestros Viales se hizo un llamado para fortalecer los mecanismos de justicia.","robots":{"index":"index","follow":"follow","max-snippet":"max-snippet:-1","max-image-preview":"max-image-preview:large","max-video-preview":"max-video-preview:-1"},"canonical":"https:\/\/reporteroshoy.mx\/noticias\/necesaria-una-investigacion-exhaustiva-sobre-hechos-de-transito\/","og_locale":"es_ES","og_type":"article","og_title":"Necesaria una investigaci\u00f3n exhaustiva sobre hechos de tr\u00e1nsito","og_description":"En el marco de D\u00eda Mundial en Recuerdo de las V\u00edctimas por Siniestros Viales se hizo un llamado para fortalecer los mecanismos de justicia.","og_url":"https:\/\/reporteroshoy.mx\/noticias\/necesaria-una-investigacion-exhaustiva-sobre-hechos-de-transito\/","og_site_name":"Reporteros Hoy | Noticias de Yucat\u00e1n","article_publisher":"http:\/\/www.facebook.com\/reporteroshoymx","article_published_time":"2022-11-21T01:22:33+00:00","og_image":[{"width":768,"height":576,"url":"https:\/\/reporteroshoy.mx\/noticias\/wp-content\/uploads\/2022\/11\/RENE-FLORES_1-scaled.jpeg","type":"image\/jpeg"}],"author":"Reporteros Hoy IM","twitter_card":"summary_large_image","twitter_creator":"@reporteroshoy","twitter_site":"@reporteroshoy","twitter_misc":{"Escrito por":"Reporteros Hoy IM","Tiempo de lectura":"2 minutos"},"schema":{"@context":"https:\/\/schema.org","@graph":[{"@type":"Article","@id":"https:\/\/reporteroshoy.mx\/noticias\/necesaria-una-investigacion-exhaustiva-sobre-hechos-de-transito\/#article","isPartOf":{"@id":"https:\/\/reporteroshoy.mx\/noticias\/necesaria-una-investigacion-exhaustiva-sobre-hechos-de-transito\/"},"author":{"name":"Reporteros Hoy IM","@id":"https:\/\/reporteroshoy.mx\/noticias\/#\/schema\/person\/948520f0d88b01be2e5266bc4acbbc15"},"headline":"Necesaria una investigaci\u00f3n exhaustiva sobre hechos de tr\u00e1nsito","datePublished":"2022-11-21T01:22:33+00:00","mainEntityOfPage":{"@id":"https:\/\/reporteroshoy.mx\/noticias\/necesaria-una-investigacion-exhaustiva-sobre-hechos-de-transito\/"},"wordCount":363,"commentCount":0,"keywords":["Ren\u00e9 Flores Ayora","Siniestros Viales","V\u00edctimas"],"articleSection":["Yucat\u00e1n"],"inLanguage":"es","potentialAction":[{"@type":"CommentAction","name":"Comment","target":["https:\/\/reporteroshoy.mx\/noticias\/necesaria-una-investigacion-exhaustiva-sobre-hechos-de-transito\/#respond"]}]},{"@type":"WebPage","@id":"https:\/\/reporteroshoy.mx\/noticias\/necesaria-una-investigacion-exhaustiva-sobre-hechos-de-transito\/","url":"https:\/\/reporteroshoy.mx\/noticias\/necesaria-una-investigacion-exhaustiva-sobre-hechos-de-transito\/","name":"Necesaria una investigaci\u00f3n exhaustiva sobre hechos de tr\u00e1nsito","isPartOf":{"@id":"https:\/\/reporteroshoy.mx\/noticias\/#website"},"datePublished":"2022-11-21T01:22:33+00:00","author":{"@id":"https:\/\/reporteroshoy.mx\/noticias\/#\/schema\/person\/948520f0d88b01be2e5266bc4acbbc15"},"description":"En el marco de D\u00eda Mundial en Recuerdo de las V\u00edctimas por Siniestros Viales se hizo un llamado para fortalecer los mecanismos de justicia.","breadcrumb":{"@id":"https:\/\/reporteroshoy.mx\/noticias\/necesaria-una-investigacion-exhaustiva-sobre-hechos-de-transito\/#breadcrumb"},"inLanguage":"es","potentialAction":[{"@type":"ReadAction","target":["https:\/\/reporteroshoy.mx\/noticias\/necesaria-una-investigacion-exhaustiva-sobre-hechos-de-transito\/"]}]},{"@type":"BreadcrumbList","@id":"https:\/\/reporteroshoy.mx\/noticias\/necesaria-una-investigacion-exhaustiva-sobre-hechos-de-transito\/#breadcrumb","itemListElement":[{"@type":"ListItem","position":1,"name":"Portada","item":"https:\/\/reporteroshoy.mx\/noticias\/"},{"@type":"ListItem","position":2,"name":"Necesaria una investigaci\u00f3n exhaustiva sobre hechos de tr\u00e1nsito"}]},{"@type":"WebSite","@id":"https:\/\/reporteroshoy.mx\/noticias\/#website","url":"https:\/\/reporteroshoy.mx\/noticias\/","name":"Reporteros Hoy | Noticias de Yucat\u00e1n","description":"Peri\u00f3dico digital con noticias diarias desde M\u00e9rida, Yucat\u00e1n para el mundo.","potentialAction":[{"@type":"SearchAction","target":{"@type":"EntryPoint","urlTemplate":"https:\/\/reporteroshoy.mx\/noticias\/?s={search_term_string}"},"query-input":{"@type":"PropertyValueSpecification","valueRequired":true,"valueName":"search_term_string"}}],"inLanguage":"es"},{"@type":"Person","@id":"https:\/\/reporteroshoy.mx\/noticias\/#\/schema\/person\/948520f0d88b01be2e5266bc4acbbc15","name":"Reporteros Hoy IM","image":{"@type":"ImageObject","inLanguage":"es","@id":"https:\/\/secure.gravatar.com\/avatar\/d843030b96552826ac048bdfe26f2895604b800ed0c880ee55765a74d95dfc65?s=96&d=mm&r=g","url":"https:\/\/secure.gravatar.com\/avatar\/d843030b96552826ac048bdfe26f2895604b800ed0c880ee55765a74d95dfc65?s=96&d=mm&r=g","contentUrl":"https:\/\/secure.gravatar.com\/avatar\/d843030b96552826ac048bdfe26f2895604b800ed0c880ee55765a74d95dfc65?s=96&d=mm&r=g","caption":"Reporteros Hoy IM"},"url":"https:\/\/reporteroshoy.mx\/noticias\/author\/israel\/"}]}},"_links":{"self":[{"href":"https:\/\/reporteroshoy.mx\/noticias\/wp-json\/wp\/v2\/posts\/94972","targetHints":{"allow":["GET"]}}],"collection":[{"href":"https:\/\/reporteroshoy.mx\/noticias\/wp-json\/wp\/v2\/posts"}],"about":[{"href":"https:\/\/reporteroshoy.mx\/noticias\/wp-json\/wp\/v2\/types\/post"}],"author":[{"embeddable":true,"href":"https:\/\/reporteroshoy.mx\/noticias\/wp-json\/wp\/v2\/users\/5"}],"replies":[{"embeddable":true,"href":"https:\/\/reporteroshoy.mx\/noticias\/wp-json\/wp\/v2\/comments?post=94972"}],"version-history":[{"count":0,"href":"https:\/\/reporteroshoy.mx\/noticias\/wp-json\/wp\/v2\/posts\/94972\/revisions"}],"wp:attachment":[{"href":"https:\/\/reporteroshoy.mx\/noticias\/wp-json\/wp\/v2\/media?parent=94972"}],"wp:term":[{"taxonomy":"category","embeddable":true,"href":"https:\/\/reporteroshoy.mx\/noticias\/wp-json\/wp\/v2\/categories?post=94972"},{"taxonomy":"post_tag","embeddable":true,"href":"https:\/\/reporteroshoy.mx\/noticias\/wp-json\/wp\/v2\/tags?post=94972"}],"curies":[{"name":"wp","href":"https:\/\/api.w.org\/{rel}","templated":true}]}}