{"id":95938,"date":"2022-12-13T10:01:05","date_gmt":"2022-12-13T16:01:05","guid":{"rendered":"https:\/\/reporteroshoy.mx\/noticias\/?p=95938"},"modified":"2022-12-13T10:01:05","modified_gmt":"2022-12-13T16:01:05","slug":"nueva-zelanda-aprueba-prohibir-el-tabaco-a-los-nacidos-a-partir-de-2008","status":"publish","type":"post","link":"https:\/\/reporteroshoy.mx\/noticias\/nueva-zelanda-aprueba-prohibir-el-tabaco-a-los-nacidos-a-partir-de-2008\/","title":{"rendered":"Nueva Zelanda aprueba prohibir el tabaco a los nacidos a partir de 2008"},"content":{"rendered":"<p style=\"text-align: justify;\">Nueva Zelanda; 13 de diciembre de 2022 (Exc\u00e9lsior).- Nueva Zelanda implementar\u00e1 gradualmente una prohibici\u00f3n casi total del tabaco a partir de 2023 que impedir\u00e1 que cualquier persona nacida despu\u00e9s de 2008 compre cigarrillos, reduciendo al mismo tiempo la cantidad de nicotina en los productos disponibles a la venta.<\/p>\n<p style=\"text-align: justify;\">Seg\u00fan el texto aprobado este martes por el Parlamento y destinado a reducir el n\u00famero de consumidores de productos de tabaco, la edad legal para poder fumar se elevar\u00e1 cada a\u00f1o de manera progresiva. Las disposiciones son un paso \u00abhacia un futuro sin tabaco\u00bb, seg\u00fan la ministra Ayesha Verrall, impulsora de la legislaci\u00f3n.<\/p>\n<p style=\"text-align: justify;\">\u201cMiles de personas vivir\u00e1n vidas m\u00e1s largas y saludables, y el sistema sanitario se beneficiar\u00e1 de 5 mil\u00a0millones de d\u00f3lares neozelandeses\u00a0(unos 3 mil\u00a0millones d\u00f3lares)\u00a0al no tener que tratar enfermedades provocadas por el tabaquismo, como muchos tipos de c\u00e1nceres, infartos, ictus y amputaciones\u00bb, dijo.<\/p>\n<p style=\"text-align: justify;\">La tasa de fumadores adultos ya es baja en Nueva Zelanda, donde alcanza el 8 por ciento. El texto adoptado el martes y denominado \u00abAmbientes libres de tabaco\u00bb quiere reducir esta tasa a menos del 5 por ciento\u00a0para 2025.<\/p>\n<p><img loading=\"lazy\" decoding=\"async\" class=\"wp-image-95939 aligncenter\" src=\"https:\/\/reporteroshoy.mx\/noticias\/wp-content\/uploads\/2022\/12\/Tabaco.jpg\" alt=\"\" width=\"602\" height=\"339\" \/><\/p>\n","protected":false},"excerpt":{"rendered":"<p>La medida se implementar\u00e1 de forma gradual; s\u00f3lo el 8% de los neozelandeses es fumador activo.<\/p>\n","protected":false},"author":9,"featured_media":95939,"comment_status":"open","ping_status":"closed","sticky":false,"template":"","format":"standard","meta":{"footnotes":""},"categories":[9],"tags":[1629,15600],"class_list":["post-95938","post","type-post","status-publish","format-standard","has-post-thumbnail","hentry","category-mexico","tag-nueva-zelanda","tag-tabaco"],"yoast_head":"<!-- This site is optimized with the Yoast SEO plugin v28.4 - https:\/\/yoast.com\/product\/yoast-seo-wordpress\/ -->\n<title>Nueva Zelanda aprueba prohibir el tabaco a los nacidos a partir de 2008<\/title>\n<meta name=\"description\" content=\"La medida se implementar\u00e1 de forma gradual; s\u00f3lo el 8% de los neozelandeses es fumador activo.\" \/>\n<meta name=\"robots\" content=\"index, follow, max-snippet:-1, max-image-preview:large, max-video-preview:-1\" \/>\n<link rel=\"canonical\" href=\"https:\/\/reporteroshoy.mx\/noticias\/nueva-zelanda-aprueba-prohibir-el-tabaco-a-los-nacidos-a-partir-de-2008\/\" \/>\n<meta property=\"og:locale\" content=\"es_ES\" \/>\n<meta property=\"og:type\" content=\"article\" \/>\n<meta property=\"og:title\" content=\"Nueva Zelanda aprueba prohibir el tabaco a los nacidos a partir de 2008\" \/>\n<meta property=\"og:description\" content=\"La medida se implementar\u00e1 de forma gradual; s\u00f3lo el 8% de los neozelandeses es fumador activo.\" \/>\n<meta property=\"og:url\" content=\"https:\/\/reporteroshoy.mx\/noticias\/nueva-zelanda-aprueba-prohibir-el-tabaco-a-los-nacidos-a-partir-de-2008\/\" \/>\n<meta property=\"og:site_name\" content=\"Reporteros Hoy | Noticias de Yucat\u00e1n\" \/>\n<meta property=\"article:publisher\" content=\"http:\/\/www.facebook.com\/reporteroshoymx\" \/>\n<meta property=\"article:published_time\" content=\"2022-12-13T16:01:05+00:00\" \/>\n<meta property=\"og:image\" content=\"https:\/\/reporteroshoy.mx\/noticias\/wp-content\/uploads\/2022\/12\/Tabaco.jpg\" \/>\n\t<meta property=\"og:image:width\" content=\"768\" \/>\n\t<meta property=\"og:image:height\" content=\"432\" \/>\n\t<meta property=\"og:image:type\" content=\"image\/jpeg\" \/>\n<meta name=\"author\" content=\"Reporteros Hoy WP\" \/>\n<meta name=\"twitter:card\" content=\"summary_large_image\" \/>\n<meta name=\"twitter:creator\" content=\"@reporteroshoy\" \/>\n<meta name=\"twitter:site\" content=\"@reporteroshoy\" \/>\n<meta name=\"twitter:label1\" content=\"Escrito por\" \/>\n\t<meta name=\"twitter:data1\" content=\"Reporteros Hoy WP\" \/>\n\t<meta name=\"twitter:label2\" content=\"Tiempo de lectura\" \/>\n\t<meta name=\"twitter:data2\" content=\"2 minutos\" \/>\n<script type=\"application\/ld+json\" class=\"yoast-schema-graph\">{\"@context\":\"https:\\\/\\\/schema.org\",\"@graph\":[{\"@type\":\"Article\",\"@id\":\"https:\\\/\\\/reporteroshoy.mx\\\/noticias\\\/nueva-zelanda-aprueba-prohibir-el-tabaco-a-los-nacidos-a-partir-de-2008\\\/#article\",\"isPartOf\":{\"@id\":\"https:\\\/\\\/reporteroshoy.mx\\\/noticias\\\/nueva-zelanda-aprueba-prohibir-el-tabaco-a-los-nacidos-a-partir-de-2008\\\/\"},\"author\":{\"name\":\"Reporteros Hoy WP\",\"@id\":\"https:\\\/\\\/reporteroshoy.mx\\\/noticias\\\/#\\\/schema\\\/person\\\/c977527e57c958a62c5cefe8fe47876e\"},\"headline\":\"Nueva Zelanda aprueba prohibir el tabaco a los nacidos a partir de 2008\",\"datePublished\":\"2022-12-13T16:01:05+00:00\",\"mainEntityOfPage\":{\"@id\":\"https:\\\/\\\/reporteroshoy.mx\\\/noticias\\\/nueva-zelanda-aprueba-prohibir-el-tabaco-a-los-nacidos-a-partir-de-2008\\\/\"},\"wordCount\":205,\"commentCount\":0,\"image\":{\"@id\":\"https:\\\/\\\/reporteroshoy.mx\\\/noticias\\\/nueva-zelanda-aprueba-prohibir-el-tabaco-a-los-nacidos-a-partir-de-2008\\\/#primaryimage\"},\"thumbnailUrl\":\"https:\\\/\\\/reporteroshoy.mx\\\/noticias\\\/wp-content\\\/uploads\\\/2022\\\/12\\\/Tabaco.jpg\",\"keywords\":[\"Nueva Zelanda\",\"Tabaco\"],\"articleSection\":[\"M\u00e9xico\"],\"inLanguage\":\"es\",\"potentialAction\":[{\"@type\":\"CommentAction\",\"name\":\"Comment\",\"target\":[\"https:\\\/\\\/reporteroshoy.mx\\\/noticias\\\/nueva-zelanda-aprueba-prohibir-el-tabaco-a-los-nacidos-a-partir-de-2008\\\/#respond\"]}]},{\"@type\":\"WebPage\",\"@id\":\"https:\\\/\\\/reporteroshoy.mx\\\/noticias\\\/nueva-zelanda-aprueba-prohibir-el-tabaco-a-los-nacidos-a-partir-de-2008\\\/\",\"url\":\"https:\\\/\\\/reporteroshoy.mx\\\/noticias\\\/nueva-zelanda-aprueba-prohibir-el-tabaco-a-los-nacidos-a-partir-de-2008\\\/\",\"name\":\"Nueva Zelanda aprueba prohibir el tabaco a los nacidos a partir de 2008\",\"isPartOf\":{\"@id\":\"https:\\\/\\\/reporteroshoy.mx\\\/noticias\\\/#website\"},\"primaryImageOfPage\":{\"@id\":\"https:\\\/\\\/reporteroshoy.mx\\\/noticias\\\/nueva-zelanda-aprueba-prohibir-el-tabaco-a-los-nacidos-a-partir-de-2008\\\/#primaryimage\"},\"image\":{\"@id\":\"https:\\\/\\\/reporteroshoy.mx\\\/noticias\\\/nueva-zelanda-aprueba-prohibir-el-tabaco-a-los-nacidos-a-partir-de-2008\\\/#primaryimage\"},\"thumbnailUrl\":\"https:\\\/\\\/reporteroshoy.mx\\\/noticias\\\/wp-content\\\/uploads\\\/2022\\\/12\\\/Tabaco.jpg\",\"datePublished\":\"2022-12-13T16:01:05+00:00\",\"author\":{\"@id\":\"https:\\\/\\\/reporteroshoy.mx\\\/noticias\\\/#\\\/schema\\\/person\\\/c977527e57c958a62c5cefe8fe47876e\"},\"description\":\"La medida se implementar\u00e1 de forma gradual; s\u00f3lo el 8% de los neozelandeses es fumador activo.\",\"breadcrumb\":{\"@id\":\"https:\\\/\\\/reporteroshoy.mx\\\/noticias\\\/nueva-zelanda-aprueba-prohibir-el-tabaco-a-los-nacidos-a-partir-de-2008\\\/#breadcrumb\"},\"inLanguage\":\"es\",\"potentialAction\":[{\"@type\":\"ReadAction\",\"target\":[\"https:\\\/\\\/reporteroshoy.mx\\\/noticias\\\/nueva-zelanda-aprueba-prohibir-el-tabaco-a-los-nacidos-a-partir-de-2008\\\/\"]}]},{\"@type\":\"ImageObject\",\"inLanguage\":\"es\",\"@id\":\"https:\\\/\\\/reporteroshoy.mx\\\/noticias\\\/nueva-zelanda-aprueba-prohibir-el-tabaco-a-los-nacidos-a-partir-de-2008\\\/#primaryimage\",\"url\":\"https:\\\/\\\/reporteroshoy.mx\\\/noticias\\\/wp-content\\\/uploads\\\/2022\\\/12\\\/Tabaco.jpg\",\"contentUrl\":\"https:\\\/\\\/reporteroshoy.mx\\\/noticias\\\/wp-content\\\/uploads\\\/2022\\\/12\\\/Tabaco.jpg\",\"width\":768,\"height\":432},{\"@type\":\"BreadcrumbList\",\"@id\":\"https:\\\/\\\/reporteroshoy.mx\\\/noticias\\\/nueva-zelanda-aprueba-prohibir-el-tabaco-a-los-nacidos-a-partir-de-2008\\\/#breadcrumb\",\"itemListElement\":[{\"@type\":\"ListItem\",\"position\":1,\"name\":\"Portada\",\"item\":\"https:\\\/\\\/reporteroshoy.mx\\\/noticias\\\/\"},{\"@type\":\"ListItem\",\"position\":2,\"name\":\"Nueva Zelanda aprueba prohibir el tabaco a los nacidos a partir de 2008\"}]},{\"@type\":\"WebSite\",\"@id\":\"https:\\\/\\\/reporteroshoy.mx\\\/noticias\\\/#website\",\"url\":\"https:\\\/\\\/reporteroshoy.mx\\\/noticias\\\/\",\"name\":\"Reporteros Hoy | Noticias de Yucat\u00e1n\",\"description\":\"Peri\u00f3dico digital con noticias diarias desde M\u00e9rida, Yucat\u00e1n para el mundo.\",\"potentialAction\":[{\"@type\":\"SearchAction\",\"target\":{\"@type\":\"EntryPoint\",\"urlTemplate\":\"https:\\\/\\\/reporteroshoy.mx\\\/noticias\\\/?s={search_term_string}\"},\"query-input\":{\"@type\":\"PropertyValueSpecification\",\"valueRequired\":true,\"valueName\":\"search_term_string\"}}],\"inLanguage\":\"es\"},{\"@type\":\"Person\",\"@id\":\"https:\\\/\\\/reporteroshoy.mx\\\/noticias\\\/#\\\/schema\\\/person\\\/c977527e57c958a62c5cefe8fe47876e\",\"name\":\"Reporteros Hoy WP\",\"image\":{\"@type\":\"ImageObject\",\"inLanguage\":\"es\",\"@id\":\"https:\\\/\\\/secure.gravatar.com\\\/avatar\\\/fd2917f79a7dae30f8ac9ddc2f35e1756bb59e25e01d1cd09deaa64df7b2f73e?s=96&d=mm&r=g\",\"url\":\"https:\\\/\\\/secure.gravatar.com\\\/avatar\\\/fd2917f79a7dae30f8ac9ddc2f35e1756bb59e25e01d1cd09deaa64df7b2f73e?s=96&d=mm&r=g\",\"contentUrl\":\"https:\\\/\\\/secure.gravatar.com\\\/avatar\\\/fd2917f79a7dae30f8ac9ddc2f35e1756bb59e25e01d1cd09deaa64df7b2f73e?s=96&d=mm&r=g\",\"caption\":\"Reporteros Hoy WP\"},\"url\":\"https:\\\/\\\/reporteroshoy.mx\\\/noticias\\\/author\\\/walfer\\\/\"}]}<\/script>\n<!-- \/ Yoast SEO plugin. -->","yoast_head_json":{"title":"Nueva Zelanda aprueba prohibir el tabaco a los nacidos a partir de 2008","description":"La medida se implementar\u00e1 de forma gradual; s\u00f3lo el 8% de los neozelandeses es fumador activo.","robots":{"index":"index","follow":"follow","max-snippet":"max-snippet:-1","max-image-preview":"max-image-preview:large","max-video-preview":"max-video-preview:-1"},"canonical":"https:\/\/reporteroshoy.mx\/noticias\/nueva-zelanda-aprueba-prohibir-el-tabaco-a-los-nacidos-a-partir-de-2008\/","og_locale":"es_ES","og_type":"article","og_title":"Nueva Zelanda aprueba prohibir el tabaco a los nacidos a partir de 2008","og_description":"La medida se implementar\u00e1 de forma gradual; s\u00f3lo el 8% de los neozelandeses es fumador activo.","og_url":"https:\/\/reporteroshoy.mx\/noticias\/nueva-zelanda-aprueba-prohibir-el-tabaco-a-los-nacidos-a-partir-de-2008\/","og_site_name":"Reporteros Hoy | Noticias de Yucat\u00e1n","article_publisher":"http:\/\/www.facebook.com\/reporteroshoymx","article_published_time":"2022-12-13T16:01:05+00:00","og_image":[{"width":768,"height":432,"url":"https:\/\/reporteroshoy.mx\/noticias\/wp-content\/uploads\/2022\/12\/Tabaco.jpg","type":"image\/jpeg"}],"author":"Reporteros Hoy WP","twitter_card":"summary_large_image","twitter_creator":"@reporteroshoy","twitter_site":"@reporteroshoy","twitter_misc":{"Escrito por":"Reporteros Hoy WP","Tiempo de lectura":"2 minutos"},"schema":{"@context":"https:\/\/schema.org","@graph":[{"@type":"Article","@id":"https:\/\/reporteroshoy.mx\/noticias\/nueva-zelanda-aprueba-prohibir-el-tabaco-a-los-nacidos-a-partir-de-2008\/#article","isPartOf":{"@id":"https:\/\/reporteroshoy.mx\/noticias\/nueva-zelanda-aprueba-prohibir-el-tabaco-a-los-nacidos-a-partir-de-2008\/"},"author":{"name":"Reporteros Hoy WP","@id":"https:\/\/reporteroshoy.mx\/noticias\/#\/schema\/person\/c977527e57c958a62c5cefe8fe47876e"},"headline":"Nueva Zelanda aprueba prohibir el tabaco a los nacidos a partir de 2008","datePublished":"2022-12-13T16:01:05+00:00","mainEntityOfPage":{"@id":"https:\/\/reporteroshoy.mx\/noticias\/nueva-zelanda-aprueba-prohibir-el-tabaco-a-los-nacidos-a-partir-de-2008\/"},"wordCount":205,"commentCount":0,"image":{"@id":"https:\/\/reporteroshoy.mx\/noticias\/nueva-zelanda-aprueba-prohibir-el-tabaco-a-los-nacidos-a-partir-de-2008\/#primaryimage"},"thumbnailUrl":"https:\/\/reporteroshoy.mx\/noticias\/wp-content\/uploads\/2022\/12\/Tabaco.jpg","keywords":["Nueva Zelanda","Tabaco"],"articleSection":["M\u00e9xico"],"inLanguage":"es","potentialAction":[{"@type":"CommentAction","name":"Comment","target":["https:\/\/reporteroshoy.mx\/noticias\/nueva-zelanda-aprueba-prohibir-el-tabaco-a-los-nacidos-a-partir-de-2008\/#respond"]}]},{"@type":"WebPage","@id":"https:\/\/reporteroshoy.mx\/noticias\/nueva-zelanda-aprueba-prohibir-el-tabaco-a-los-nacidos-a-partir-de-2008\/","url":"https:\/\/reporteroshoy.mx\/noticias\/nueva-zelanda-aprueba-prohibir-el-tabaco-a-los-nacidos-a-partir-de-2008\/","name":"Nueva Zelanda aprueba prohibir el tabaco a los nacidos a partir de 2008","isPartOf":{"@id":"https:\/\/reporteroshoy.mx\/noticias\/#website"},"primaryImageOfPage":{"@id":"https:\/\/reporteroshoy.mx\/noticias\/nueva-zelanda-aprueba-prohibir-el-tabaco-a-los-nacidos-a-partir-de-2008\/#primaryimage"},"image":{"@id":"https:\/\/reporteroshoy.mx\/noticias\/nueva-zelanda-aprueba-prohibir-el-tabaco-a-los-nacidos-a-partir-de-2008\/#primaryimage"},"thumbnailUrl":"https:\/\/reporteroshoy.mx\/noticias\/wp-content\/uploads\/2022\/12\/Tabaco.jpg","datePublished":"2022-12-13T16:01:05+00:00","author":{"@id":"https:\/\/reporteroshoy.mx\/noticias\/#\/schema\/person\/c977527e57c958a62c5cefe8fe47876e"},"description":"La medida se implementar\u00e1 de forma gradual; s\u00f3lo el 8% de los neozelandeses es fumador activo.","breadcrumb":{"@id":"https:\/\/reporteroshoy.mx\/noticias\/nueva-zelanda-aprueba-prohibir-el-tabaco-a-los-nacidos-a-partir-de-2008\/#breadcrumb"},"inLanguage":"es","potentialAction":[{"@type":"ReadAction","target":["https:\/\/reporteroshoy.mx\/noticias\/nueva-zelanda-aprueba-prohibir-el-tabaco-a-los-nacidos-a-partir-de-2008\/"]}]},{"@type":"ImageObject","inLanguage":"es","@id":"https:\/\/reporteroshoy.mx\/noticias\/nueva-zelanda-aprueba-prohibir-el-tabaco-a-los-nacidos-a-partir-de-2008\/#primaryimage","url":"https:\/\/reporteroshoy.mx\/noticias\/wp-content\/uploads\/2022\/12\/Tabaco.jpg","contentUrl":"https:\/\/reporteroshoy.mx\/noticias\/wp-content\/uploads\/2022\/12\/Tabaco.jpg","width":768,"height":432},{"@type":"BreadcrumbList","@id":"https:\/\/reporteroshoy.mx\/noticias\/nueva-zelanda-aprueba-prohibir-el-tabaco-a-los-nacidos-a-partir-de-2008\/#breadcrumb","itemListElement":[{"@type":"ListItem","position":1,"name":"Portada","item":"https:\/\/reporteroshoy.mx\/noticias\/"},{"@type":"ListItem","position":2,"name":"Nueva Zelanda aprueba prohibir el tabaco a los nacidos a partir de 2008"}]},{"@type":"WebSite","@id":"https:\/\/reporteroshoy.mx\/noticias\/#website","url":"https:\/\/reporteroshoy.mx\/noticias\/","name":"Reporteros Hoy | Noticias de Yucat\u00e1n","description":"Peri\u00f3dico digital con noticias diarias desde M\u00e9rida, Yucat\u00e1n para el mundo.","potentialAction":[{"@type":"SearchAction","target":{"@type":"EntryPoint","urlTemplate":"https:\/\/reporteroshoy.mx\/noticias\/?s={search_term_string}"},"query-input":{"@type":"PropertyValueSpecification","valueRequired":true,"valueName":"search_term_string"}}],"inLanguage":"es"},{"@type":"Person","@id":"https:\/\/reporteroshoy.mx\/noticias\/#\/schema\/person\/c977527e57c958a62c5cefe8fe47876e","name":"Reporteros Hoy WP","image":{"@type":"ImageObject","inLanguage":"es","@id":"https:\/\/secure.gravatar.com\/avatar\/fd2917f79a7dae30f8ac9ddc2f35e1756bb59e25e01d1cd09deaa64df7b2f73e?s=96&d=mm&r=g","url":"https:\/\/secure.gravatar.com\/avatar\/fd2917f79a7dae30f8ac9ddc2f35e1756bb59e25e01d1cd09deaa64df7b2f73e?s=96&d=mm&r=g","contentUrl":"https:\/\/secure.gravatar.com\/avatar\/fd2917f79a7dae30f8ac9ddc2f35e1756bb59e25e01d1cd09deaa64df7b2f73e?s=96&d=mm&r=g","caption":"Reporteros Hoy WP"},"url":"https:\/\/reporteroshoy.mx\/noticias\/author\/walfer\/"}]}},"_links":{"self":[{"href":"https:\/\/reporteroshoy.mx\/noticias\/wp-json\/wp\/v2\/posts\/95938","targetHints":{"allow":["GET"]}}],"collection":[{"href":"https:\/\/reporteroshoy.mx\/noticias\/wp-json\/wp\/v2\/posts"}],"about":[{"href":"https:\/\/reporteroshoy.mx\/noticias\/wp-json\/wp\/v2\/types\/post"}],"author":[{"embeddable":true,"href":"https:\/\/reporteroshoy.mx\/noticias\/wp-json\/wp\/v2\/users\/9"}],"replies":[{"embeddable":true,"href":"https:\/\/reporteroshoy.mx\/noticias\/wp-json\/wp\/v2\/comments?post=95938"}],"version-history":[{"count":0,"href":"https:\/\/reporteroshoy.mx\/noticias\/wp-json\/wp\/v2\/posts\/95938\/revisions"}],"wp:featuredmedia":[{"embeddable":true,"href":"https:\/\/reporteroshoy.mx\/noticias\/wp-json\/wp\/v2\/media\/95939"}],"wp:attachment":[{"href":"https:\/\/reporteroshoy.mx\/noticias\/wp-json\/wp\/v2\/media?parent=95938"}],"wp:term":[{"taxonomy":"category","embeddable":true,"href":"https:\/\/reporteroshoy.mx\/noticias\/wp-json\/wp\/v2\/categories?post=95938"},{"taxonomy":"post_tag","embeddable":true,"href":"https:\/\/reporteroshoy.mx\/noticias\/wp-json\/wp\/v2\/tags?post=95938"}],"curies":[{"name":"wp","href":"https:\/\/api.w.org\/{rel}","templated":true}]}}