{"id":96823,"date":"2023-01-05T13:15:00","date_gmt":"2023-01-05T19:15:00","guid":{"rendered":"https:\/\/reporteroshoy.mx\/noticias\/?p=96823"},"modified":"2023-01-05T13:15:00","modified_gmt":"2023-01-05T19:15:00","slug":"abriran-7-centros-de-acopio-en-merida-para-el-reciclaje-de-arboles-de-navidad","status":"publish","type":"post","link":"https:\/\/reporteroshoy.mx\/noticias\/abriran-7-centros-de-acopio-en-merida-para-el-reciclaje-de-arboles-de-navidad\/","title":{"rendered":"Abrir\u00e1n 7 centros de acopio en M\u00e9rida para el reciclaje de \u00e1rboles de Navidad"},"content":{"rendered":"<p style=\"text-align: justify;\">M\u00e9rida, Yucat\u00e1n a 5 de enero de 2023.- Para contribuir a reintegrar al ciclo biol\u00f3gico del suelo los \u00e1rboles naturales que se utilizaron durante las festividades navide\u00f1as, el Alcalde Ren\u00e1n Barrera Concha anunci\u00f3 que se habilitar\u00e1n siete centros de acopio del 6 de enero al 10 de febrero, que funcionar\u00e1n de lunes a domingo en un horario de 08:00 a 20:00 horas, ubicados en los cuatro puntos cardinales de la ciudad.<\/p>\n<p style=\"text-align: justify;\">Barrera Concha inform\u00f3 que la Unidad de Desarrollo Sustentable (UDS) en coordinaci\u00f3n con la Direcci\u00f3n de Servicios P\u00fablicos Municipales instalar\u00e1n los centros de acopio para el dep\u00f3sito y disposici\u00f3n final de los \u00e1rboles naturales usados en las decoraciones de diciembre.<\/p>\n<p><img loading=\"lazy\" decoding=\"async\" class=\"wp-image-96824 aligncenter\" src=\"https:\/\/reporteroshoy.mx\/noticias\/wp-content\/uploads\/2023\/01\/Arboles-de-Navidad.jpeg\" alt=\"\" width=\"600\" height=\"338\" \/><\/p>\n<p style=\"text-align: justify;\">Explic\u00f3 que el objetivo de este programa, que se realiza con \u00e9xito a\u00f1o con a\u00f1o, es reintegrar estos \u00e1rboles al ciclo biol\u00f3gico del suelo y evitar que sean tirados en la v\u00eda p\u00fablica, con lo cual se cuida la ecolog\u00eda, el medio ambiente y la imagen en el Municipio.<\/p>\n<p style=\"text-align: justify;\">Asimismo, invit\u00f3 a las y los ciudadanos a contribuir con el cuidado de los espacios p\u00fablicos, asumiendo su responsabilidad de trasladar los \u00e1rboles navide\u00f1os a los centros de acopio.<\/p>\n<p style=\"text-align: justify;\">\u201cLos centros de acopio de \u00e1rboles navide\u00f1os se han convertido en un s\u00edmbolo importante para el Municipio, ya que son una v\u00eda para obtener composta que se utiliza para el cuidado de nuestros espacios p\u00fablicos y facilita a las y los ciudadanos el destino final de los arbolitos\u201d, dijo.<\/p>\n<p style=\"text-align: justify;\">Barrera Concha mencion\u00f3 que este programa de reciclaje de \u00e1rboles navide\u00f1os naturales forma parte de las pol\u00edticas p\u00fablicas medioambientalistas y de participaci\u00f3n ciudadana que impulsa la Comuna, a fin de garantizar el destino y uso adecuado de estos residuos.<\/p>\n<p style=\"text-align: justify;\">\u201cLa participaci\u00f3n ciudadana, en este caso a trav\u00e9s del reciclaje, nos permite robustecer todas las acciones y programas que impulsamos desde el Ayuntamiento para garantizar un mejor futuro para las pr\u00f3ximas generaciones, pero sobre todo porque estamos aportando de manera importante a la cultura del reaprovechamiento de los residuos\u201d, expres\u00f3.<\/p>\n<p><img loading=\"lazy\" decoding=\"async\" class=\"wp-image-96825 aligncenter\" src=\"https:\/\/reporteroshoy.mx\/noticias\/wp-content\/uploads\/2023\/01\/Arboles-de-Navidad1.jpeg\" alt=\"\" width=\"596\" height=\"335\" \/><\/p>\n<p style=\"text-align: justify;\">Los centros de acopio estar\u00e1n estrat\u00e9gicamente distribuidos en los cuatro puntos cardinales del Municipio como son la delegaci\u00f3n oriente (Col. Emilio Portes Gil) y poniente (Col. Yucalpet\u00e9n) de la Direcci\u00f3n de Servicios P\u00fablicos Municipales, parque de la Xtabay y los Mega Puntos Verdes de Walmart Campestre, Canchas de Fut7 del fraccionamiento Las Am\u00e9ricas, parque La Capilla del fraccionamiento Francisco de Montejo y parque Mtra. Consuelo Zavala Castillo del fraccionamiento Pensiones.<\/p>\n<p style=\"text-align: justify;\">Finalmente, dijo que, a diferencia de a\u00f1os anteriores, no se realizar\u00e1 el canje de \u00e1rbol por \u00e1rbol ya que existe un puesto permanente de adopci\u00f3n de \u00e1rboles que funciona con \u00e9xito durante todo el a\u00f1o. Los ciudadanos interesados pueden acudir a la Unidad de Desarrollo Sustentable ubicado en la Calle 10 No. 106 x 23 y 25 Fracc. Mulsay, de lunes a viernes de 08:30 a 14:30 horas.<\/p>\n","protected":false},"excerpt":{"rendered":"<p>Los centros de acopio funcionar\u00e1n del 6 enero al 10 de febrero con un horario de lunes a domingo de 08:00 a 20:00 horas. <\/p>\n","protected":false},"author":9,"featured_media":96824,"comment_status":"open","ping_status":"closed","sticky":false,"template":"","format":"standard","meta":{"footnotes":""},"categories":[7],"tags":[9057,12218,8383],"class_list":["post-96823","post","type-post","status-publish","format-standard","has-post-thumbnail","hentry","category-gobierno","tag-arboles-de-navidad","tag-centros-de-acopio","tag-reciclaje"],"yoast_head":"<!-- This site is optimized with the Yoast SEO plugin v28.4 - https:\/\/yoast.com\/product\/yoast-seo-wordpress\/ -->\n<title>Abrir\u00e1n 7 centros de acopio en M\u00e9rida para el reciclaje de \u00e1rboles de Navidad<\/title>\n<meta name=\"description\" content=\"Los centros de acopio funcionar\u00e1n del 6 enero al 10 de febrero con un horario de lunes a domingo de 08:00 a 20:00 horas.\" \/>\n<meta name=\"robots\" content=\"index, follow, max-snippet:-1, max-image-preview:large, max-video-preview:-1\" \/>\n<link rel=\"canonical\" href=\"https:\/\/reporteroshoy.mx\/noticias\/abriran-7-centros-de-acopio-en-merida-para-el-reciclaje-de-arboles-de-navidad\/\" \/>\n<meta property=\"og:locale\" content=\"es_ES\" \/>\n<meta property=\"og:type\" content=\"article\" \/>\n<meta property=\"og:title\" content=\"Abrir\u00e1n 7 centros de acopio en M\u00e9rida para el reciclaje de \u00e1rboles de Navidad\" \/>\n<meta property=\"og:description\" content=\"Los centros de acopio funcionar\u00e1n del 6 enero al 10 de febrero con un horario de lunes a domingo de 08:00 a 20:00 horas.\" \/>\n<meta property=\"og:url\" content=\"https:\/\/reporteroshoy.mx\/noticias\/abriran-7-centros-de-acopio-en-merida-para-el-reciclaje-de-arboles-de-navidad\/\" \/>\n<meta property=\"og:site_name\" content=\"Reporteros Hoy | Noticias de Yucat\u00e1n\" \/>\n<meta property=\"article:publisher\" content=\"http:\/\/www.facebook.com\/reporteroshoymx\" \/>\n<meta property=\"article:published_time\" content=\"2023-01-05T19:15:00+00:00\" \/>\n<meta property=\"og:image\" content=\"https:\/\/reporteroshoy.mx\/noticias\/wp-content\/uploads\/2023\/01\/Arboles-de-Navidad.jpeg\" \/>\n\t<meta property=\"og:image:width\" content=\"768\" \/>\n\t<meta property=\"og:image:height\" content=\"432\" \/>\n\t<meta property=\"og:image:type\" content=\"image\/jpeg\" \/>\n<meta name=\"author\" content=\"Reporteros Hoy WP\" \/>\n<meta name=\"twitter:card\" content=\"summary_large_image\" \/>\n<meta name=\"twitter:creator\" content=\"@reporteroshoy\" \/>\n<meta name=\"twitter:site\" content=\"@reporteroshoy\" \/>\n<meta name=\"twitter:label1\" content=\"Escrito por\" \/>\n\t<meta name=\"twitter:data1\" content=\"Reporteros Hoy WP\" \/>\n\t<meta name=\"twitter:label2\" content=\"Tiempo de lectura\" \/>\n\t<meta name=\"twitter:data2\" content=\"3 minutos\" \/>\n<script type=\"application\/ld+json\" class=\"yoast-schema-graph\">{\"@context\":\"https:\\\/\\\/schema.org\",\"@graph\":[{\"@type\":\"Article\",\"@id\":\"https:\\\/\\\/reporteroshoy.mx\\\/noticias\\\/abriran-7-centros-de-acopio-en-merida-para-el-reciclaje-de-arboles-de-navidad\\\/#article\",\"isPartOf\":{\"@id\":\"https:\\\/\\\/reporteroshoy.mx\\\/noticias\\\/abriran-7-centros-de-acopio-en-merida-para-el-reciclaje-de-arboles-de-navidad\\\/\"},\"author\":{\"name\":\"Reporteros Hoy WP\",\"@id\":\"https:\\\/\\\/reporteroshoy.mx\\\/noticias\\\/#\\\/schema\\\/person\\\/c977527e57c958a62c5cefe8fe47876e\"},\"headline\":\"Abrir\u00e1n 7 centros de acopio en M\u00e9rida para el reciclaje de \u00e1rboles de Navidad\",\"datePublished\":\"2023-01-05T19:15:00+00:00\",\"mainEntityOfPage\":{\"@id\":\"https:\\\/\\\/reporteroshoy.mx\\\/noticias\\\/abriran-7-centros-de-acopio-en-merida-para-el-reciclaje-de-arboles-de-navidad\\\/\"},\"wordCount\":511,\"commentCount\":0,\"image\":{\"@id\":\"https:\\\/\\\/reporteroshoy.mx\\\/noticias\\\/abriran-7-centros-de-acopio-en-merida-para-el-reciclaje-de-arboles-de-navidad\\\/#primaryimage\"},\"thumbnailUrl\":\"https:\\\/\\\/reporteroshoy.mx\\\/noticias\\\/wp-content\\\/uploads\\\/2023\\\/01\\\/Arboles-de-Navidad.jpeg\",\"keywords\":[\"\u00c1rboles de navidad\",\"centros de acopio\",\"reciclaje\"],\"articleSection\":[\"Gobierno\"],\"inLanguage\":\"es\",\"potentialAction\":[{\"@type\":\"CommentAction\",\"name\":\"Comment\",\"target\":[\"https:\\\/\\\/reporteroshoy.mx\\\/noticias\\\/abriran-7-centros-de-acopio-en-merida-para-el-reciclaje-de-arboles-de-navidad\\\/#respond\"]}]},{\"@type\":\"WebPage\",\"@id\":\"https:\\\/\\\/reporteroshoy.mx\\\/noticias\\\/abriran-7-centros-de-acopio-en-merida-para-el-reciclaje-de-arboles-de-navidad\\\/\",\"url\":\"https:\\\/\\\/reporteroshoy.mx\\\/noticias\\\/abriran-7-centros-de-acopio-en-merida-para-el-reciclaje-de-arboles-de-navidad\\\/\",\"name\":\"Abrir\u00e1n 7 centros de acopio en M\u00e9rida para el reciclaje de \u00e1rboles de Navidad\",\"isPartOf\":{\"@id\":\"https:\\\/\\\/reporteroshoy.mx\\\/noticias\\\/#website\"},\"primaryImageOfPage\":{\"@id\":\"https:\\\/\\\/reporteroshoy.mx\\\/noticias\\\/abriran-7-centros-de-acopio-en-merida-para-el-reciclaje-de-arboles-de-navidad\\\/#primaryimage\"},\"image\":{\"@id\":\"https:\\\/\\\/reporteroshoy.mx\\\/noticias\\\/abriran-7-centros-de-acopio-en-merida-para-el-reciclaje-de-arboles-de-navidad\\\/#primaryimage\"},\"thumbnailUrl\":\"https:\\\/\\\/reporteroshoy.mx\\\/noticias\\\/wp-content\\\/uploads\\\/2023\\\/01\\\/Arboles-de-Navidad.jpeg\",\"datePublished\":\"2023-01-05T19:15:00+00:00\",\"author\":{\"@id\":\"https:\\\/\\\/reporteroshoy.mx\\\/noticias\\\/#\\\/schema\\\/person\\\/c977527e57c958a62c5cefe8fe47876e\"},\"description\":\"Los centros de acopio funcionar\u00e1n del 6 enero al 10 de febrero con un horario de lunes a domingo de 08:00 a 20:00 horas.\",\"breadcrumb\":{\"@id\":\"https:\\\/\\\/reporteroshoy.mx\\\/noticias\\\/abriran-7-centros-de-acopio-en-merida-para-el-reciclaje-de-arboles-de-navidad\\\/#breadcrumb\"},\"inLanguage\":\"es\",\"potentialAction\":[{\"@type\":\"ReadAction\",\"target\":[\"https:\\\/\\\/reporteroshoy.mx\\\/noticias\\\/abriran-7-centros-de-acopio-en-merida-para-el-reciclaje-de-arboles-de-navidad\\\/\"]}]},{\"@type\":\"ImageObject\",\"inLanguage\":\"es\",\"@id\":\"https:\\\/\\\/reporteroshoy.mx\\\/noticias\\\/abriran-7-centros-de-acopio-en-merida-para-el-reciclaje-de-arboles-de-navidad\\\/#primaryimage\",\"url\":\"https:\\\/\\\/reporteroshoy.mx\\\/noticias\\\/wp-content\\\/uploads\\\/2023\\\/01\\\/Arboles-de-Navidad.jpeg\",\"contentUrl\":\"https:\\\/\\\/reporteroshoy.mx\\\/noticias\\\/wp-content\\\/uploads\\\/2023\\\/01\\\/Arboles-de-Navidad.jpeg\",\"width\":768,\"height\":432},{\"@type\":\"BreadcrumbList\",\"@id\":\"https:\\\/\\\/reporteroshoy.mx\\\/noticias\\\/abriran-7-centros-de-acopio-en-merida-para-el-reciclaje-de-arboles-de-navidad\\\/#breadcrumb\",\"itemListElement\":[{\"@type\":\"ListItem\",\"position\":1,\"name\":\"Portada\",\"item\":\"https:\\\/\\\/reporteroshoy.mx\\\/noticias\\\/\"},{\"@type\":\"ListItem\",\"position\":2,\"name\":\"Abrir\u00e1n 7 centros de acopio en M\u00e9rida para el reciclaje de \u00e1rboles de Navidad\"}]},{\"@type\":\"WebSite\",\"@id\":\"https:\\\/\\\/reporteroshoy.mx\\\/noticias\\\/#website\",\"url\":\"https:\\\/\\\/reporteroshoy.mx\\\/noticias\\\/\",\"name\":\"Reporteros Hoy | Noticias de Yucat\u00e1n\",\"description\":\"Peri\u00f3dico digital con noticias diarias desde M\u00e9rida, Yucat\u00e1n para el mundo.\",\"potentialAction\":[{\"@type\":\"SearchAction\",\"target\":{\"@type\":\"EntryPoint\",\"urlTemplate\":\"https:\\\/\\\/reporteroshoy.mx\\\/noticias\\\/?s={search_term_string}\"},\"query-input\":{\"@type\":\"PropertyValueSpecification\",\"valueRequired\":true,\"valueName\":\"search_term_string\"}}],\"inLanguage\":\"es\"},{\"@type\":\"Person\",\"@id\":\"https:\\\/\\\/reporteroshoy.mx\\\/noticias\\\/#\\\/schema\\\/person\\\/c977527e57c958a62c5cefe8fe47876e\",\"name\":\"Reporteros Hoy WP\",\"image\":{\"@type\":\"ImageObject\",\"inLanguage\":\"es\",\"@id\":\"https:\\\/\\\/secure.gravatar.com\\\/avatar\\\/fd2917f79a7dae30f8ac9ddc2f35e1756bb59e25e01d1cd09deaa64df7b2f73e?s=96&d=mm&r=g\",\"url\":\"https:\\\/\\\/secure.gravatar.com\\\/avatar\\\/fd2917f79a7dae30f8ac9ddc2f35e1756bb59e25e01d1cd09deaa64df7b2f73e?s=96&d=mm&r=g\",\"contentUrl\":\"https:\\\/\\\/secure.gravatar.com\\\/avatar\\\/fd2917f79a7dae30f8ac9ddc2f35e1756bb59e25e01d1cd09deaa64df7b2f73e?s=96&d=mm&r=g\",\"caption\":\"Reporteros Hoy WP\"},\"url\":\"https:\\\/\\\/reporteroshoy.mx\\\/noticias\\\/author\\\/walfer\\\/\"}]}<\/script>\n<!-- \/ Yoast SEO plugin. -->","yoast_head_json":{"title":"Abrir\u00e1n 7 centros de acopio en M\u00e9rida para el reciclaje de \u00e1rboles de Navidad","description":"Los centros de acopio funcionar\u00e1n del 6 enero al 10 de febrero con un horario de lunes a domingo de 08:00 a 20:00 horas.","robots":{"index":"index","follow":"follow","max-snippet":"max-snippet:-1","max-image-preview":"max-image-preview:large","max-video-preview":"max-video-preview:-1"},"canonical":"https:\/\/reporteroshoy.mx\/noticias\/abriran-7-centros-de-acopio-en-merida-para-el-reciclaje-de-arboles-de-navidad\/","og_locale":"es_ES","og_type":"article","og_title":"Abrir\u00e1n 7 centros de acopio en M\u00e9rida para el reciclaje de \u00e1rboles de Navidad","og_description":"Los centros de acopio funcionar\u00e1n del 6 enero al 10 de febrero con un horario de lunes a domingo de 08:00 a 20:00 horas.","og_url":"https:\/\/reporteroshoy.mx\/noticias\/abriran-7-centros-de-acopio-en-merida-para-el-reciclaje-de-arboles-de-navidad\/","og_site_name":"Reporteros Hoy | Noticias de Yucat\u00e1n","article_publisher":"http:\/\/www.facebook.com\/reporteroshoymx","article_published_time":"2023-01-05T19:15:00+00:00","og_image":[{"width":768,"height":432,"url":"https:\/\/reporteroshoy.mx\/noticias\/wp-content\/uploads\/2023\/01\/Arboles-de-Navidad.jpeg","type":"image\/jpeg"}],"author":"Reporteros Hoy WP","twitter_card":"summary_large_image","twitter_creator":"@reporteroshoy","twitter_site":"@reporteroshoy","twitter_misc":{"Escrito por":"Reporteros Hoy WP","Tiempo de lectura":"3 minutos"},"schema":{"@context":"https:\/\/schema.org","@graph":[{"@type":"Article","@id":"https:\/\/reporteroshoy.mx\/noticias\/abriran-7-centros-de-acopio-en-merida-para-el-reciclaje-de-arboles-de-navidad\/#article","isPartOf":{"@id":"https:\/\/reporteroshoy.mx\/noticias\/abriran-7-centros-de-acopio-en-merida-para-el-reciclaje-de-arboles-de-navidad\/"},"author":{"name":"Reporteros Hoy WP","@id":"https:\/\/reporteroshoy.mx\/noticias\/#\/schema\/person\/c977527e57c958a62c5cefe8fe47876e"},"headline":"Abrir\u00e1n 7 centros de acopio en M\u00e9rida para el reciclaje de \u00e1rboles de Navidad","datePublished":"2023-01-05T19:15:00+00:00","mainEntityOfPage":{"@id":"https:\/\/reporteroshoy.mx\/noticias\/abriran-7-centros-de-acopio-en-merida-para-el-reciclaje-de-arboles-de-navidad\/"},"wordCount":511,"commentCount":0,"image":{"@id":"https:\/\/reporteroshoy.mx\/noticias\/abriran-7-centros-de-acopio-en-merida-para-el-reciclaje-de-arboles-de-navidad\/#primaryimage"},"thumbnailUrl":"https:\/\/reporteroshoy.mx\/noticias\/wp-content\/uploads\/2023\/01\/Arboles-de-Navidad.jpeg","keywords":["\u00c1rboles de navidad","centros de acopio","reciclaje"],"articleSection":["Gobierno"],"inLanguage":"es","potentialAction":[{"@type":"CommentAction","name":"Comment","target":["https:\/\/reporteroshoy.mx\/noticias\/abriran-7-centros-de-acopio-en-merida-para-el-reciclaje-de-arboles-de-navidad\/#respond"]}]},{"@type":"WebPage","@id":"https:\/\/reporteroshoy.mx\/noticias\/abriran-7-centros-de-acopio-en-merida-para-el-reciclaje-de-arboles-de-navidad\/","url":"https:\/\/reporteroshoy.mx\/noticias\/abriran-7-centros-de-acopio-en-merida-para-el-reciclaje-de-arboles-de-navidad\/","name":"Abrir\u00e1n 7 centros de acopio en M\u00e9rida para el reciclaje de \u00e1rboles de Navidad","isPartOf":{"@id":"https:\/\/reporteroshoy.mx\/noticias\/#website"},"primaryImageOfPage":{"@id":"https:\/\/reporteroshoy.mx\/noticias\/abriran-7-centros-de-acopio-en-merida-para-el-reciclaje-de-arboles-de-navidad\/#primaryimage"},"image":{"@id":"https:\/\/reporteroshoy.mx\/noticias\/abriran-7-centros-de-acopio-en-merida-para-el-reciclaje-de-arboles-de-navidad\/#primaryimage"},"thumbnailUrl":"https:\/\/reporteroshoy.mx\/noticias\/wp-content\/uploads\/2023\/01\/Arboles-de-Navidad.jpeg","datePublished":"2023-01-05T19:15:00+00:00","author":{"@id":"https:\/\/reporteroshoy.mx\/noticias\/#\/schema\/person\/c977527e57c958a62c5cefe8fe47876e"},"description":"Los centros de acopio funcionar\u00e1n del 6 enero al 10 de febrero con un horario de lunes a domingo de 08:00 a 20:00 horas.","breadcrumb":{"@id":"https:\/\/reporteroshoy.mx\/noticias\/abriran-7-centros-de-acopio-en-merida-para-el-reciclaje-de-arboles-de-navidad\/#breadcrumb"},"inLanguage":"es","potentialAction":[{"@type":"ReadAction","target":["https:\/\/reporteroshoy.mx\/noticias\/abriran-7-centros-de-acopio-en-merida-para-el-reciclaje-de-arboles-de-navidad\/"]}]},{"@type":"ImageObject","inLanguage":"es","@id":"https:\/\/reporteroshoy.mx\/noticias\/abriran-7-centros-de-acopio-en-merida-para-el-reciclaje-de-arboles-de-navidad\/#primaryimage","url":"https:\/\/reporteroshoy.mx\/noticias\/wp-content\/uploads\/2023\/01\/Arboles-de-Navidad.jpeg","contentUrl":"https:\/\/reporteroshoy.mx\/noticias\/wp-content\/uploads\/2023\/01\/Arboles-de-Navidad.jpeg","width":768,"height":432},{"@type":"BreadcrumbList","@id":"https:\/\/reporteroshoy.mx\/noticias\/abriran-7-centros-de-acopio-en-merida-para-el-reciclaje-de-arboles-de-navidad\/#breadcrumb","itemListElement":[{"@type":"ListItem","position":1,"name":"Portada","item":"https:\/\/reporteroshoy.mx\/noticias\/"},{"@type":"ListItem","position":2,"name":"Abrir\u00e1n 7 centros de acopio en M\u00e9rida para el reciclaje de \u00e1rboles de Navidad"}]},{"@type":"WebSite","@id":"https:\/\/reporteroshoy.mx\/noticias\/#website","url":"https:\/\/reporteroshoy.mx\/noticias\/","name":"Reporteros Hoy | Noticias de Yucat\u00e1n","description":"Peri\u00f3dico digital con noticias diarias desde M\u00e9rida, Yucat\u00e1n para el mundo.","potentialAction":[{"@type":"SearchAction","target":{"@type":"EntryPoint","urlTemplate":"https:\/\/reporteroshoy.mx\/noticias\/?s={search_term_string}"},"query-input":{"@type":"PropertyValueSpecification","valueRequired":true,"valueName":"search_term_string"}}],"inLanguage":"es"},{"@type":"Person","@id":"https:\/\/reporteroshoy.mx\/noticias\/#\/schema\/person\/c977527e57c958a62c5cefe8fe47876e","name":"Reporteros Hoy WP","image":{"@type":"ImageObject","inLanguage":"es","@id":"https:\/\/secure.gravatar.com\/avatar\/fd2917f79a7dae30f8ac9ddc2f35e1756bb59e25e01d1cd09deaa64df7b2f73e?s=96&d=mm&r=g","url":"https:\/\/secure.gravatar.com\/avatar\/fd2917f79a7dae30f8ac9ddc2f35e1756bb59e25e01d1cd09deaa64df7b2f73e?s=96&d=mm&r=g","contentUrl":"https:\/\/secure.gravatar.com\/avatar\/fd2917f79a7dae30f8ac9ddc2f35e1756bb59e25e01d1cd09deaa64df7b2f73e?s=96&d=mm&r=g","caption":"Reporteros Hoy WP"},"url":"https:\/\/reporteroshoy.mx\/noticias\/author\/walfer\/"}]}},"_links":{"self":[{"href":"https:\/\/reporteroshoy.mx\/noticias\/wp-json\/wp\/v2\/posts\/96823","targetHints":{"allow":["GET"]}}],"collection":[{"href":"https:\/\/reporteroshoy.mx\/noticias\/wp-json\/wp\/v2\/posts"}],"about":[{"href":"https:\/\/reporteroshoy.mx\/noticias\/wp-json\/wp\/v2\/types\/post"}],"author":[{"embeddable":true,"href":"https:\/\/reporteroshoy.mx\/noticias\/wp-json\/wp\/v2\/users\/9"}],"replies":[{"embeddable":true,"href":"https:\/\/reporteroshoy.mx\/noticias\/wp-json\/wp\/v2\/comments?post=96823"}],"version-history":[{"count":0,"href":"https:\/\/reporteroshoy.mx\/noticias\/wp-json\/wp\/v2\/posts\/96823\/revisions"}],"wp:featuredmedia":[{"embeddable":true,"href":"https:\/\/reporteroshoy.mx\/noticias\/wp-json\/wp\/v2\/media\/96824"}],"wp:attachment":[{"href":"https:\/\/reporteroshoy.mx\/noticias\/wp-json\/wp\/v2\/media?parent=96823"}],"wp:term":[{"taxonomy":"category","embeddable":true,"href":"https:\/\/reporteroshoy.mx\/noticias\/wp-json\/wp\/v2\/categories?post=96823"},{"taxonomy":"post_tag","embeddable":true,"href":"https:\/\/reporteroshoy.mx\/noticias\/wp-json\/wp\/v2\/tags?post=96823"}],"curies":[{"name":"wp","href":"https:\/\/api.w.org\/{rel}","templated":true}]}}