{"id":97160,"date":"2023-01-13T23:25:43","date_gmt":"2023-01-14T05:25:43","guid":{"rendered":"https:\/\/reporteroshoy.mx\/noticias\/?p=97160"},"modified":"2023-01-13T23:25:43","modified_gmt":"2023-01-14T05:25:43","slug":"jornada-de-percances-viales-por-la-lluvia-en-merida","status":"publish","type":"post","link":"https:\/\/reporteroshoy.mx\/noticias\/jornada-de-percances-viales-por-la-lluvia-en-merida\/","title":{"rendered":"Jornada de percances viales por la lluvia en M\u00e9rida"},"content":{"rendered":"<p style=\"text-align: justify;\">M\u00e9rida, Yucat\u00e1n, 13 de enero de 2023 (ACOM). -Una jornada de accidentes se registr\u00f3 en el perif\u00e9rico de M\u00e9rida y en diversas colonias, con saldo de 15 veh\u00edculos averiados.<\/p>\n<p style=\"text-align: justify;\">Al caer la pertinaz lluvia y la falta de precauci\u00f3n de los conductores derivaron una cadena de hechos de tr\u00e1nsito.<\/p>\n<p><img loading=\"lazy\" decoding=\"async\" class=\"alignnone size-full wp-image-97162\" src=\"https:\/\/reporteroshoy.mx\/noticias\/wp-content\/uploads\/2023\/01\/WhatsApp-Image-2023-01-13-at-11.09.34-AM-scaled.jpeg\" alt=\"\" width=\"768\" height=\"432\" \/><\/p>\n<p style=\"text-align: justify;\">El primer percance ocurri\u00f3 en el kil\u00f3metro 2 de la carretera federal M\u00e9rida-Tetiz en el que se vieron involucrados una camioneta Jac y un veh\u00edculo Toyota Yaris.<\/p>\n<p style=\"text-align: justify;\">Luego se report\u00f3 una carambola de cuatro coches en el puente de Altabrisa; solo se reportaron da\u00f1os materiales.<\/p>\n<p style=\"text-align: justify;\">Tambi\u00e9n se inform\u00f3 sobre otro encontronazo en la calle 52 x 55 del fraccionamiento Francisco de Montejo, donde dos automotores colisionaron.<\/p>\n<p style=\"text-align: justify;\">Seguidamente se tom\u00f3 conocimiento de un choque en el kil\u00f3metro 45 del perif\u00e9rico poniente M\u00e9rida, cerca del Complejo de Seguridad, donde tres veh\u00edculos se impactaron por alcance<\/p>\n<p style=\"text-align: justify;\">Otro percance m\u00e1s se origin\u00f3 en el puente Tetiz, salida Animaya, con tres autos involucrados y para finalizar otro en Jardines de M\u00e9rida donde un automovilista perdi\u00f3 el control y choc\u00f3 contra un predio.<\/p>\n","protected":false},"excerpt":{"rendered":"<p>En el perif\u00e9rico de M\u00e9rida y en diversas colonias, con saldo de 15 veh\u00edculos averiados.<\/p>\n","protected":false},"author":5,"featured_media":97162,"comment_status":"open","ping_status":"closed","sticky":false,"template":"","format":"standard","meta":{"footnotes":""},"categories":[14],"tags":[1523,16291,51],"class_list":["post-97160","post","type-post","status-publish","format-standard","has-post-thumbnail","hentry","category-policia","tag-accidentes","tag-anillo-periferico","tag-merida"],"yoast_head":"<!-- This site is optimized with the Yoast SEO plugin v28.3 - https:\/\/yoast.com\/product\/yoast-seo-wordpress\/ -->\n<title>Jornada de percances viales por la lluvia en M\u00e9rida<\/title>\n<meta name=\"description\" content=\"En el perif\u00e9rico de M\u00e9rida y en diversas colonias, con saldo de 15 veh\u00edculos averiados.\" \/>\n<meta name=\"robots\" content=\"index, follow, max-snippet:-1, max-image-preview:large, max-video-preview:-1\" \/>\n<link rel=\"canonical\" href=\"https:\/\/reporteroshoy.mx\/noticias\/jornada-de-percances-viales-por-la-lluvia-en-merida\/\" \/>\n<meta property=\"og:locale\" content=\"es_ES\" \/>\n<meta property=\"og:type\" content=\"article\" \/>\n<meta property=\"og:title\" content=\"Jornada de percances viales por la lluvia en M\u00e9rida\" \/>\n<meta property=\"og:description\" content=\"En el perif\u00e9rico de M\u00e9rida y en diversas colonias, con saldo de 15 veh\u00edculos averiados.\" \/>\n<meta property=\"og:url\" content=\"https:\/\/reporteroshoy.mx\/noticias\/jornada-de-percances-viales-por-la-lluvia-en-merida\/\" \/>\n<meta property=\"og:site_name\" content=\"Reporteros Hoy | Noticias de Yucat\u00e1n\" \/>\n<meta property=\"article:publisher\" content=\"http:\/\/www.facebook.com\/reporteroshoymx\" \/>\n<meta property=\"article:published_time\" content=\"2023-01-14T05:25:43+00:00\" \/>\n<meta property=\"og:image\" content=\"https:\/\/reporteroshoy.mx\/noticias\/wp-content\/uploads\/2023\/01\/WhatsApp-Image-2023-01-13-at-11.09.34-AM-scaled.jpeg\" \/>\n\t<meta property=\"og:image:width\" content=\"768\" \/>\n\t<meta property=\"og:image:height\" content=\"432\" \/>\n\t<meta property=\"og:image:type\" content=\"image\/jpeg\" \/>\n<meta name=\"author\" content=\"Reporteros Hoy IM\" \/>\n<meta name=\"twitter:card\" content=\"summary_large_image\" \/>\n<meta name=\"twitter:creator\" content=\"@reporteroshoy\" \/>\n<meta name=\"twitter:site\" content=\"@reporteroshoy\" \/>\n<meta name=\"twitter:label1\" content=\"Escrito por\" \/>\n\t<meta name=\"twitter:data1\" content=\"Reporteros Hoy IM\" \/>\n\t<meta name=\"twitter:label2\" content=\"Tiempo de lectura\" \/>\n\t<meta name=\"twitter:data2\" content=\"2 minutos\" \/>\n<script type=\"application\/ld+json\" class=\"yoast-schema-graph\">{\"@context\":\"https:\\\/\\\/schema.org\",\"@graph\":[{\"@type\":\"Article\",\"@id\":\"https:\\\/\\\/reporteroshoy.mx\\\/noticias\\\/jornada-de-percances-viales-por-la-lluvia-en-merida\\\/#article\",\"isPartOf\":{\"@id\":\"https:\\\/\\\/reporteroshoy.mx\\\/noticias\\\/jornada-de-percances-viales-por-la-lluvia-en-merida\\\/\"},\"author\":{\"name\":\"Reporteros Hoy IM\",\"@id\":\"https:\\\/\\\/reporteroshoy.mx\\\/noticias\\\/#\\\/schema\\\/person\\\/948520f0d88b01be2e5266bc4acbbc15\"},\"headline\":\"Jornada de percances viales por la lluvia en M\u00e9rida\",\"datePublished\":\"2023-01-14T05:25:43+00:00\",\"mainEntityOfPage\":{\"@id\":\"https:\\\/\\\/reporteroshoy.mx\\\/noticias\\\/jornada-de-percances-viales-por-la-lluvia-en-merida\\\/\"},\"wordCount\":197,\"commentCount\":0,\"image\":{\"@id\":\"https:\\\/\\\/reporteroshoy.mx\\\/noticias\\\/jornada-de-percances-viales-por-la-lluvia-en-merida\\\/#primaryimage\"},\"thumbnailUrl\":\"https:\\\/\\\/reporteroshoy.mx\\\/noticias\\\/wp-content\\\/uploads\\\/2023\\\/01\\\/WhatsApp-Image-2023-01-13-at-11.09.34-AM-scaled.jpeg\",\"keywords\":[\"Accidentes\",\"anillo perif\u00e9rico\",\"M\u00e9rida\"],\"articleSection\":[\"Polic\u00eda\"],\"inLanguage\":\"es\",\"potentialAction\":[{\"@type\":\"CommentAction\",\"name\":\"Comment\",\"target\":[\"https:\\\/\\\/reporteroshoy.mx\\\/noticias\\\/jornada-de-percances-viales-por-la-lluvia-en-merida\\\/#respond\"]}]},{\"@type\":\"WebPage\",\"@id\":\"https:\\\/\\\/reporteroshoy.mx\\\/noticias\\\/jornada-de-percances-viales-por-la-lluvia-en-merida\\\/\",\"url\":\"https:\\\/\\\/reporteroshoy.mx\\\/noticias\\\/jornada-de-percances-viales-por-la-lluvia-en-merida\\\/\",\"name\":\"Jornada de percances viales por la lluvia en M\u00e9rida\",\"isPartOf\":{\"@id\":\"https:\\\/\\\/reporteroshoy.mx\\\/noticias\\\/#website\"},\"primaryImageOfPage\":{\"@id\":\"https:\\\/\\\/reporteroshoy.mx\\\/noticias\\\/jornada-de-percances-viales-por-la-lluvia-en-merida\\\/#primaryimage\"},\"image\":{\"@id\":\"https:\\\/\\\/reporteroshoy.mx\\\/noticias\\\/jornada-de-percances-viales-por-la-lluvia-en-merida\\\/#primaryimage\"},\"thumbnailUrl\":\"https:\\\/\\\/reporteroshoy.mx\\\/noticias\\\/wp-content\\\/uploads\\\/2023\\\/01\\\/WhatsApp-Image-2023-01-13-at-11.09.34-AM-scaled.jpeg\",\"datePublished\":\"2023-01-14T05:25:43+00:00\",\"author\":{\"@id\":\"https:\\\/\\\/reporteroshoy.mx\\\/noticias\\\/#\\\/schema\\\/person\\\/948520f0d88b01be2e5266bc4acbbc15\"},\"description\":\"En el perif\u00e9rico de M\u00e9rida y en diversas colonias, con saldo de 15 veh\u00edculos averiados.\",\"breadcrumb\":{\"@id\":\"https:\\\/\\\/reporteroshoy.mx\\\/noticias\\\/jornada-de-percances-viales-por-la-lluvia-en-merida\\\/#breadcrumb\"},\"inLanguage\":\"es\",\"potentialAction\":[{\"@type\":\"ReadAction\",\"target\":[\"https:\\\/\\\/reporteroshoy.mx\\\/noticias\\\/jornada-de-percances-viales-por-la-lluvia-en-merida\\\/\"]}]},{\"@type\":\"ImageObject\",\"inLanguage\":\"es\",\"@id\":\"https:\\\/\\\/reporteroshoy.mx\\\/noticias\\\/jornada-de-percances-viales-por-la-lluvia-en-merida\\\/#primaryimage\",\"url\":\"https:\\\/\\\/reporteroshoy.mx\\\/noticias\\\/wp-content\\\/uploads\\\/2023\\\/01\\\/WhatsApp-Image-2023-01-13-at-11.09.34-AM-scaled.jpeg\",\"contentUrl\":\"https:\\\/\\\/reporteroshoy.mx\\\/noticias\\\/wp-content\\\/uploads\\\/2023\\\/01\\\/WhatsApp-Image-2023-01-13-at-11.09.34-AM-scaled.jpeg\",\"width\":768,\"height\":432},{\"@type\":\"BreadcrumbList\",\"@id\":\"https:\\\/\\\/reporteroshoy.mx\\\/noticias\\\/jornada-de-percances-viales-por-la-lluvia-en-merida\\\/#breadcrumb\",\"itemListElement\":[{\"@type\":\"ListItem\",\"position\":1,\"name\":\"Portada\",\"item\":\"https:\\\/\\\/reporteroshoy.mx\\\/noticias\\\/\"},{\"@type\":\"ListItem\",\"position\":2,\"name\":\"Jornada de percances viales por la lluvia en M\u00e9rida\"}]},{\"@type\":\"WebSite\",\"@id\":\"https:\\\/\\\/reporteroshoy.mx\\\/noticias\\\/#website\",\"url\":\"https:\\\/\\\/reporteroshoy.mx\\\/noticias\\\/\",\"name\":\"Reporteros Hoy | Noticias de Yucat\u00e1n\",\"description\":\"Peri\u00f3dico digital con noticias diarias desde M\u00e9rida, Yucat\u00e1n para el mundo.\",\"potentialAction\":[{\"@type\":\"SearchAction\",\"target\":{\"@type\":\"EntryPoint\",\"urlTemplate\":\"https:\\\/\\\/reporteroshoy.mx\\\/noticias\\\/?s={search_term_string}\"},\"query-input\":{\"@type\":\"PropertyValueSpecification\",\"valueRequired\":true,\"valueName\":\"search_term_string\"}}],\"inLanguage\":\"es\"},{\"@type\":\"Person\",\"@id\":\"https:\\\/\\\/reporteroshoy.mx\\\/noticias\\\/#\\\/schema\\\/person\\\/948520f0d88b01be2e5266bc4acbbc15\",\"name\":\"Reporteros Hoy IM\",\"image\":{\"@type\":\"ImageObject\",\"inLanguage\":\"es\",\"@id\":\"https:\\\/\\\/secure.gravatar.com\\\/avatar\\\/d843030b96552826ac048bdfe26f2895604b800ed0c880ee55765a74d95dfc65?s=96&d=mm&r=g\",\"url\":\"https:\\\/\\\/secure.gravatar.com\\\/avatar\\\/d843030b96552826ac048bdfe26f2895604b800ed0c880ee55765a74d95dfc65?s=96&d=mm&r=g\",\"contentUrl\":\"https:\\\/\\\/secure.gravatar.com\\\/avatar\\\/d843030b96552826ac048bdfe26f2895604b800ed0c880ee55765a74d95dfc65?s=96&d=mm&r=g\",\"caption\":\"Reporteros Hoy IM\"},\"url\":\"https:\\\/\\\/reporteroshoy.mx\\\/noticias\\\/author\\\/israel\\\/\"}]}<\/script>\n<!-- \/ Yoast SEO plugin. -->","yoast_head_json":{"title":"Jornada de percances viales por la lluvia en M\u00e9rida","description":"En el perif\u00e9rico de M\u00e9rida y en diversas colonias, con saldo de 15 veh\u00edculos averiados.","robots":{"index":"index","follow":"follow","max-snippet":"max-snippet:-1","max-image-preview":"max-image-preview:large","max-video-preview":"max-video-preview:-1"},"canonical":"https:\/\/reporteroshoy.mx\/noticias\/jornada-de-percances-viales-por-la-lluvia-en-merida\/","og_locale":"es_ES","og_type":"article","og_title":"Jornada de percances viales por la lluvia en M\u00e9rida","og_description":"En el perif\u00e9rico de M\u00e9rida y en diversas colonias, con saldo de 15 veh\u00edculos averiados.","og_url":"https:\/\/reporteroshoy.mx\/noticias\/jornada-de-percances-viales-por-la-lluvia-en-merida\/","og_site_name":"Reporteros Hoy | Noticias de Yucat\u00e1n","article_publisher":"http:\/\/www.facebook.com\/reporteroshoymx","article_published_time":"2023-01-14T05:25:43+00:00","og_image":[{"width":768,"height":432,"url":"https:\/\/reporteroshoy.mx\/noticias\/wp-content\/uploads\/2023\/01\/WhatsApp-Image-2023-01-13-at-11.09.34-AM-scaled.jpeg","type":"image\/jpeg"}],"author":"Reporteros Hoy IM","twitter_card":"summary_large_image","twitter_creator":"@reporteroshoy","twitter_site":"@reporteroshoy","twitter_misc":{"Escrito por":"Reporteros Hoy IM","Tiempo de lectura":"2 minutos"},"schema":{"@context":"https:\/\/schema.org","@graph":[{"@type":"Article","@id":"https:\/\/reporteroshoy.mx\/noticias\/jornada-de-percances-viales-por-la-lluvia-en-merida\/#article","isPartOf":{"@id":"https:\/\/reporteroshoy.mx\/noticias\/jornada-de-percances-viales-por-la-lluvia-en-merida\/"},"author":{"name":"Reporteros Hoy IM","@id":"https:\/\/reporteroshoy.mx\/noticias\/#\/schema\/person\/948520f0d88b01be2e5266bc4acbbc15"},"headline":"Jornada de percances viales por la lluvia en M\u00e9rida","datePublished":"2023-01-14T05:25:43+00:00","mainEntityOfPage":{"@id":"https:\/\/reporteroshoy.mx\/noticias\/jornada-de-percances-viales-por-la-lluvia-en-merida\/"},"wordCount":197,"commentCount":0,"image":{"@id":"https:\/\/reporteroshoy.mx\/noticias\/jornada-de-percances-viales-por-la-lluvia-en-merida\/#primaryimage"},"thumbnailUrl":"https:\/\/reporteroshoy.mx\/noticias\/wp-content\/uploads\/2023\/01\/WhatsApp-Image-2023-01-13-at-11.09.34-AM-scaled.jpeg","keywords":["Accidentes","anillo perif\u00e9rico","M\u00e9rida"],"articleSection":["Polic\u00eda"],"inLanguage":"es","potentialAction":[{"@type":"CommentAction","name":"Comment","target":["https:\/\/reporteroshoy.mx\/noticias\/jornada-de-percances-viales-por-la-lluvia-en-merida\/#respond"]}]},{"@type":"WebPage","@id":"https:\/\/reporteroshoy.mx\/noticias\/jornada-de-percances-viales-por-la-lluvia-en-merida\/","url":"https:\/\/reporteroshoy.mx\/noticias\/jornada-de-percances-viales-por-la-lluvia-en-merida\/","name":"Jornada de percances viales por la lluvia en M\u00e9rida","isPartOf":{"@id":"https:\/\/reporteroshoy.mx\/noticias\/#website"},"primaryImageOfPage":{"@id":"https:\/\/reporteroshoy.mx\/noticias\/jornada-de-percances-viales-por-la-lluvia-en-merida\/#primaryimage"},"image":{"@id":"https:\/\/reporteroshoy.mx\/noticias\/jornada-de-percances-viales-por-la-lluvia-en-merida\/#primaryimage"},"thumbnailUrl":"https:\/\/reporteroshoy.mx\/noticias\/wp-content\/uploads\/2023\/01\/WhatsApp-Image-2023-01-13-at-11.09.34-AM-scaled.jpeg","datePublished":"2023-01-14T05:25:43+00:00","author":{"@id":"https:\/\/reporteroshoy.mx\/noticias\/#\/schema\/person\/948520f0d88b01be2e5266bc4acbbc15"},"description":"En el perif\u00e9rico de M\u00e9rida y en diversas colonias, con saldo de 15 veh\u00edculos averiados.","breadcrumb":{"@id":"https:\/\/reporteroshoy.mx\/noticias\/jornada-de-percances-viales-por-la-lluvia-en-merida\/#breadcrumb"},"inLanguage":"es","potentialAction":[{"@type":"ReadAction","target":["https:\/\/reporteroshoy.mx\/noticias\/jornada-de-percances-viales-por-la-lluvia-en-merida\/"]}]},{"@type":"ImageObject","inLanguage":"es","@id":"https:\/\/reporteroshoy.mx\/noticias\/jornada-de-percances-viales-por-la-lluvia-en-merida\/#primaryimage","url":"https:\/\/reporteroshoy.mx\/noticias\/wp-content\/uploads\/2023\/01\/WhatsApp-Image-2023-01-13-at-11.09.34-AM-scaled.jpeg","contentUrl":"https:\/\/reporteroshoy.mx\/noticias\/wp-content\/uploads\/2023\/01\/WhatsApp-Image-2023-01-13-at-11.09.34-AM-scaled.jpeg","width":768,"height":432},{"@type":"BreadcrumbList","@id":"https:\/\/reporteroshoy.mx\/noticias\/jornada-de-percances-viales-por-la-lluvia-en-merida\/#breadcrumb","itemListElement":[{"@type":"ListItem","position":1,"name":"Portada","item":"https:\/\/reporteroshoy.mx\/noticias\/"},{"@type":"ListItem","position":2,"name":"Jornada de percances viales por la lluvia en M\u00e9rida"}]},{"@type":"WebSite","@id":"https:\/\/reporteroshoy.mx\/noticias\/#website","url":"https:\/\/reporteroshoy.mx\/noticias\/","name":"Reporteros Hoy | Noticias de Yucat\u00e1n","description":"Peri\u00f3dico digital con noticias diarias desde M\u00e9rida, Yucat\u00e1n para el mundo.","potentialAction":[{"@type":"SearchAction","target":{"@type":"EntryPoint","urlTemplate":"https:\/\/reporteroshoy.mx\/noticias\/?s={search_term_string}"},"query-input":{"@type":"PropertyValueSpecification","valueRequired":true,"valueName":"search_term_string"}}],"inLanguage":"es"},{"@type":"Person","@id":"https:\/\/reporteroshoy.mx\/noticias\/#\/schema\/person\/948520f0d88b01be2e5266bc4acbbc15","name":"Reporteros Hoy IM","image":{"@type":"ImageObject","inLanguage":"es","@id":"https:\/\/secure.gravatar.com\/avatar\/d843030b96552826ac048bdfe26f2895604b800ed0c880ee55765a74d95dfc65?s=96&d=mm&r=g","url":"https:\/\/secure.gravatar.com\/avatar\/d843030b96552826ac048bdfe26f2895604b800ed0c880ee55765a74d95dfc65?s=96&d=mm&r=g","contentUrl":"https:\/\/secure.gravatar.com\/avatar\/d843030b96552826ac048bdfe26f2895604b800ed0c880ee55765a74d95dfc65?s=96&d=mm&r=g","caption":"Reporteros Hoy IM"},"url":"https:\/\/reporteroshoy.mx\/noticias\/author\/israel\/"}]}},"_links":{"self":[{"href":"https:\/\/reporteroshoy.mx\/noticias\/wp-json\/wp\/v2\/posts\/97160","targetHints":{"allow":["GET"]}}],"collection":[{"href":"https:\/\/reporteroshoy.mx\/noticias\/wp-json\/wp\/v2\/posts"}],"about":[{"href":"https:\/\/reporteroshoy.mx\/noticias\/wp-json\/wp\/v2\/types\/post"}],"author":[{"embeddable":true,"href":"https:\/\/reporteroshoy.mx\/noticias\/wp-json\/wp\/v2\/users\/5"}],"replies":[{"embeddable":true,"href":"https:\/\/reporteroshoy.mx\/noticias\/wp-json\/wp\/v2\/comments?post=97160"}],"version-history":[{"count":0,"href":"https:\/\/reporteroshoy.mx\/noticias\/wp-json\/wp\/v2\/posts\/97160\/revisions"}],"wp:featuredmedia":[{"embeddable":true,"href":"https:\/\/reporteroshoy.mx\/noticias\/wp-json\/wp\/v2\/media\/97162"}],"wp:attachment":[{"href":"https:\/\/reporteroshoy.mx\/noticias\/wp-json\/wp\/v2\/media?parent=97160"}],"wp:term":[{"taxonomy":"category","embeddable":true,"href":"https:\/\/reporteroshoy.mx\/noticias\/wp-json\/wp\/v2\/categories?post=97160"},{"taxonomy":"post_tag","embeddable":true,"href":"https:\/\/reporteroshoy.mx\/noticias\/wp-json\/wp\/v2\/tags?post=97160"}],"curies":[{"name":"wp","href":"https:\/\/api.w.org\/{rel}","templated":true}]}}