{"id":97344,"date":"2023-01-18T15:06:50","date_gmt":"2023-01-18T21:06:50","guid":{"rendered":"https:\/\/reporteroshoy.mx\/noticias\/?p=97344"},"modified":"2023-01-18T15:06:50","modified_gmt":"2023-01-18T21:06:50","slug":"escritor-yucateco-presentara-libro-con-tematica-lgbt","status":"publish","type":"post","link":"https:\/\/reporteroshoy.mx\/noticias\/escritor-yucateco-presentara-libro-con-tematica-lgbt\/","title":{"rendered":"Escritor yucateco presentar\u00e1 libro con tem\u00e1tica LGBT"},"content":{"rendered":"<p class=\"ContentPasted0\" style=\"text-align: justify;\">M\u00e9rida, Yucat\u00e1n; 18 de enero de 2023 (ACOM).- A trav\u00e9s de su libro \u00abLa casita de mu\u00f1ecas\u00bb, el escritor y actor yucateco Riggo Bega\/Nan\u00e1, abordar\u00e1 la tem\u00e1tica LGBTTTQ+, relatando las vivencias de \u00abLa Lupita y Luna\u00bb, dos amigas que para tratar de salir de su vida de pobreza y miseria se dedican al trabajo sexual.<\/p>\n<p class=\"ContentPasted0\" style=\"text-align: justify;\">En entrevista, el autor se\u00f1al\u00f3 que se trata de una obra ganadora del Fondo de Ediciones y Coediciones Literarias del Ayuntamiento de M\u00e9rida 2021, y su presentaci\u00f3n se enmarca en las actividades del M\u00e9rida Fest 2023.<\/p>\n<p class=\"ContentPasted0\" style=\"text-align: justify;\">\u00abEsta novela es una de las muy pocas obras literarias de tem\u00e1tica LGBTTTQ+ que existen en Yucat\u00e1n, y su trascendencia radica en que fue seleccionada en una convocatoria del Ayuntamiento. Por tal raz\u00f3n, el objetivo es visibilizarla, para que otras personas participen en estas convocatorias culturales u otras, para ampliar nuestro acervo como comunidad\u00bb, extern\u00f3.<\/p>\n<p><img loading=\"lazy\" decoding=\"async\" class=\" wp-image-97345 aligncenter\" src=\"https:\/\/reporteroshoy.mx\/noticias\/wp-content\/uploads\/2023\/01\/Libro-LGBT-scaled.jpg\" alt=\"\" width=\"598\" height=\"746\" srcset=\"https:\/\/reporteroshoy.mx\/noticias\/wp-content\/uploads\/2023\/01\/Libro-LGBT-scaled.jpg 615w, https:\/\/reporteroshoy.mx\/noticias\/wp-content\/uploads\/2023\/01\/Libro-LGBT-768x959.jpg 768w\" sizes=\"auto, (max-width: 598px) 100vw, 598px\" \/><\/p>\n<p class=\"ContentPasted0\" style=\"text-align: justify;\">\u00abCada cap\u00edtulo del libro lleva el nombre de una canci\u00f3n de despecho, como \u00abLa gata bajo la lluvia\u00bb, \u00ab\u00c9l me minti\u00f3\u00bb o \u00abInv\u00edtame a pecar\u2019\u00bb por lo que en el transcurso del evento literario habr\u00e1 intervenciones de artistas en un show travesti que enmarcar\u00e1 el acto\u00bb, adelant\u00f3.<\/p>\n<p class=\"ContentPasted0\" style=\"text-align: justify;\">Asegur\u00f3 que de esta forma los miembros de la comunidad saldr\u00e1n de lo convencional del mundo &#8216;intelectualoide&#8217; llevando el arte de cantina, as\u00ed como visibilizar la importancia que tiene la comunidad trans y no binaria en la sociedad.<\/p>\n<p class=\"ContentPasted0\" style=\"text-align: justify;\">La casita de mu\u00f1ecas se presentar\u00e1 este s\u00e1bado 21 de enero a las 06:00 de la tarde, en el Centro Cultural Olimpo, con la intervenci\u00f3n de Carlos Mart\u00edn Brice\u00f1o, Iv\u00e1n V\u00e1zquez \u201cLa Puruxona\u201d y Lorena Manzanero en una mesa panel moderada por Danny Euan \u201cBalam Candela\u201d.<\/p>\n<p class=\"ContentPasted0\" style=\"text-align: justify;\">En cuanto al show travesti participar\u00e1n las artistas \u00abSherrier de la Fontane\u00bb, \u00abDeborah Princess\u00bb, \u00abLa Wash\u00fc\u00bb y \u00abAngy\u00bb, el cual tendr\u00e1 su propia alfombra roja.<\/p>\n<p class=\"ContentPasted0\" style=\"text-align: justify;\">El escritor dijo que el evento tambi\u00e9n ser\u00e1 una protesta art\u00edstica al ocupar espacios p\u00fablicos que hist\u00f3ricamente se le han negado a la comunidad LGBTTTQ+ de Yucat\u00e1n, as\u00ed como para manifestar que todas sus expresiones art\u00edsticas siempre han sido marginadas a lo clandestino o han intentado ser silenciadas.<\/p>\n","protected":false},"excerpt":{"rendered":"<p>Riggo Bega relatar\u00e1 las vivencias de \u00abLa Lupita y Luna\u00bb, dos amigas tratar\u00e1n de salir de su vida de pobreza.<\/p>\n","protected":false},"author":9,"featured_media":97346,"comment_status":"open","ping_status":"closed","sticky":false,"template":"","format":"standard","meta":{"footnotes":""},"categories":[17],"tags":[2298,3485,23579],"class_list":["post-97344","post","type-post","status-publish","format-standard","has-post-thumbnail","hentry","category-yucatan","tag-lgbt","tag-libro","tag-riggo-bega"],"yoast_head":"<!-- This site is optimized with the Yoast SEO plugin v28.3 - https:\/\/yoast.com\/product\/yoast-seo-wordpress\/ -->\n<title>Escritor yucateco presentar\u00e1 libro con tem\u00e1tica LGBT<\/title>\n<meta name=\"description\" content=\"Riggo Bega relatar\u00e1 las vivencias de &quot;La Lupita y Luna&quot;, dos amigas tratar\u00e1n de salir de su vida de pobreza.\" \/>\n<meta name=\"robots\" content=\"index, follow, max-snippet:-1, max-image-preview:large, max-video-preview:-1\" \/>\n<link rel=\"canonical\" href=\"https:\/\/reporteroshoy.mx\/noticias\/escritor-yucateco-presentara-libro-con-tematica-lgbt\/\" \/>\n<meta property=\"og:locale\" content=\"es_ES\" \/>\n<meta property=\"og:type\" content=\"article\" \/>\n<meta property=\"og:title\" content=\"Escritor yucateco presentar\u00e1 libro con tem\u00e1tica LGBT\" \/>\n<meta property=\"og:description\" content=\"Riggo Bega relatar\u00e1 las vivencias de &quot;La Lupita y Luna&quot;, dos amigas tratar\u00e1n de salir de su vida de pobreza.\" \/>\n<meta property=\"og:url\" content=\"https:\/\/reporteroshoy.mx\/noticias\/escritor-yucateco-presentara-libro-con-tematica-lgbt\/\" \/>\n<meta property=\"og:site_name\" content=\"Reporteros Hoy | Noticias de Yucat\u00e1n\" \/>\n<meta property=\"article:publisher\" content=\"http:\/\/www.facebook.com\/reporteroshoymx\" \/>\n<meta property=\"article:published_time\" content=\"2023-01-18T21:06:50+00:00\" \/>\n<meta property=\"og:image\" content=\"https:\/\/reporteroshoy.mx\/noticias\/wp-content\/uploads\/2023\/01\/Libro-LGBT-1.jpg\" \/>\n\t<meta property=\"og:image:width\" content=\"768\" \/>\n\t<meta property=\"og:image:height\" content=\"431\" \/>\n\t<meta property=\"og:image:type\" content=\"image\/jpeg\" \/>\n<meta name=\"author\" content=\"Reporteros Hoy WP\" \/>\n<meta name=\"twitter:card\" content=\"summary_large_image\" \/>\n<meta name=\"twitter:creator\" content=\"@reporteroshoy\" \/>\n<meta name=\"twitter:site\" content=\"@reporteroshoy\" \/>\n<meta name=\"twitter:label1\" content=\"Escrito por\" \/>\n\t<meta name=\"twitter:data1\" content=\"Reporteros Hoy WP\" \/>\n\t<meta name=\"twitter:label2\" content=\"Tiempo de lectura\" \/>\n\t<meta name=\"twitter:data2\" content=\"2 minutos\" \/>\n<script type=\"application\/ld+json\" class=\"yoast-schema-graph\">{\"@context\":\"https:\\\/\\\/schema.org\",\"@graph\":[{\"@type\":\"Article\",\"@id\":\"https:\\\/\\\/reporteroshoy.mx\\\/noticias\\\/escritor-yucateco-presentara-libro-con-tematica-lgbt\\\/#article\",\"isPartOf\":{\"@id\":\"https:\\\/\\\/reporteroshoy.mx\\\/noticias\\\/escritor-yucateco-presentara-libro-con-tematica-lgbt\\\/\"},\"author\":{\"name\":\"Reporteros Hoy WP\",\"@id\":\"https:\\\/\\\/reporteroshoy.mx\\\/noticias\\\/#\\\/schema\\\/person\\\/c977527e57c958a62c5cefe8fe47876e\"},\"headline\":\"Escritor yucateco presentar\u00e1 libro con tem\u00e1tica LGBT\",\"datePublished\":\"2023-01-18T21:06:50+00:00\",\"mainEntityOfPage\":{\"@id\":\"https:\\\/\\\/reporteroshoy.mx\\\/noticias\\\/escritor-yucateco-presentara-libro-con-tematica-lgbt\\\/\"},\"wordCount\":384,\"commentCount\":0,\"image\":{\"@id\":\"https:\\\/\\\/reporteroshoy.mx\\\/noticias\\\/escritor-yucateco-presentara-libro-con-tematica-lgbt\\\/#primaryimage\"},\"thumbnailUrl\":\"https:\\\/\\\/reporteroshoy.mx\\\/noticias\\\/wp-content\\\/uploads\\\/2023\\\/01\\\/Libro-LGBT-1.jpg\",\"keywords\":[\"LGBT\",\"Libro\",\"Riggo Bega\"],\"articleSection\":[\"Yucat\u00e1n\"],\"inLanguage\":\"es\",\"potentialAction\":[{\"@type\":\"CommentAction\",\"name\":\"Comment\",\"target\":[\"https:\\\/\\\/reporteroshoy.mx\\\/noticias\\\/escritor-yucateco-presentara-libro-con-tematica-lgbt\\\/#respond\"]}]},{\"@type\":\"WebPage\",\"@id\":\"https:\\\/\\\/reporteroshoy.mx\\\/noticias\\\/escritor-yucateco-presentara-libro-con-tematica-lgbt\\\/\",\"url\":\"https:\\\/\\\/reporteroshoy.mx\\\/noticias\\\/escritor-yucateco-presentara-libro-con-tematica-lgbt\\\/\",\"name\":\"Escritor yucateco presentar\u00e1 libro con tem\u00e1tica LGBT\",\"isPartOf\":{\"@id\":\"https:\\\/\\\/reporteroshoy.mx\\\/noticias\\\/#website\"},\"primaryImageOfPage\":{\"@id\":\"https:\\\/\\\/reporteroshoy.mx\\\/noticias\\\/escritor-yucateco-presentara-libro-con-tematica-lgbt\\\/#primaryimage\"},\"image\":{\"@id\":\"https:\\\/\\\/reporteroshoy.mx\\\/noticias\\\/escritor-yucateco-presentara-libro-con-tematica-lgbt\\\/#primaryimage\"},\"thumbnailUrl\":\"https:\\\/\\\/reporteroshoy.mx\\\/noticias\\\/wp-content\\\/uploads\\\/2023\\\/01\\\/Libro-LGBT-1.jpg\",\"datePublished\":\"2023-01-18T21:06:50+00:00\",\"author\":{\"@id\":\"https:\\\/\\\/reporteroshoy.mx\\\/noticias\\\/#\\\/schema\\\/person\\\/c977527e57c958a62c5cefe8fe47876e\"},\"description\":\"Riggo Bega relatar\u00e1 las vivencias de \\\"La Lupita y Luna\\\", dos amigas tratar\u00e1n de salir de su vida de pobreza.\",\"breadcrumb\":{\"@id\":\"https:\\\/\\\/reporteroshoy.mx\\\/noticias\\\/escritor-yucateco-presentara-libro-con-tematica-lgbt\\\/#breadcrumb\"},\"inLanguage\":\"es\",\"potentialAction\":[{\"@type\":\"ReadAction\",\"target\":[\"https:\\\/\\\/reporteroshoy.mx\\\/noticias\\\/escritor-yucateco-presentara-libro-con-tematica-lgbt\\\/\"]}]},{\"@type\":\"ImageObject\",\"inLanguage\":\"es\",\"@id\":\"https:\\\/\\\/reporteroshoy.mx\\\/noticias\\\/escritor-yucateco-presentara-libro-con-tematica-lgbt\\\/#primaryimage\",\"url\":\"https:\\\/\\\/reporteroshoy.mx\\\/noticias\\\/wp-content\\\/uploads\\\/2023\\\/01\\\/Libro-LGBT-1.jpg\",\"contentUrl\":\"https:\\\/\\\/reporteroshoy.mx\\\/noticias\\\/wp-content\\\/uploads\\\/2023\\\/01\\\/Libro-LGBT-1.jpg\",\"width\":768,\"height\":431},{\"@type\":\"BreadcrumbList\",\"@id\":\"https:\\\/\\\/reporteroshoy.mx\\\/noticias\\\/escritor-yucateco-presentara-libro-con-tematica-lgbt\\\/#breadcrumb\",\"itemListElement\":[{\"@type\":\"ListItem\",\"position\":1,\"name\":\"Portada\",\"item\":\"https:\\\/\\\/reporteroshoy.mx\\\/noticias\\\/\"},{\"@type\":\"ListItem\",\"position\":2,\"name\":\"Escritor yucateco presentar\u00e1 libro con tem\u00e1tica LGBT\"}]},{\"@type\":\"WebSite\",\"@id\":\"https:\\\/\\\/reporteroshoy.mx\\\/noticias\\\/#website\",\"url\":\"https:\\\/\\\/reporteroshoy.mx\\\/noticias\\\/\",\"name\":\"Reporteros Hoy | Noticias de Yucat\u00e1n\",\"description\":\"Peri\u00f3dico digital con noticias diarias desde M\u00e9rida, Yucat\u00e1n para el mundo.\",\"potentialAction\":[{\"@type\":\"SearchAction\",\"target\":{\"@type\":\"EntryPoint\",\"urlTemplate\":\"https:\\\/\\\/reporteroshoy.mx\\\/noticias\\\/?s={search_term_string}\"},\"query-input\":{\"@type\":\"PropertyValueSpecification\",\"valueRequired\":true,\"valueName\":\"search_term_string\"}}],\"inLanguage\":\"es\"},{\"@type\":\"Person\",\"@id\":\"https:\\\/\\\/reporteroshoy.mx\\\/noticias\\\/#\\\/schema\\\/person\\\/c977527e57c958a62c5cefe8fe47876e\",\"name\":\"Reporteros Hoy WP\",\"image\":{\"@type\":\"ImageObject\",\"inLanguage\":\"es\",\"@id\":\"https:\\\/\\\/secure.gravatar.com\\\/avatar\\\/fd2917f79a7dae30f8ac9ddc2f35e1756bb59e25e01d1cd09deaa64df7b2f73e?s=96&d=mm&r=g\",\"url\":\"https:\\\/\\\/secure.gravatar.com\\\/avatar\\\/fd2917f79a7dae30f8ac9ddc2f35e1756bb59e25e01d1cd09deaa64df7b2f73e?s=96&d=mm&r=g\",\"contentUrl\":\"https:\\\/\\\/secure.gravatar.com\\\/avatar\\\/fd2917f79a7dae30f8ac9ddc2f35e1756bb59e25e01d1cd09deaa64df7b2f73e?s=96&d=mm&r=g\",\"caption\":\"Reporteros Hoy WP\"},\"url\":\"https:\\\/\\\/reporteroshoy.mx\\\/noticias\\\/author\\\/walfer\\\/\"}]}<\/script>\n<!-- \/ Yoast SEO plugin. -->","yoast_head_json":{"title":"Escritor yucateco presentar\u00e1 libro con tem\u00e1tica LGBT","description":"Riggo Bega relatar\u00e1 las vivencias de \"La Lupita y Luna\", dos amigas tratar\u00e1n de salir de su vida de pobreza.","robots":{"index":"index","follow":"follow","max-snippet":"max-snippet:-1","max-image-preview":"max-image-preview:large","max-video-preview":"max-video-preview:-1"},"canonical":"https:\/\/reporteroshoy.mx\/noticias\/escritor-yucateco-presentara-libro-con-tematica-lgbt\/","og_locale":"es_ES","og_type":"article","og_title":"Escritor yucateco presentar\u00e1 libro con tem\u00e1tica LGBT","og_description":"Riggo Bega relatar\u00e1 las vivencias de \"La Lupita y Luna\", dos amigas tratar\u00e1n de salir de su vida de pobreza.","og_url":"https:\/\/reporteroshoy.mx\/noticias\/escritor-yucateco-presentara-libro-con-tematica-lgbt\/","og_site_name":"Reporteros Hoy | Noticias de Yucat\u00e1n","article_publisher":"http:\/\/www.facebook.com\/reporteroshoymx","article_published_time":"2023-01-18T21:06:50+00:00","og_image":[{"width":768,"height":431,"url":"https:\/\/reporteroshoy.mx\/noticias\/wp-content\/uploads\/2023\/01\/Libro-LGBT-1.jpg","type":"image\/jpeg"}],"author":"Reporteros Hoy WP","twitter_card":"summary_large_image","twitter_creator":"@reporteroshoy","twitter_site":"@reporteroshoy","twitter_misc":{"Escrito por":"Reporteros Hoy WP","Tiempo de lectura":"2 minutos"},"schema":{"@context":"https:\/\/schema.org","@graph":[{"@type":"Article","@id":"https:\/\/reporteroshoy.mx\/noticias\/escritor-yucateco-presentara-libro-con-tematica-lgbt\/#article","isPartOf":{"@id":"https:\/\/reporteroshoy.mx\/noticias\/escritor-yucateco-presentara-libro-con-tematica-lgbt\/"},"author":{"name":"Reporteros Hoy WP","@id":"https:\/\/reporteroshoy.mx\/noticias\/#\/schema\/person\/c977527e57c958a62c5cefe8fe47876e"},"headline":"Escritor yucateco presentar\u00e1 libro con tem\u00e1tica LGBT","datePublished":"2023-01-18T21:06:50+00:00","mainEntityOfPage":{"@id":"https:\/\/reporteroshoy.mx\/noticias\/escritor-yucateco-presentara-libro-con-tematica-lgbt\/"},"wordCount":384,"commentCount":0,"image":{"@id":"https:\/\/reporteroshoy.mx\/noticias\/escritor-yucateco-presentara-libro-con-tematica-lgbt\/#primaryimage"},"thumbnailUrl":"https:\/\/reporteroshoy.mx\/noticias\/wp-content\/uploads\/2023\/01\/Libro-LGBT-1.jpg","keywords":["LGBT","Libro","Riggo Bega"],"articleSection":["Yucat\u00e1n"],"inLanguage":"es","potentialAction":[{"@type":"CommentAction","name":"Comment","target":["https:\/\/reporteroshoy.mx\/noticias\/escritor-yucateco-presentara-libro-con-tematica-lgbt\/#respond"]}]},{"@type":"WebPage","@id":"https:\/\/reporteroshoy.mx\/noticias\/escritor-yucateco-presentara-libro-con-tematica-lgbt\/","url":"https:\/\/reporteroshoy.mx\/noticias\/escritor-yucateco-presentara-libro-con-tematica-lgbt\/","name":"Escritor yucateco presentar\u00e1 libro con tem\u00e1tica LGBT","isPartOf":{"@id":"https:\/\/reporteroshoy.mx\/noticias\/#website"},"primaryImageOfPage":{"@id":"https:\/\/reporteroshoy.mx\/noticias\/escritor-yucateco-presentara-libro-con-tematica-lgbt\/#primaryimage"},"image":{"@id":"https:\/\/reporteroshoy.mx\/noticias\/escritor-yucateco-presentara-libro-con-tematica-lgbt\/#primaryimage"},"thumbnailUrl":"https:\/\/reporteroshoy.mx\/noticias\/wp-content\/uploads\/2023\/01\/Libro-LGBT-1.jpg","datePublished":"2023-01-18T21:06:50+00:00","author":{"@id":"https:\/\/reporteroshoy.mx\/noticias\/#\/schema\/person\/c977527e57c958a62c5cefe8fe47876e"},"description":"Riggo Bega relatar\u00e1 las vivencias de \"La Lupita y Luna\", dos amigas tratar\u00e1n de salir de su vida de pobreza.","breadcrumb":{"@id":"https:\/\/reporteroshoy.mx\/noticias\/escritor-yucateco-presentara-libro-con-tematica-lgbt\/#breadcrumb"},"inLanguage":"es","potentialAction":[{"@type":"ReadAction","target":["https:\/\/reporteroshoy.mx\/noticias\/escritor-yucateco-presentara-libro-con-tematica-lgbt\/"]}]},{"@type":"ImageObject","inLanguage":"es","@id":"https:\/\/reporteroshoy.mx\/noticias\/escritor-yucateco-presentara-libro-con-tematica-lgbt\/#primaryimage","url":"https:\/\/reporteroshoy.mx\/noticias\/wp-content\/uploads\/2023\/01\/Libro-LGBT-1.jpg","contentUrl":"https:\/\/reporteroshoy.mx\/noticias\/wp-content\/uploads\/2023\/01\/Libro-LGBT-1.jpg","width":768,"height":431},{"@type":"BreadcrumbList","@id":"https:\/\/reporteroshoy.mx\/noticias\/escritor-yucateco-presentara-libro-con-tematica-lgbt\/#breadcrumb","itemListElement":[{"@type":"ListItem","position":1,"name":"Portada","item":"https:\/\/reporteroshoy.mx\/noticias\/"},{"@type":"ListItem","position":2,"name":"Escritor yucateco presentar\u00e1 libro con tem\u00e1tica LGBT"}]},{"@type":"WebSite","@id":"https:\/\/reporteroshoy.mx\/noticias\/#website","url":"https:\/\/reporteroshoy.mx\/noticias\/","name":"Reporteros Hoy | Noticias de Yucat\u00e1n","description":"Peri\u00f3dico digital con noticias diarias desde M\u00e9rida, Yucat\u00e1n para el mundo.","potentialAction":[{"@type":"SearchAction","target":{"@type":"EntryPoint","urlTemplate":"https:\/\/reporteroshoy.mx\/noticias\/?s={search_term_string}"},"query-input":{"@type":"PropertyValueSpecification","valueRequired":true,"valueName":"search_term_string"}}],"inLanguage":"es"},{"@type":"Person","@id":"https:\/\/reporteroshoy.mx\/noticias\/#\/schema\/person\/c977527e57c958a62c5cefe8fe47876e","name":"Reporteros Hoy WP","image":{"@type":"ImageObject","inLanguage":"es","@id":"https:\/\/secure.gravatar.com\/avatar\/fd2917f79a7dae30f8ac9ddc2f35e1756bb59e25e01d1cd09deaa64df7b2f73e?s=96&d=mm&r=g","url":"https:\/\/secure.gravatar.com\/avatar\/fd2917f79a7dae30f8ac9ddc2f35e1756bb59e25e01d1cd09deaa64df7b2f73e?s=96&d=mm&r=g","contentUrl":"https:\/\/secure.gravatar.com\/avatar\/fd2917f79a7dae30f8ac9ddc2f35e1756bb59e25e01d1cd09deaa64df7b2f73e?s=96&d=mm&r=g","caption":"Reporteros Hoy WP"},"url":"https:\/\/reporteroshoy.mx\/noticias\/author\/walfer\/"}]}},"_links":{"self":[{"href":"https:\/\/reporteroshoy.mx\/noticias\/wp-json\/wp\/v2\/posts\/97344","targetHints":{"allow":["GET"]}}],"collection":[{"href":"https:\/\/reporteroshoy.mx\/noticias\/wp-json\/wp\/v2\/posts"}],"about":[{"href":"https:\/\/reporteroshoy.mx\/noticias\/wp-json\/wp\/v2\/types\/post"}],"author":[{"embeddable":true,"href":"https:\/\/reporteroshoy.mx\/noticias\/wp-json\/wp\/v2\/users\/9"}],"replies":[{"embeddable":true,"href":"https:\/\/reporteroshoy.mx\/noticias\/wp-json\/wp\/v2\/comments?post=97344"}],"version-history":[{"count":0,"href":"https:\/\/reporteroshoy.mx\/noticias\/wp-json\/wp\/v2\/posts\/97344\/revisions"}],"wp:featuredmedia":[{"embeddable":true,"href":"https:\/\/reporteroshoy.mx\/noticias\/wp-json\/wp\/v2\/media\/97346"}],"wp:attachment":[{"href":"https:\/\/reporteroshoy.mx\/noticias\/wp-json\/wp\/v2\/media?parent=97344"}],"wp:term":[{"taxonomy":"category","embeddable":true,"href":"https:\/\/reporteroshoy.mx\/noticias\/wp-json\/wp\/v2\/categories?post=97344"},{"taxonomy":"post_tag","embeddable":true,"href":"https:\/\/reporteroshoy.mx\/noticias\/wp-json\/wp\/v2\/tags?post=97344"}],"curies":[{"name":"wp","href":"https:\/\/api.w.org\/{rel}","templated":true}]}}