{"id":97405,"date":"2023-01-19T19:16:31","date_gmt":"2023-01-20T01:16:31","guid":{"rendered":"https:\/\/reporteroshoy.mx\/noticias\/?p=97405"},"modified":"2023-01-19T19:16:31","modified_gmt":"2023-01-20T01:16:31","slug":"mujeres-de-tres-paises-estrenaran-obra-exilia-en-el-merida-fest","status":"publish","type":"post","link":"https:\/\/reporteroshoy.mx\/noticias\/mujeres-de-tres-paises-estrenaran-obra-exilia-en-el-merida-fest\/","title":{"rendered":"Mujeres de tres pa\u00edses estrenar\u00e1n obra \u00abExilia\u00bb en el M\u00e9rida Fest"},"content":{"rendered":"<p style=\"text-align: justify;\">M\u00e9rida, Yucat\u00e1n a 19 de enero de 2023.- Historias de mujeres, que buscan exiliarse de la situaci\u00f3n social a la que pertenecen, constituyen el eje de la puesta en escena \u201cExilia\u201d, que re\u00fane el talento de Argentina, Espa\u00f1a y M\u00e9xico para el M\u00e9rida Fest 2023.<\/p>\n<p style=\"text-align: justify;\">La obra es el primer estreno internacional de la convocatoria del festival de la Ciudad, en la categor\u00eda de Producci\u00f3n y surge del anhelo de formar una red colaborativa que promueva v\u00ednculos de diferentes latitudes para abrir, desde el biodrama, la exploraci\u00f3n de la teatralidad dentro del territorio de lo \u00edntimo.<\/p>\n<p style=\"text-align: justify;\">Las funciones ser\u00e1n el s\u00e1bado 21 y domingo 22 de enero, a las 7 de la noche, en la Escuela Superior de Artes de Yucat\u00e1n (ESAY). La entrada es gratuita y est\u00e1 dirigida a adolescentes y adultos.<\/p>\n<p style=\"text-align: justify;\"><img loading=\"lazy\" decoding=\"async\" class=\"wp-image-97406 aligncenter\" src=\"https:\/\/reporteroshoy.mx\/noticias\/wp-content\/uploads\/2023\/01\/OBRA-TEATRO-MERIDA-1-scaled.jpeg\" alt=\"\" width=\"665\" height=\"443\" \/> En un encuentro con los medios de comunicaci\u00f3n, el equipo creativo habl\u00f3 de la puesta en escena y c\u00f3mo fueron sumando creadoras de distintas disciplinas para realizarla.<\/p>\n<p style=\"text-align: justify;\">Para Vivi Tellas, directora esc\u00e9nica de Argentina y encargada de la dramaturgia, es un proyecto necesario en estos tiempos, ya que refleja una mirada hacia las diferentes situaciones que viven las mujeres \u201cy qu\u00e9 mejor que sean ellas mismas, las int\u00e9rpretes de sus historias y biograf\u00edas\u201d.<\/p>\n<p><img loading=\"lazy\" decoding=\"async\" class=\"wp-image-97409 aligncenter\" src=\"https:\/\/reporteroshoy.mx\/noticias\/wp-content\/uploads\/2023\/01\/OBRA-TEATRO-MERIDA-4-scaled.jpeg\" alt=\"\" width=\"648\" height=\"432\" \/><\/p>\n<p style=\"text-align: justify;\">Vivi es la creadora del biodrama, un proyecto revolucionario sobre biograf\u00edas esc\u00e9nicas, y que conforman la puesta en escena. \u201cVengan a conocer secretos de mujer, los varones son bienvenidos tambi\u00e9n\u201d.<\/p>\n<p style=\"text-align: justify;\">Las tres actrices que dan vida a las historias que se tejen son Mar\u00edah Li (Espa\u00f1a), Ale\u00e9 S\u00e1nchez (M\u00e9xico\/Escocia) y Randia de Sof\u00eda (M\u00e9xico). Cada una interpreta una historia diferente, partes de su biograf\u00eda, tocando elementos como el miedo, la inseguridad y otras situaciones de vida.<\/p>\n<p style=\"text-align: justify;\">Habr\u00e1 m\u00fasica en vivo a cargo de Malina Cano Rauschenfels, Andrea Carrillo y Sheila Miranda en el chelo, la guitarra y el viol\u00edn, respectivamente.<\/p>\n<p><img loading=\"lazy\" decoding=\"async\" class=\"wp-image-97407 aligncenter\" src=\"https:\/\/reporteroshoy.mx\/noticias\/wp-content\/uploads\/2023\/01\/OBRA-TEATRO-MERIDA-2-scaled.jpeg\" alt=\"\" width=\"629\" height=\"419\" \/><\/p>\n<p style=\"text-align: justify;\">Para la actriz espa\u00f1ola Mariah Li resulta una gran experiencia que mujeres de diferentes partes del mundo se re\u00fanan para darle voz a otras mujeres. \u201cAdem\u00e1s de nuestras biograf\u00edas, traemos tambi\u00e9n las historias de nuestras abuelas, que aunque a veces se tornan duras, es incre\u00edble la experiencia de compartirlas y que nuestras voces se escuchen\u201d.<\/p>\n<p style=\"text-align: justify;\">Celebr\u00f3 el tejido cultural que se ha formado entre creadoras de M\u00e9xico, Argentina y Espa\u00f1a para compartir procesos creativos.<\/p>\n<p style=\"text-align: justify;\">La dise\u00f1adora Mar\u00eda Pe\u00f1a, de Espa\u00f1a, tuvo a su cargo la escenograf\u00eda, la cual est\u00e1 creando desde un punto de vista como un artista pl\u00e1stico, fusionando su experiencia como muralista e investigadora. Coment\u00f3 que \u201cExilia\u201d es un proyecto de mujeres para el mundo, para todos, y de ah\u00ed la importancia de que desde que se gest\u00f3 la obra, todas las involucradas participaran en el proceso creativo.<\/p>\n<p style=\"text-align: justify;\">\u201cPor mucho tiempo las mujeres hemos estado apagadas, calladas, ahora queremos exiliarnos de todo eso y tomar nuestro lugar en la sociedad\u201d.<\/p>\n<p><img loading=\"lazy\" decoding=\"async\" class=\"wp-image-97408 aligncenter\" src=\"https:\/\/reporteroshoy.mx\/noticias\/wp-content\/uploads\/2023\/01\/OBRA-TEATRO-MERIDA-3-scaled.jpeg\" alt=\"\" width=\"639\" height=\"426\" \/><\/p>\n<p style=\"text-align: justify;\">Ale\u00e9 S\u00e1nchez hizo un repaso de c\u00f3mo surgi\u00f3 la idea de \u201cExliia\u201d y la dramaturgia, la cual surge de la simbiosis inspirada entre la obra de Simone de Beauvoir y entrevistas que potencia la teatralidad de lo cotidiano,<\/p>\n<p style=\"text-align: justify;\">En representaci\u00f3n del Director de Cultura Irving Berl\u00edn Villafa\u00f1a, la Subdirectora de Innovaci\u00f3n Cultura, Paola Guzm\u00e1n Arg\u00e1ez, agradeci\u00f3 este tipo de emprendimientos que permiten crear nuevos lazos entre creadores de diferentes pa\u00edses y sumar a la vida cultural de M\u00e9rida.<\/p>\n<p style=\"text-align: justify;\">A la presentaci\u00f3n asisti\u00f3 tambi\u00e9n la Mtra. Anal\u00ede G\u00f3mez, en representaci\u00f3n de la ESAY.\u00a0El M\u00e9rida Fest 2023 que organiza el Ayuntamiento de M\u00e9rida que encabeza el Alcalde Ren\u00e1n Barrera Concha, tendr\u00e1 m\u00e1s actividades que se extender\u00e1n hasta el pr\u00f3ximo domingo 29 de enero. En <span style=\"text-decoration: underline; color: #0000ff;\"><strong><a style=\"color: #0000ff; text-decoration: underline;\" href=\"http:\/\/www.merida.gob.mx\/meridafest\">www.merida.gob.mx\/meridafest<\/a><\/strong><\/span> se puede consultar la cartelera.<\/p>\n","protected":false},"excerpt":{"rendered":"<p>Historias de mujeres, que buscan exiliarse de la situaci\u00f3n social a la que pertenecen, constituyen el eje de la puesta en escena \u201cExilia\u201d, que re\u00fane el talento de Argentina, Espa\u00f1a y M\u00e9xico. Las funciones ser\u00e1n este s\u00e1bado y domingo en la ESAY.<\/p>\n","protected":false},"author":2,"featured_media":97406,"comment_status":"open","ping_status":"closed","sticky":false,"template":"","format":"standard","meta":{"footnotes":""},"categories":[17],"tags":[16859,17307,2572],"class_list":["post-97405","post","type-post","status-publish","format-standard","has-post-thumbnail","hentry","category-yucatan","tag-esay","tag-teatro-en-merida","tag-violencia-de-genero"],"yoast_head":"<!-- This site is optimized with the Yoast SEO plugin v28.4 - https:\/\/yoast.com\/product\/yoast-seo-wordpress\/ -->\n<title>Mujeres de tres pa\u00edses estrenar\u00e1n obra &quot;Exilia&quot; en el M\u00e9rida Fest<\/title>\n<meta name=\"description\" content=\"Historias de mujeres, que buscan exiliarse de la situaci\u00f3n social a la que pertenecen, constituyen el eje de la puesta en escena \u201cExilia\u201d, que re\u00fane el talento de Argentina, Espa\u00f1a y M\u00e9xico. Las funciones ser\u00e1n este s\u00e1bado y domingo en la ESAY.\" \/>\n<meta name=\"robots\" content=\"index, follow, max-snippet:-1, max-image-preview:large, max-video-preview:-1\" \/>\n<link rel=\"canonical\" href=\"https:\/\/reporteroshoy.mx\/noticias\/mujeres-de-tres-paises-estrenaran-obra-exilia-en-el-merida-fest\/\" \/>\n<meta property=\"og:locale\" content=\"es_ES\" \/>\n<meta property=\"og:type\" content=\"article\" \/>\n<meta property=\"og:title\" content=\"Mujeres de tres pa\u00edses estrenar\u00e1n obra &quot;Exilia&quot; en el M\u00e9rida Fest\" \/>\n<meta property=\"og:description\" content=\"Historias de mujeres, que buscan exiliarse de la situaci\u00f3n social a la que pertenecen, constituyen el eje de la puesta en escena \u201cExilia\u201d, que re\u00fane el talento de Argentina, Espa\u00f1a y M\u00e9xico. Las funciones ser\u00e1n este s\u00e1bado y domingo en la ESAY.\" \/>\n<meta property=\"og:url\" content=\"https:\/\/reporteroshoy.mx\/noticias\/mujeres-de-tres-paises-estrenaran-obra-exilia-en-el-merida-fest\/\" \/>\n<meta property=\"og:site_name\" content=\"Reporteros Hoy | Noticias de Yucat\u00e1n\" \/>\n<meta property=\"article:publisher\" content=\"http:\/\/www.facebook.com\/reporteroshoymx\" \/>\n<meta property=\"article:published_time\" content=\"2023-01-20T01:16:31+00:00\" \/>\n<meta property=\"og:image\" content=\"https:\/\/reporteroshoy.mx\/noticias\/wp-content\/uploads\/2023\/01\/OBRA-TEATRO-MERIDA-1-scaled.jpeg\" \/>\n\t<meta property=\"og:image:width\" content=\"768\" \/>\n\t<meta property=\"og:image:height\" content=\"512\" \/>\n\t<meta property=\"og:image:type\" content=\"image\/jpeg\" \/>\n<meta name=\"author\" content=\"Reporteros Hoy HY\" \/>\n<meta name=\"twitter:card\" content=\"summary_large_image\" \/>\n<meta name=\"twitter:creator\" content=\"@reporteroshoy\" \/>\n<meta name=\"twitter:site\" content=\"@reporteroshoy\" \/>\n<meta name=\"twitter:label1\" content=\"Escrito por\" \/>\n\t<meta name=\"twitter:data1\" content=\"Reporteros Hoy HY\" \/>\n\t<meta name=\"twitter:label2\" content=\"Tiempo de lectura\" \/>\n\t<meta name=\"twitter:data2\" content=\"4 minutos\" \/>\n<script type=\"application\/ld+json\" class=\"yoast-schema-graph\">{\"@context\":\"https:\\\/\\\/schema.org\",\"@graph\":[{\"@type\":\"Article\",\"@id\":\"https:\\\/\\\/reporteroshoy.mx\\\/noticias\\\/mujeres-de-tres-paises-estrenaran-obra-exilia-en-el-merida-fest\\\/#article\",\"isPartOf\":{\"@id\":\"https:\\\/\\\/reporteroshoy.mx\\\/noticias\\\/mujeres-de-tres-paises-estrenaran-obra-exilia-en-el-merida-fest\\\/\"},\"author\":{\"name\":\"Reporteros Hoy HY\",\"@id\":\"https:\\\/\\\/reporteroshoy.mx\\\/noticias\\\/#\\\/schema\\\/person\\\/d32189074678a9d41498d4248e29aac3\"},\"headline\":\"Mujeres de tres pa\u00edses estrenar\u00e1n obra \u00abExilia\u00bb en el M\u00e9rida Fest\",\"datePublished\":\"2023-01-20T01:16:31+00:00\",\"mainEntityOfPage\":{\"@id\":\"https:\\\/\\\/reporteroshoy.mx\\\/noticias\\\/mujeres-de-tres-paises-estrenaran-obra-exilia-en-el-merida-fest\\\/\"},\"wordCount\":675,\"commentCount\":0,\"image\":{\"@id\":\"https:\\\/\\\/reporteroshoy.mx\\\/noticias\\\/mujeres-de-tres-paises-estrenaran-obra-exilia-en-el-merida-fest\\\/#primaryimage\"},\"thumbnailUrl\":\"https:\\\/\\\/reporteroshoy.mx\\\/noticias\\\/wp-content\\\/uploads\\\/2023\\\/01\\\/OBRA-TEATRO-MERIDA-1-scaled.jpeg\",\"keywords\":[\"ESAY\",\"teatro en M\u00e9rida\",\"Violencia de G\u00e9nero\"],\"articleSection\":[\"Yucat\u00e1n\"],\"inLanguage\":\"es\",\"potentialAction\":[{\"@type\":\"CommentAction\",\"name\":\"Comment\",\"target\":[\"https:\\\/\\\/reporteroshoy.mx\\\/noticias\\\/mujeres-de-tres-paises-estrenaran-obra-exilia-en-el-merida-fest\\\/#respond\"]}]},{\"@type\":\"WebPage\",\"@id\":\"https:\\\/\\\/reporteroshoy.mx\\\/noticias\\\/mujeres-de-tres-paises-estrenaran-obra-exilia-en-el-merida-fest\\\/\",\"url\":\"https:\\\/\\\/reporteroshoy.mx\\\/noticias\\\/mujeres-de-tres-paises-estrenaran-obra-exilia-en-el-merida-fest\\\/\",\"name\":\"Mujeres de tres pa\u00edses estrenar\u00e1n obra \\\"Exilia\\\" en el M\u00e9rida Fest\",\"isPartOf\":{\"@id\":\"https:\\\/\\\/reporteroshoy.mx\\\/noticias\\\/#website\"},\"primaryImageOfPage\":{\"@id\":\"https:\\\/\\\/reporteroshoy.mx\\\/noticias\\\/mujeres-de-tres-paises-estrenaran-obra-exilia-en-el-merida-fest\\\/#primaryimage\"},\"image\":{\"@id\":\"https:\\\/\\\/reporteroshoy.mx\\\/noticias\\\/mujeres-de-tres-paises-estrenaran-obra-exilia-en-el-merida-fest\\\/#primaryimage\"},\"thumbnailUrl\":\"https:\\\/\\\/reporteroshoy.mx\\\/noticias\\\/wp-content\\\/uploads\\\/2023\\\/01\\\/OBRA-TEATRO-MERIDA-1-scaled.jpeg\",\"datePublished\":\"2023-01-20T01:16:31+00:00\",\"author\":{\"@id\":\"https:\\\/\\\/reporteroshoy.mx\\\/noticias\\\/#\\\/schema\\\/person\\\/d32189074678a9d41498d4248e29aac3\"},\"description\":\"Historias de mujeres, que buscan exiliarse de la situaci\u00f3n social a la que pertenecen, constituyen el eje de la puesta en escena \u201cExilia\u201d, que re\u00fane el talento de Argentina, Espa\u00f1a y M\u00e9xico. Las funciones ser\u00e1n este s\u00e1bado y domingo en la ESAY.\",\"breadcrumb\":{\"@id\":\"https:\\\/\\\/reporteroshoy.mx\\\/noticias\\\/mujeres-de-tres-paises-estrenaran-obra-exilia-en-el-merida-fest\\\/#breadcrumb\"},\"inLanguage\":\"es\",\"potentialAction\":[{\"@type\":\"ReadAction\",\"target\":[\"https:\\\/\\\/reporteroshoy.mx\\\/noticias\\\/mujeres-de-tres-paises-estrenaran-obra-exilia-en-el-merida-fest\\\/\"]}]},{\"@type\":\"ImageObject\",\"inLanguage\":\"es\",\"@id\":\"https:\\\/\\\/reporteroshoy.mx\\\/noticias\\\/mujeres-de-tres-paises-estrenaran-obra-exilia-en-el-merida-fest\\\/#primaryimage\",\"url\":\"https:\\\/\\\/reporteroshoy.mx\\\/noticias\\\/wp-content\\\/uploads\\\/2023\\\/01\\\/OBRA-TEATRO-MERIDA-1-scaled.jpeg\",\"contentUrl\":\"https:\\\/\\\/reporteroshoy.mx\\\/noticias\\\/wp-content\\\/uploads\\\/2023\\\/01\\\/OBRA-TEATRO-MERIDA-1-scaled.jpeg\",\"width\":768,\"height\":512},{\"@type\":\"BreadcrumbList\",\"@id\":\"https:\\\/\\\/reporteroshoy.mx\\\/noticias\\\/mujeres-de-tres-paises-estrenaran-obra-exilia-en-el-merida-fest\\\/#breadcrumb\",\"itemListElement\":[{\"@type\":\"ListItem\",\"position\":1,\"name\":\"Portada\",\"item\":\"https:\\\/\\\/reporteroshoy.mx\\\/noticias\\\/\"},{\"@type\":\"ListItem\",\"position\":2,\"name\":\"Mujeres de tres pa\u00edses estrenar\u00e1n obra \u00abExilia\u00bb en el M\u00e9rida Fest\"}]},{\"@type\":\"WebSite\",\"@id\":\"https:\\\/\\\/reporteroshoy.mx\\\/noticias\\\/#website\",\"url\":\"https:\\\/\\\/reporteroshoy.mx\\\/noticias\\\/\",\"name\":\"Reporteros Hoy | Noticias de Yucat\u00e1n\",\"description\":\"Peri\u00f3dico digital con noticias diarias desde M\u00e9rida, Yucat\u00e1n para el mundo.\",\"potentialAction\":[{\"@type\":\"SearchAction\",\"target\":{\"@type\":\"EntryPoint\",\"urlTemplate\":\"https:\\\/\\\/reporteroshoy.mx\\\/noticias\\\/?s={search_term_string}\"},\"query-input\":{\"@type\":\"PropertyValueSpecification\",\"valueRequired\":true,\"valueName\":\"search_term_string\"}}],\"inLanguage\":\"es\"},{\"@type\":\"Person\",\"@id\":\"https:\\\/\\\/reporteroshoy.mx\\\/noticias\\\/#\\\/schema\\\/person\\\/d32189074678a9d41498d4248e29aac3\",\"name\":\"Reporteros Hoy HY\",\"image\":{\"@type\":\"ImageObject\",\"inLanguage\":\"es\",\"@id\":\"https:\\\/\\\/secure.gravatar.com\\\/avatar\\\/c539a82770f256437b35bda44650bb50f5fd4b7017f8b29672ed9f27a43cec47?s=96&d=mm&r=g\",\"url\":\"https:\\\/\\\/secure.gravatar.com\\\/avatar\\\/c539a82770f256437b35bda44650bb50f5fd4b7017f8b29672ed9f27a43cec47?s=96&d=mm&r=g\",\"contentUrl\":\"https:\\\/\\\/secure.gravatar.com\\\/avatar\\\/c539a82770f256437b35bda44650bb50f5fd4b7017f8b29672ed9f27a43cec47?s=96&d=mm&r=g\",\"caption\":\"Reporteros Hoy HY\"},\"url\":\"https:\\\/\\\/reporteroshoy.mx\\\/noticias\\\/author\\\/thelmo\\\/\"}]}<\/script>\n<!-- \/ Yoast SEO plugin. -->","yoast_head_json":{"title":"Mujeres de tres pa\u00edses estrenar\u00e1n obra \"Exilia\" en el M\u00e9rida Fest","description":"Historias de mujeres, que buscan exiliarse de la situaci\u00f3n social a la que pertenecen, constituyen el eje de la puesta en escena \u201cExilia\u201d, que re\u00fane el talento de Argentina, Espa\u00f1a y M\u00e9xico. Las funciones ser\u00e1n este s\u00e1bado y domingo en la ESAY.","robots":{"index":"index","follow":"follow","max-snippet":"max-snippet:-1","max-image-preview":"max-image-preview:large","max-video-preview":"max-video-preview:-1"},"canonical":"https:\/\/reporteroshoy.mx\/noticias\/mujeres-de-tres-paises-estrenaran-obra-exilia-en-el-merida-fest\/","og_locale":"es_ES","og_type":"article","og_title":"Mujeres de tres pa\u00edses estrenar\u00e1n obra \"Exilia\" en el M\u00e9rida Fest","og_description":"Historias de mujeres, que buscan exiliarse de la situaci\u00f3n social a la que pertenecen, constituyen el eje de la puesta en escena \u201cExilia\u201d, que re\u00fane el talento de Argentina, Espa\u00f1a y M\u00e9xico. Las funciones ser\u00e1n este s\u00e1bado y domingo en la ESAY.","og_url":"https:\/\/reporteroshoy.mx\/noticias\/mujeres-de-tres-paises-estrenaran-obra-exilia-en-el-merida-fest\/","og_site_name":"Reporteros Hoy | Noticias de Yucat\u00e1n","article_publisher":"http:\/\/www.facebook.com\/reporteroshoymx","article_published_time":"2023-01-20T01:16:31+00:00","og_image":[{"width":768,"height":512,"url":"https:\/\/reporteroshoy.mx\/noticias\/wp-content\/uploads\/2023\/01\/OBRA-TEATRO-MERIDA-1-scaled.jpeg","type":"image\/jpeg"}],"author":"Reporteros Hoy HY","twitter_card":"summary_large_image","twitter_creator":"@reporteroshoy","twitter_site":"@reporteroshoy","twitter_misc":{"Escrito por":"Reporteros Hoy HY","Tiempo de lectura":"4 minutos"},"schema":{"@context":"https:\/\/schema.org","@graph":[{"@type":"Article","@id":"https:\/\/reporteroshoy.mx\/noticias\/mujeres-de-tres-paises-estrenaran-obra-exilia-en-el-merida-fest\/#article","isPartOf":{"@id":"https:\/\/reporteroshoy.mx\/noticias\/mujeres-de-tres-paises-estrenaran-obra-exilia-en-el-merida-fest\/"},"author":{"name":"Reporteros Hoy HY","@id":"https:\/\/reporteroshoy.mx\/noticias\/#\/schema\/person\/d32189074678a9d41498d4248e29aac3"},"headline":"Mujeres de tres pa\u00edses estrenar\u00e1n obra \u00abExilia\u00bb en el M\u00e9rida Fest","datePublished":"2023-01-20T01:16:31+00:00","mainEntityOfPage":{"@id":"https:\/\/reporteroshoy.mx\/noticias\/mujeres-de-tres-paises-estrenaran-obra-exilia-en-el-merida-fest\/"},"wordCount":675,"commentCount":0,"image":{"@id":"https:\/\/reporteroshoy.mx\/noticias\/mujeres-de-tres-paises-estrenaran-obra-exilia-en-el-merida-fest\/#primaryimage"},"thumbnailUrl":"https:\/\/reporteroshoy.mx\/noticias\/wp-content\/uploads\/2023\/01\/OBRA-TEATRO-MERIDA-1-scaled.jpeg","keywords":["ESAY","teatro en M\u00e9rida","Violencia de G\u00e9nero"],"articleSection":["Yucat\u00e1n"],"inLanguage":"es","potentialAction":[{"@type":"CommentAction","name":"Comment","target":["https:\/\/reporteroshoy.mx\/noticias\/mujeres-de-tres-paises-estrenaran-obra-exilia-en-el-merida-fest\/#respond"]}]},{"@type":"WebPage","@id":"https:\/\/reporteroshoy.mx\/noticias\/mujeres-de-tres-paises-estrenaran-obra-exilia-en-el-merida-fest\/","url":"https:\/\/reporteroshoy.mx\/noticias\/mujeres-de-tres-paises-estrenaran-obra-exilia-en-el-merida-fest\/","name":"Mujeres de tres pa\u00edses estrenar\u00e1n obra \"Exilia\" en el M\u00e9rida Fest","isPartOf":{"@id":"https:\/\/reporteroshoy.mx\/noticias\/#website"},"primaryImageOfPage":{"@id":"https:\/\/reporteroshoy.mx\/noticias\/mujeres-de-tres-paises-estrenaran-obra-exilia-en-el-merida-fest\/#primaryimage"},"image":{"@id":"https:\/\/reporteroshoy.mx\/noticias\/mujeres-de-tres-paises-estrenaran-obra-exilia-en-el-merida-fest\/#primaryimage"},"thumbnailUrl":"https:\/\/reporteroshoy.mx\/noticias\/wp-content\/uploads\/2023\/01\/OBRA-TEATRO-MERIDA-1-scaled.jpeg","datePublished":"2023-01-20T01:16:31+00:00","author":{"@id":"https:\/\/reporteroshoy.mx\/noticias\/#\/schema\/person\/d32189074678a9d41498d4248e29aac3"},"description":"Historias de mujeres, que buscan exiliarse de la situaci\u00f3n social a la que pertenecen, constituyen el eje de la puesta en escena \u201cExilia\u201d, que re\u00fane el talento de Argentina, Espa\u00f1a y M\u00e9xico. Las funciones ser\u00e1n este s\u00e1bado y domingo en la ESAY.","breadcrumb":{"@id":"https:\/\/reporteroshoy.mx\/noticias\/mujeres-de-tres-paises-estrenaran-obra-exilia-en-el-merida-fest\/#breadcrumb"},"inLanguage":"es","potentialAction":[{"@type":"ReadAction","target":["https:\/\/reporteroshoy.mx\/noticias\/mujeres-de-tres-paises-estrenaran-obra-exilia-en-el-merida-fest\/"]}]},{"@type":"ImageObject","inLanguage":"es","@id":"https:\/\/reporteroshoy.mx\/noticias\/mujeres-de-tres-paises-estrenaran-obra-exilia-en-el-merida-fest\/#primaryimage","url":"https:\/\/reporteroshoy.mx\/noticias\/wp-content\/uploads\/2023\/01\/OBRA-TEATRO-MERIDA-1-scaled.jpeg","contentUrl":"https:\/\/reporteroshoy.mx\/noticias\/wp-content\/uploads\/2023\/01\/OBRA-TEATRO-MERIDA-1-scaled.jpeg","width":768,"height":512},{"@type":"BreadcrumbList","@id":"https:\/\/reporteroshoy.mx\/noticias\/mujeres-de-tres-paises-estrenaran-obra-exilia-en-el-merida-fest\/#breadcrumb","itemListElement":[{"@type":"ListItem","position":1,"name":"Portada","item":"https:\/\/reporteroshoy.mx\/noticias\/"},{"@type":"ListItem","position":2,"name":"Mujeres de tres pa\u00edses estrenar\u00e1n obra \u00abExilia\u00bb en el M\u00e9rida Fest"}]},{"@type":"WebSite","@id":"https:\/\/reporteroshoy.mx\/noticias\/#website","url":"https:\/\/reporteroshoy.mx\/noticias\/","name":"Reporteros Hoy | Noticias de Yucat\u00e1n","description":"Peri\u00f3dico digital con noticias diarias desde M\u00e9rida, Yucat\u00e1n para el mundo.","potentialAction":[{"@type":"SearchAction","target":{"@type":"EntryPoint","urlTemplate":"https:\/\/reporteroshoy.mx\/noticias\/?s={search_term_string}"},"query-input":{"@type":"PropertyValueSpecification","valueRequired":true,"valueName":"search_term_string"}}],"inLanguage":"es"},{"@type":"Person","@id":"https:\/\/reporteroshoy.mx\/noticias\/#\/schema\/person\/d32189074678a9d41498d4248e29aac3","name":"Reporteros Hoy HY","image":{"@type":"ImageObject","inLanguage":"es","@id":"https:\/\/secure.gravatar.com\/avatar\/c539a82770f256437b35bda44650bb50f5fd4b7017f8b29672ed9f27a43cec47?s=96&d=mm&r=g","url":"https:\/\/secure.gravatar.com\/avatar\/c539a82770f256437b35bda44650bb50f5fd4b7017f8b29672ed9f27a43cec47?s=96&d=mm&r=g","contentUrl":"https:\/\/secure.gravatar.com\/avatar\/c539a82770f256437b35bda44650bb50f5fd4b7017f8b29672ed9f27a43cec47?s=96&d=mm&r=g","caption":"Reporteros Hoy HY"},"url":"https:\/\/reporteroshoy.mx\/noticias\/author\/thelmo\/"}]}},"_links":{"self":[{"href":"https:\/\/reporteroshoy.mx\/noticias\/wp-json\/wp\/v2\/posts\/97405","targetHints":{"allow":["GET"]}}],"collection":[{"href":"https:\/\/reporteroshoy.mx\/noticias\/wp-json\/wp\/v2\/posts"}],"about":[{"href":"https:\/\/reporteroshoy.mx\/noticias\/wp-json\/wp\/v2\/types\/post"}],"author":[{"embeddable":true,"href":"https:\/\/reporteroshoy.mx\/noticias\/wp-json\/wp\/v2\/users\/2"}],"replies":[{"embeddable":true,"href":"https:\/\/reporteroshoy.mx\/noticias\/wp-json\/wp\/v2\/comments?post=97405"}],"version-history":[{"count":0,"href":"https:\/\/reporteroshoy.mx\/noticias\/wp-json\/wp\/v2\/posts\/97405\/revisions"}],"wp:featuredmedia":[{"embeddable":true,"href":"https:\/\/reporteroshoy.mx\/noticias\/wp-json\/wp\/v2\/media\/97406"}],"wp:attachment":[{"href":"https:\/\/reporteroshoy.mx\/noticias\/wp-json\/wp\/v2\/media?parent=97405"}],"wp:term":[{"taxonomy":"category","embeddable":true,"href":"https:\/\/reporteroshoy.mx\/noticias\/wp-json\/wp\/v2\/categories?post=97405"},{"taxonomy":"post_tag","embeddable":true,"href":"https:\/\/reporteroshoy.mx\/noticias\/wp-json\/wp\/v2\/tags?post=97405"}],"curies":[{"name":"wp","href":"https:\/\/api.w.org\/{rel}","templated":true}]}}