{"id":97621,"date":"2023-01-25T21:15:05","date_gmt":"2023-01-26T03:15:05","guid":{"rendered":"https:\/\/reporteroshoy.mx\/noticias\/?p=97621"},"modified":"2023-01-25T21:15:05","modified_gmt":"2023-01-26T03:15:05","slug":"regresa-al-bote-ahora-con-sentencia-de-80-anos-por-plagio-de-empresario","status":"publish","type":"post","link":"https:\/\/reporteroshoy.mx\/noticias\/regresa-al-bote-ahora-con-sentencia-de-80-anos-por-plagio-de-empresario\/","title":{"rendered":"Regresa al bote&#8230; ahora con sentencia de 80 a\u00f1os por plagio de empresario"},"content":{"rendered":"<p class=\"x_MsoNormal\" style=\"text-align: justify;\"><span lang=\"ES\" style=\"color: #000000;\">M\u00e9rida, Yucat\u00e1n; 25 de enero de 2022.- Tras el Recurso de Apelaci\u00f3n interpuesto por la Fiscal\u00eda General del Estado (FGE), Gregorio Jes\u00fas M.L fue sentenciado este d\u00eda a 80 a\u00f1os de prisi\u00f3n por el delito de secuestro agravado tras los hechos registrados en el 2021 en Tizim\u00edn.<\/span><\/p>\n<p class=\"x_MsoNormal\" style=\"text-align: justify;\"><span lang=\"ES\" style=\"color: #000000;\">Tras ser rehaprendido en d\u00edas pasados, el Tribunal de alzada revoc\u00f3 la sentencia dictada por el Tribunal Colegiado Primero de Enjuiciamiento del Estado, que dejaba en libertad al acusado, por lo que finalmente se le declar\u00f3 penalmente responsable despu\u00e9s de la audiencia de individualizaci\u00f3n celebrada este d\u00eda en el Centro de Justicia Oral de M\u00e9rida.<\/span><\/p>\n<p><img loading=\"lazy\" decoding=\"async\" class=\"wp-image-97624 aligncenter\" src=\"https:\/\/reporteroshoy.mx\/noticias\/wp-content\/uploads\/2023\/01\/DETENIDO-FGE-scaled.jpeg\" alt=\"\" width=\"641\" height=\"428\" \/><\/p>\n<p class=\"x_MsoNormal\" style=\"text-align: justify;\"><span lang=\"ES\" style=\"color: #000000;\">En la diligencia celebrada ante los integrantes del Tribunal Primero de Enjuiciamiento, el sentenciado fue condenado tambi\u00e9n al pago de $1,821,400 como reparaci\u00f3n del da\u00f1o por la indemnizaci\u00f3n del fallecimiento de la v\u00edctima y gastos funerarios, adem\u00e1s de 12000 d\u00edas de multa, cantidad que deber\u00e1 ser solventada entre los cinco involucrados en el citado delito.<\/span><\/p>\n<p class=\"x_MsoNormal\" style=\"text-align: justify;\"><span style=\"color: #000000;\"><span lang=\"ES\">Los hechos ocurrieron el 21 de abril de 2021 en Tizim\u00edn, donde G.J.M.L., junto con dos hombres y dos mujeres m\u00e1s, estuvo implicado en el secuestro de J.F.C.P. quien posteriormente fue encontrado sin vida en el estado de Quintana Roo.<\/span><span lang=\"ES\">\u00a0<\/span><\/span><\/p>\n<p class=\"x_MsoNormal\" style=\"text-align: justify;\"><span lang=\"ES\" style=\"color: #000000;\">Cabe recordar que los otros cuatro involucrados, despu\u00e9s de ser recapturados por la revocaci\u00f3n del fallo de la primera instancia, tambi\u00e9n fueron sentenciados cada uno a 80 a\u00f1os de prisi\u00f3n el pasado mes de diciembre.<\/span><\/p>\n<p class=\"x_MsoNormal\" style=\"text-align: justify;\"><span lang=\"ES\" style=\"color: #000000;\">Antes de finalizar la audiencia de hoy, la autoridad judicial convoc\u00f3 a las partes para el pr\u00f3ximo primero de febrero realizar la lectura y explicaci\u00f3n de la sentencia.<\/span><\/p>\n","protected":false},"excerpt":{"rendered":"<p>Cuatro d\u00edas despu\u00e9s de ser reaprehendido por la justicia, Gabriel Jes\u00fas fue declarado culpable del secuestro y posterior muerte de un empresario de Tizim\u00edn. Se reencontrar\u00e1 con sus c\u00f3mplices y pasar\u00e1 el resto de su vida en prisi\u00f3n.<\/p>\n","protected":false},"author":2,"featured_media":97624,"comment_status":"open","ping_status":"closed","sticky":false,"template":"","format":"standard","meta":{"footnotes":""},"categories":[7],"tags":[3117,23628,17420],"class_list":["post-97621","post","type-post","status-publish","format-standard","has-post-thumbnail","hentry","category-gobierno","tag-secuestro","tag-secuestro-en-merida","tag-secuestro-en-yucatan"],"yoast_head":"<!-- This site is optimized with the Yoast SEO plugin v28.3 - https:\/\/yoast.com\/product\/yoast-seo-wordpress\/ -->\n<title>Regresa al bote... ahora con sentencia de 80 a\u00f1os por plagio de empresario<\/title>\n<meta name=\"description\" content=\"Cuatro d\u00edas despu\u00e9s de ser reaprehendido por la justicia, Gabriel Jes\u00fas fue declarado culpable del secuestro y posterior muerte de un empresario de Tizim\u00edn. Se reencontrar\u00e1 con sus c\u00f3mplices y pasar\u00e1 el resto de su vida en prisi\u00f3n.\" \/>\n<meta name=\"robots\" content=\"index, follow, max-snippet:-1, max-image-preview:large, max-video-preview:-1\" \/>\n<link rel=\"canonical\" href=\"https:\/\/reporteroshoy.mx\/noticias\/regresa-al-bote-ahora-con-sentencia-de-80-anos-por-plagio-de-empresario\/\" \/>\n<meta property=\"og:locale\" content=\"es_ES\" \/>\n<meta property=\"og:type\" content=\"article\" \/>\n<meta property=\"og:title\" content=\"Regresa al bote... ahora con sentencia de 80 a\u00f1os por plagio de empresario\" \/>\n<meta property=\"og:description\" content=\"Cuatro d\u00edas despu\u00e9s de ser reaprehendido por la justicia, Gabriel Jes\u00fas fue declarado culpable del secuestro y posterior muerte de un empresario de Tizim\u00edn. Se reencontrar\u00e1 con sus c\u00f3mplices y pasar\u00e1 el resto de su vida en prisi\u00f3n.\" \/>\n<meta property=\"og:url\" content=\"https:\/\/reporteroshoy.mx\/noticias\/regresa-al-bote-ahora-con-sentencia-de-80-anos-por-plagio-de-empresario\/\" \/>\n<meta property=\"og:site_name\" content=\"Reporteros Hoy | Noticias de Yucat\u00e1n\" \/>\n<meta property=\"article:publisher\" content=\"http:\/\/www.facebook.com\/reporteroshoymx\" \/>\n<meta property=\"article:published_time\" content=\"2023-01-26T03:15:05+00:00\" \/>\n<meta property=\"og:image\" content=\"https:\/\/reporteroshoy.mx\/noticias\/wp-content\/uploads\/2023\/01\/DETENIDO-FGE-scaled.jpeg\" \/>\n\t<meta property=\"og:image:width\" content=\"768\" \/>\n\t<meta property=\"og:image:height\" content=\"513\" \/>\n\t<meta property=\"og:image:type\" content=\"image\/jpeg\" \/>\n<meta name=\"author\" content=\"Reporteros Hoy HY\" \/>\n<meta name=\"twitter:card\" content=\"summary_large_image\" \/>\n<meta name=\"twitter:creator\" content=\"@reporteroshoy\" \/>\n<meta name=\"twitter:site\" content=\"@reporteroshoy\" \/>\n<meta name=\"twitter:label1\" content=\"Escrito por\" \/>\n\t<meta name=\"twitter:data1\" content=\"Reporteros Hoy HY\" \/>\n\t<meta name=\"twitter:label2\" content=\"Tiempo de lectura\" \/>\n\t<meta name=\"twitter:data2\" content=\"2 minutos\" \/>\n<script type=\"application\/ld+json\" class=\"yoast-schema-graph\">{\"@context\":\"https:\\\/\\\/schema.org\",\"@graph\":[{\"@type\":\"Article\",\"@id\":\"https:\\\/\\\/reporteroshoy.mx\\\/noticias\\\/regresa-al-bote-ahora-con-sentencia-de-80-anos-por-plagio-de-empresario\\\/#article\",\"isPartOf\":{\"@id\":\"https:\\\/\\\/reporteroshoy.mx\\\/noticias\\\/regresa-al-bote-ahora-con-sentencia-de-80-anos-por-plagio-de-empresario\\\/\"},\"author\":{\"name\":\"Reporteros Hoy HY\",\"@id\":\"https:\\\/\\\/reporteroshoy.mx\\\/noticias\\\/#\\\/schema\\\/person\\\/d32189074678a9d41498d4248e29aac3\"},\"headline\":\"Regresa al bote&#8230; ahora con sentencia de 80 a\u00f1os por plagio de empresario\",\"datePublished\":\"2023-01-26T03:15:05+00:00\",\"mainEntityOfPage\":{\"@id\":\"https:\\\/\\\/reporteroshoy.mx\\\/noticias\\\/regresa-al-bote-ahora-con-sentencia-de-80-anos-por-plagio-de-empresario\\\/\"},\"wordCount\":302,\"commentCount\":0,\"image\":{\"@id\":\"https:\\\/\\\/reporteroshoy.mx\\\/noticias\\\/regresa-al-bote-ahora-con-sentencia-de-80-anos-por-plagio-de-empresario\\\/#primaryimage\"},\"thumbnailUrl\":\"https:\\\/\\\/reporteroshoy.mx\\\/noticias\\\/wp-content\\\/uploads\\\/2023\\\/01\\\/DETENIDO-FGE-scaled.jpeg\",\"keywords\":[\"Secuestro\",\"secuestro en M\u00e9rida\",\"secuestro en Yucat\u00e1n\"],\"articleSection\":[\"Gobierno\"],\"inLanguage\":\"es\",\"potentialAction\":[{\"@type\":\"CommentAction\",\"name\":\"Comment\",\"target\":[\"https:\\\/\\\/reporteroshoy.mx\\\/noticias\\\/regresa-al-bote-ahora-con-sentencia-de-80-anos-por-plagio-de-empresario\\\/#respond\"]}]},{\"@type\":\"WebPage\",\"@id\":\"https:\\\/\\\/reporteroshoy.mx\\\/noticias\\\/regresa-al-bote-ahora-con-sentencia-de-80-anos-por-plagio-de-empresario\\\/\",\"url\":\"https:\\\/\\\/reporteroshoy.mx\\\/noticias\\\/regresa-al-bote-ahora-con-sentencia-de-80-anos-por-plagio-de-empresario\\\/\",\"name\":\"Regresa al bote... ahora con sentencia de 80 a\u00f1os por plagio de empresario\",\"isPartOf\":{\"@id\":\"https:\\\/\\\/reporteroshoy.mx\\\/noticias\\\/#website\"},\"primaryImageOfPage\":{\"@id\":\"https:\\\/\\\/reporteroshoy.mx\\\/noticias\\\/regresa-al-bote-ahora-con-sentencia-de-80-anos-por-plagio-de-empresario\\\/#primaryimage\"},\"image\":{\"@id\":\"https:\\\/\\\/reporteroshoy.mx\\\/noticias\\\/regresa-al-bote-ahora-con-sentencia-de-80-anos-por-plagio-de-empresario\\\/#primaryimage\"},\"thumbnailUrl\":\"https:\\\/\\\/reporteroshoy.mx\\\/noticias\\\/wp-content\\\/uploads\\\/2023\\\/01\\\/DETENIDO-FGE-scaled.jpeg\",\"datePublished\":\"2023-01-26T03:15:05+00:00\",\"author\":{\"@id\":\"https:\\\/\\\/reporteroshoy.mx\\\/noticias\\\/#\\\/schema\\\/person\\\/d32189074678a9d41498d4248e29aac3\"},\"description\":\"Cuatro d\u00edas despu\u00e9s de ser reaprehendido por la justicia, Gabriel Jes\u00fas fue declarado culpable del secuestro y posterior muerte de un empresario de Tizim\u00edn. Se reencontrar\u00e1 con sus c\u00f3mplices y pasar\u00e1 el resto de su vida en prisi\u00f3n.\",\"breadcrumb\":{\"@id\":\"https:\\\/\\\/reporteroshoy.mx\\\/noticias\\\/regresa-al-bote-ahora-con-sentencia-de-80-anos-por-plagio-de-empresario\\\/#breadcrumb\"},\"inLanguage\":\"es\",\"potentialAction\":[{\"@type\":\"ReadAction\",\"target\":[\"https:\\\/\\\/reporteroshoy.mx\\\/noticias\\\/regresa-al-bote-ahora-con-sentencia-de-80-anos-por-plagio-de-empresario\\\/\"]}]},{\"@type\":\"ImageObject\",\"inLanguage\":\"es\",\"@id\":\"https:\\\/\\\/reporteroshoy.mx\\\/noticias\\\/regresa-al-bote-ahora-con-sentencia-de-80-anos-por-plagio-de-empresario\\\/#primaryimage\",\"url\":\"https:\\\/\\\/reporteroshoy.mx\\\/noticias\\\/wp-content\\\/uploads\\\/2023\\\/01\\\/DETENIDO-FGE-scaled.jpeg\",\"contentUrl\":\"https:\\\/\\\/reporteroshoy.mx\\\/noticias\\\/wp-content\\\/uploads\\\/2023\\\/01\\\/DETENIDO-FGE-scaled.jpeg\",\"width\":768,\"height\":513},{\"@type\":\"BreadcrumbList\",\"@id\":\"https:\\\/\\\/reporteroshoy.mx\\\/noticias\\\/regresa-al-bote-ahora-con-sentencia-de-80-anos-por-plagio-de-empresario\\\/#breadcrumb\",\"itemListElement\":[{\"@type\":\"ListItem\",\"position\":1,\"name\":\"Portada\",\"item\":\"https:\\\/\\\/reporteroshoy.mx\\\/noticias\\\/\"},{\"@type\":\"ListItem\",\"position\":2,\"name\":\"Regresa al bote&#8230; ahora con sentencia de 80 a\u00f1os por plagio de empresario\"}]},{\"@type\":\"WebSite\",\"@id\":\"https:\\\/\\\/reporteroshoy.mx\\\/noticias\\\/#website\",\"url\":\"https:\\\/\\\/reporteroshoy.mx\\\/noticias\\\/\",\"name\":\"Reporteros Hoy | Noticias de Yucat\u00e1n\",\"description\":\"Peri\u00f3dico digital con noticias diarias desde M\u00e9rida, Yucat\u00e1n para el mundo.\",\"potentialAction\":[{\"@type\":\"SearchAction\",\"target\":{\"@type\":\"EntryPoint\",\"urlTemplate\":\"https:\\\/\\\/reporteroshoy.mx\\\/noticias\\\/?s={search_term_string}\"},\"query-input\":{\"@type\":\"PropertyValueSpecification\",\"valueRequired\":true,\"valueName\":\"search_term_string\"}}],\"inLanguage\":\"es\"},{\"@type\":\"Person\",\"@id\":\"https:\\\/\\\/reporteroshoy.mx\\\/noticias\\\/#\\\/schema\\\/person\\\/d32189074678a9d41498d4248e29aac3\",\"name\":\"Reporteros Hoy HY\",\"image\":{\"@type\":\"ImageObject\",\"inLanguage\":\"es\",\"@id\":\"https:\\\/\\\/secure.gravatar.com\\\/avatar\\\/c539a82770f256437b35bda44650bb50f5fd4b7017f8b29672ed9f27a43cec47?s=96&d=mm&r=g\",\"url\":\"https:\\\/\\\/secure.gravatar.com\\\/avatar\\\/c539a82770f256437b35bda44650bb50f5fd4b7017f8b29672ed9f27a43cec47?s=96&d=mm&r=g\",\"contentUrl\":\"https:\\\/\\\/secure.gravatar.com\\\/avatar\\\/c539a82770f256437b35bda44650bb50f5fd4b7017f8b29672ed9f27a43cec47?s=96&d=mm&r=g\",\"caption\":\"Reporteros Hoy HY\"},\"url\":\"https:\\\/\\\/reporteroshoy.mx\\\/noticias\\\/author\\\/thelmo\\\/\"}]}<\/script>\n<!-- \/ Yoast SEO plugin. -->","yoast_head_json":{"title":"Regresa al bote... ahora con sentencia de 80 a\u00f1os por plagio de empresario","description":"Cuatro d\u00edas despu\u00e9s de ser reaprehendido por la justicia, Gabriel Jes\u00fas fue declarado culpable del secuestro y posterior muerte de un empresario de Tizim\u00edn. Se reencontrar\u00e1 con sus c\u00f3mplices y pasar\u00e1 el resto de su vida en prisi\u00f3n.","robots":{"index":"index","follow":"follow","max-snippet":"max-snippet:-1","max-image-preview":"max-image-preview:large","max-video-preview":"max-video-preview:-1"},"canonical":"https:\/\/reporteroshoy.mx\/noticias\/regresa-al-bote-ahora-con-sentencia-de-80-anos-por-plagio-de-empresario\/","og_locale":"es_ES","og_type":"article","og_title":"Regresa al bote... ahora con sentencia de 80 a\u00f1os por plagio de empresario","og_description":"Cuatro d\u00edas despu\u00e9s de ser reaprehendido por la justicia, Gabriel Jes\u00fas fue declarado culpable del secuestro y posterior muerte de un empresario de Tizim\u00edn. Se reencontrar\u00e1 con sus c\u00f3mplices y pasar\u00e1 el resto de su vida en prisi\u00f3n.","og_url":"https:\/\/reporteroshoy.mx\/noticias\/regresa-al-bote-ahora-con-sentencia-de-80-anos-por-plagio-de-empresario\/","og_site_name":"Reporteros Hoy | Noticias de Yucat\u00e1n","article_publisher":"http:\/\/www.facebook.com\/reporteroshoymx","article_published_time":"2023-01-26T03:15:05+00:00","og_image":[{"width":768,"height":513,"url":"https:\/\/reporteroshoy.mx\/noticias\/wp-content\/uploads\/2023\/01\/DETENIDO-FGE-scaled.jpeg","type":"image\/jpeg"}],"author":"Reporteros Hoy HY","twitter_card":"summary_large_image","twitter_creator":"@reporteroshoy","twitter_site":"@reporteroshoy","twitter_misc":{"Escrito por":"Reporteros Hoy HY","Tiempo de lectura":"2 minutos"},"schema":{"@context":"https:\/\/schema.org","@graph":[{"@type":"Article","@id":"https:\/\/reporteroshoy.mx\/noticias\/regresa-al-bote-ahora-con-sentencia-de-80-anos-por-plagio-de-empresario\/#article","isPartOf":{"@id":"https:\/\/reporteroshoy.mx\/noticias\/regresa-al-bote-ahora-con-sentencia-de-80-anos-por-plagio-de-empresario\/"},"author":{"name":"Reporteros Hoy HY","@id":"https:\/\/reporteroshoy.mx\/noticias\/#\/schema\/person\/d32189074678a9d41498d4248e29aac3"},"headline":"Regresa al bote&#8230; ahora con sentencia de 80 a\u00f1os por plagio de empresario","datePublished":"2023-01-26T03:15:05+00:00","mainEntityOfPage":{"@id":"https:\/\/reporteroshoy.mx\/noticias\/regresa-al-bote-ahora-con-sentencia-de-80-anos-por-plagio-de-empresario\/"},"wordCount":302,"commentCount":0,"image":{"@id":"https:\/\/reporteroshoy.mx\/noticias\/regresa-al-bote-ahora-con-sentencia-de-80-anos-por-plagio-de-empresario\/#primaryimage"},"thumbnailUrl":"https:\/\/reporteroshoy.mx\/noticias\/wp-content\/uploads\/2023\/01\/DETENIDO-FGE-scaled.jpeg","keywords":["Secuestro","secuestro en M\u00e9rida","secuestro en Yucat\u00e1n"],"articleSection":["Gobierno"],"inLanguage":"es","potentialAction":[{"@type":"CommentAction","name":"Comment","target":["https:\/\/reporteroshoy.mx\/noticias\/regresa-al-bote-ahora-con-sentencia-de-80-anos-por-plagio-de-empresario\/#respond"]}]},{"@type":"WebPage","@id":"https:\/\/reporteroshoy.mx\/noticias\/regresa-al-bote-ahora-con-sentencia-de-80-anos-por-plagio-de-empresario\/","url":"https:\/\/reporteroshoy.mx\/noticias\/regresa-al-bote-ahora-con-sentencia-de-80-anos-por-plagio-de-empresario\/","name":"Regresa al bote... ahora con sentencia de 80 a\u00f1os por plagio de empresario","isPartOf":{"@id":"https:\/\/reporteroshoy.mx\/noticias\/#website"},"primaryImageOfPage":{"@id":"https:\/\/reporteroshoy.mx\/noticias\/regresa-al-bote-ahora-con-sentencia-de-80-anos-por-plagio-de-empresario\/#primaryimage"},"image":{"@id":"https:\/\/reporteroshoy.mx\/noticias\/regresa-al-bote-ahora-con-sentencia-de-80-anos-por-plagio-de-empresario\/#primaryimage"},"thumbnailUrl":"https:\/\/reporteroshoy.mx\/noticias\/wp-content\/uploads\/2023\/01\/DETENIDO-FGE-scaled.jpeg","datePublished":"2023-01-26T03:15:05+00:00","author":{"@id":"https:\/\/reporteroshoy.mx\/noticias\/#\/schema\/person\/d32189074678a9d41498d4248e29aac3"},"description":"Cuatro d\u00edas despu\u00e9s de ser reaprehendido por la justicia, Gabriel Jes\u00fas fue declarado culpable del secuestro y posterior muerte de un empresario de Tizim\u00edn. Se reencontrar\u00e1 con sus c\u00f3mplices y pasar\u00e1 el resto de su vida en prisi\u00f3n.","breadcrumb":{"@id":"https:\/\/reporteroshoy.mx\/noticias\/regresa-al-bote-ahora-con-sentencia-de-80-anos-por-plagio-de-empresario\/#breadcrumb"},"inLanguage":"es","potentialAction":[{"@type":"ReadAction","target":["https:\/\/reporteroshoy.mx\/noticias\/regresa-al-bote-ahora-con-sentencia-de-80-anos-por-plagio-de-empresario\/"]}]},{"@type":"ImageObject","inLanguage":"es","@id":"https:\/\/reporteroshoy.mx\/noticias\/regresa-al-bote-ahora-con-sentencia-de-80-anos-por-plagio-de-empresario\/#primaryimage","url":"https:\/\/reporteroshoy.mx\/noticias\/wp-content\/uploads\/2023\/01\/DETENIDO-FGE-scaled.jpeg","contentUrl":"https:\/\/reporteroshoy.mx\/noticias\/wp-content\/uploads\/2023\/01\/DETENIDO-FGE-scaled.jpeg","width":768,"height":513},{"@type":"BreadcrumbList","@id":"https:\/\/reporteroshoy.mx\/noticias\/regresa-al-bote-ahora-con-sentencia-de-80-anos-por-plagio-de-empresario\/#breadcrumb","itemListElement":[{"@type":"ListItem","position":1,"name":"Portada","item":"https:\/\/reporteroshoy.mx\/noticias\/"},{"@type":"ListItem","position":2,"name":"Regresa al bote&#8230; ahora con sentencia de 80 a\u00f1os por plagio de empresario"}]},{"@type":"WebSite","@id":"https:\/\/reporteroshoy.mx\/noticias\/#website","url":"https:\/\/reporteroshoy.mx\/noticias\/","name":"Reporteros Hoy | Noticias de Yucat\u00e1n","description":"Peri\u00f3dico digital con noticias diarias desde M\u00e9rida, Yucat\u00e1n para el mundo.","potentialAction":[{"@type":"SearchAction","target":{"@type":"EntryPoint","urlTemplate":"https:\/\/reporteroshoy.mx\/noticias\/?s={search_term_string}"},"query-input":{"@type":"PropertyValueSpecification","valueRequired":true,"valueName":"search_term_string"}}],"inLanguage":"es"},{"@type":"Person","@id":"https:\/\/reporteroshoy.mx\/noticias\/#\/schema\/person\/d32189074678a9d41498d4248e29aac3","name":"Reporteros Hoy HY","image":{"@type":"ImageObject","inLanguage":"es","@id":"https:\/\/secure.gravatar.com\/avatar\/c539a82770f256437b35bda44650bb50f5fd4b7017f8b29672ed9f27a43cec47?s=96&d=mm&r=g","url":"https:\/\/secure.gravatar.com\/avatar\/c539a82770f256437b35bda44650bb50f5fd4b7017f8b29672ed9f27a43cec47?s=96&d=mm&r=g","contentUrl":"https:\/\/secure.gravatar.com\/avatar\/c539a82770f256437b35bda44650bb50f5fd4b7017f8b29672ed9f27a43cec47?s=96&d=mm&r=g","caption":"Reporteros Hoy HY"},"url":"https:\/\/reporteroshoy.mx\/noticias\/author\/thelmo\/"}]}},"_links":{"self":[{"href":"https:\/\/reporteroshoy.mx\/noticias\/wp-json\/wp\/v2\/posts\/97621","targetHints":{"allow":["GET"]}}],"collection":[{"href":"https:\/\/reporteroshoy.mx\/noticias\/wp-json\/wp\/v2\/posts"}],"about":[{"href":"https:\/\/reporteroshoy.mx\/noticias\/wp-json\/wp\/v2\/types\/post"}],"author":[{"embeddable":true,"href":"https:\/\/reporteroshoy.mx\/noticias\/wp-json\/wp\/v2\/users\/2"}],"replies":[{"embeddable":true,"href":"https:\/\/reporteroshoy.mx\/noticias\/wp-json\/wp\/v2\/comments?post=97621"}],"version-history":[{"count":0,"href":"https:\/\/reporteroshoy.mx\/noticias\/wp-json\/wp\/v2\/posts\/97621\/revisions"}],"wp:featuredmedia":[{"embeddable":true,"href":"https:\/\/reporteroshoy.mx\/noticias\/wp-json\/wp\/v2\/media\/97624"}],"wp:attachment":[{"href":"https:\/\/reporteroshoy.mx\/noticias\/wp-json\/wp\/v2\/media?parent=97621"}],"wp:term":[{"taxonomy":"category","embeddable":true,"href":"https:\/\/reporteroshoy.mx\/noticias\/wp-json\/wp\/v2\/categories?post=97621"},{"taxonomy":"post_tag","embeddable":true,"href":"https:\/\/reporteroshoy.mx\/noticias\/wp-json\/wp\/v2\/tags?post=97621"}],"curies":[{"name":"wp","href":"https:\/\/api.w.org\/{rel}","templated":true}]}}