{"id":97880,"date":"2023-02-01T16:33:06","date_gmt":"2023-02-01T22:33:06","guid":{"rendered":"https:\/\/reporteroshoy.mx\/noticias\/?p=97880"},"modified":"2023-02-01T16:35:31","modified_gmt":"2023-02-01T22:35:31","slug":"arte-que-genera-beneficio-social","status":"publish","type":"post","link":"https:\/\/reporteroshoy.mx\/noticias\/arte-que-genera-beneficio-social\/","title":{"rendered":"Arte que genera beneficio social"},"content":{"rendered":"<p style=\"text-align: justify;\">M\u00e9rida, Yucat\u00e1n, a 1 de febrero de 2023 (ACOM). -Cuatro artistas, dos mexicanos y dos extranjeros, que realizan obras con desechos a los que dan una segunda vida a la basura, suman sus talentos para generar arte con beneficio social.<\/p>\n<p style=\"text-align: justify;\">A partir de este este s\u00e1bado 4 y durante todo el mes de febrero expondr\u00e1n y ofrecer\u00e1n a la venta m\u00e1s de 40 obras en \u201cSoho Galleries\u201d que se ubica en calle 60 entre 41 y 43, del Centro de M\u00e9rida. Un porcentaje de los ingresos lo destinar\u00e1n a un proyecto comunitario.<\/p>\n<p><img loading=\"lazy\" decoding=\"async\" class=\"alignnone size-full wp-image-97879\" src=\"https:\/\/reporteroshoy.mx\/noticias\/wp-content\/uploads\/2023\/02\/ARTE_RECICLAJE-2-scaled.jpeg\" alt=\"\" width=\"768\" height=\"576\" \/><\/p>\n<p style=\"text-align: justify;\">Se trata de un proyecto sustentable de reutilizaci\u00f3n de envases pet de 2 litros para elaborar \u201cbloques\u201d o \u201cladrillos\u201d que servir\u00e1n para elaborar 72 huertos familiares a igual n\u00famero de familias de un asentamiento vulnerable ubicado en San Antonio Xluch, a un lado del Deportivo Sur Distrito XVIII.<\/p>\n<p style=\"text-align: justify;\">Este proyecto lo respalda el organismo denominado Yucat\u00e1n Giving Outaech (YGOY) que lleva nueve a\u00f1os activo en la entidad y durante la pandemia apoy\u00f3 a 54 mil familias y se entregaron 13,500 despensas. El sue\u00f1o es que esos ladrillos alg\u00fan d\u00eda puedan servir para elaborar las paredes de una casa, tal como algunos lo hacen en la India.<\/p>\n<p><img loading=\"lazy\" decoding=\"async\" class=\"alignnone wp-image-97877\" src=\"https:\/\/reporteroshoy.mx\/noticias\/wp-content\/uploads\/2023\/02\/ARTE_RECICLAJE-7-scaled.jpeg\" alt=\"\" width=\"700\" height=\"933\" \/><\/p>\n<p style=\"text-align: justify;\">La exposici\u00f3n se denomina \u201cWired and Reclaimed\u201d que lleva la sustentabilidad a un nivel art\u00edstico. Soho, que con m\u00e1s de 12 a\u00f1os de presencia en M\u00e9rida, presenta a Ot\u00f3n Rivera, de Durango, V\u00edctor D\u00e1valos, de la Ciudad de M\u00e9xico, Luca De Pravato, de Italia y Sandra Dooley, de Cuba.<\/p>\n<p style=\"text-align: justify;\">Ot\u00f3n realiza esculturas creadas con alambre, el cual normalmente se utiliza con otros fines. Cada pieza refleja un mensaje de significado social y espiritual; V\u00edctor trabaja con chatarra y rescata tesoros para convertirlos en piezas \u00fanicas; Luca peina las playas y espacios de los hoteles encontrando toallas y restos de cordeles y cuerdas para crear sus obras y Sandra pinta obras sobre material desechado, como pedazos de tela, ropa antigua, sus obras representan a las mujeres, ni\u00f1os y animales de Cuba.<\/p>\n<p><img loading=\"lazy\" decoding=\"async\" class=\"alignnone wp-image-97876\" src=\"https:\/\/reporteroshoy.mx\/noticias\/wp-content\/uploads\/2023\/02\/ARTE_RECICLAJE-6-scaled.jpeg\" alt=\"\" width=\"666\" height=\"888\" \/><\/p>\n<p style=\"text-align: justify;\">Adele Aguirre, la fundadora de Soho, explic\u00f3 que durante el armado de la exposici\u00f3n se vendieron varias obras y revel\u00f3 que una de ellas tuvo un costo de venta de mil d\u00f3lares. Ella tiene relaciones con artistas de casi todo el mundo y por medio de las redes sociales promocionan las expresiones art\u00edsticas.<\/p>\n<p style=\"text-align: justify;\">En la conferencia de prensa estuvieron presentes Kena Pulido, directora de la galer\u00eda, Kimmy Suki, directora de Giving, y los artistas Ot\u00f3n y V\u00edctor.<\/p>\n<p style=\"text-align: justify;\">\n","protected":false},"excerpt":{"rendered":"<p>Una galer\u00eda local promueve arte con productos reciclados para beneficiar a comunidades vulnerables del sur de M\u00e9rida. <\/p>\n","protected":false},"author":5,"featured_media":97879,"comment_status":"open","ping_status":"closed","sticky":false,"template":"","format":"standard","meta":{"footnotes":""},"categories":[3],"tags":[7208,8383,23671],"class_list":["post-97880","post","type-post","status-publish","format-standard","has-post-thumbnail","hentry","category-cultura","tag-arte","tag-reciclaje","tag-soho-galleries"],"yoast_head":"<!-- This site is optimized with the Yoast SEO plugin v28.4 - https:\/\/yoast.com\/product\/yoast-seo-wordpress\/ -->\n<title>Arte que genera beneficio social<\/title>\n<meta name=\"description\" content=\"Una galer\u00eda local promueve arte con productos reciclados para beneficiar a comunidades vulnerables del sur de M\u00e9rida.\" \/>\n<meta name=\"robots\" content=\"index, follow, max-snippet:-1, max-image-preview:large, max-video-preview:-1\" \/>\n<link rel=\"canonical\" href=\"https:\/\/reporteroshoy.mx\/noticias\/arte-que-genera-beneficio-social\/\" \/>\n<meta property=\"og:locale\" content=\"es_ES\" \/>\n<meta property=\"og:type\" content=\"article\" \/>\n<meta property=\"og:title\" content=\"Arte que genera beneficio social\" \/>\n<meta property=\"og:description\" content=\"Una galer\u00eda local promueve arte con productos reciclados para beneficiar a comunidades vulnerables del sur de M\u00e9rida.\" \/>\n<meta property=\"og:url\" content=\"https:\/\/reporteroshoy.mx\/noticias\/arte-que-genera-beneficio-social\/\" \/>\n<meta property=\"og:site_name\" content=\"Reporteros Hoy | Noticias de Yucat\u00e1n\" \/>\n<meta property=\"article:publisher\" content=\"http:\/\/www.facebook.com\/reporteroshoymx\" \/>\n<meta property=\"article:published_time\" content=\"2023-02-01T22:33:06+00:00\" \/>\n<meta property=\"article:modified_time\" content=\"2023-02-01T22:35:31+00:00\" \/>\n<meta property=\"og:image\" content=\"https:\/\/reporteroshoy.mx\/noticias\/wp-content\/uploads\/2023\/02\/ARTE_RECICLAJE-2-scaled.jpeg\" \/>\n\t<meta property=\"og:image:width\" content=\"768\" \/>\n\t<meta property=\"og:image:height\" content=\"576\" \/>\n\t<meta property=\"og:image:type\" content=\"image\/jpeg\" \/>\n<meta name=\"author\" content=\"Reporteros Hoy IM\" \/>\n<meta name=\"twitter:card\" content=\"summary_large_image\" \/>\n<meta name=\"twitter:creator\" content=\"@reporteroshoy\" \/>\n<meta name=\"twitter:site\" content=\"@reporteroshoy\" \/>\n<meta name=\"twitter:label1\" content=\"Escrito por\" \/>\n\t<meta name=\"twitter:data1\" content=\"Reporteros Hoy IM\" \/>\n\t<meta name=\"twitter:label2\" content=\"Tiempo de lectura\" \/>\n\t<meta name=\"twitter:data2\" content=\"3 minutos\" \/>\n<script type=\"application\/ld+json\" class=\"yoast-schema-graph\">{\"@context\":\"https:\\\/\\\/schema.org\",\"@graph\":[{\"@type\":\"Article\",\"@id\":\"https:\\\/\\\/reporteroshoy.mx\\\/noticias\\\/arte-que-genera-beneficio-social\\\/#article\",\"isPartOf\":{\"@id\":\"https:\\\/\\\/reporteroshoy.mx\\\/noticias\\\/arte-que-genera-beneficio-social\\\/\"},\"author\":{\"name\":\"Reporteros Hoy IM\",\"@id\":\"https:\\\/\\\/reporteroshoy.mx\\\/noticias\\\/#\\\/schema\\\/person\\\/948520f0d88b01be2e5266bc4acbbc15\"},\"headline\":\"Arte que genera beneficio social\",\"datePublished\":\"2023-02-01T22:33:06+00:00\",\"dateModified\":\"2023-02-01T22:35:31+00:00\",\"mainEntityOfPage\":{\"@id\":\"https:\\\/\\\/reporteroshoy.mx\\\/noticias\\\/arte-que-genera-beneficio-social\\\/\"},\"wordCount\":432,\"commentCount\":0,\"image\":{\"@id\":\"https:\\\/\\\/reporteroshoy.mx\\\/noticias\\\/arte-que-genera-beneficio-social\\\/#primaryimage\"},\"thumbnailUrl\":\"https:\\\/\\\/reporteroshoy.mx\\\/noticias\\\/wp-content\\\/uploads\\\/2023\\\/02\\\/ARTE_RECICLAJE-2-scaled.jpeg\",\"keywords\":[\"Arte\",\"reciclaje\",\"Soho Galleries\"],\"articleSection\":[\"Cultura\"],\"inLanguage\":\"es\",\"potentialAction\":[{\"@type\":\"CommentAction\",\"name\":\"Comment\",\"target\":[\"https:\\\/\\\/reporteroshoy.mx\\\/noticias\\\/arte-que-genera-beneficio-social\\\/#respond\"]}]},{\"@type\":\"WebPage\",\"@id\":\"https:\\\/\\\/reporteroshoy.mx\\\/noticias\\\/arte-que-genera-beneficio-social\\\/\",\"url\":\"https:\\\/\\\/reporteroshoy.mx\\\/noticias\\\/arte-que-genera-beneficio-social\\\/\",\"name\":\"Arte que genera beneficio social\",\"isPartOf\":{\"@id\":\"https:\\\/\\\/reporteroshoy.mx\\\/noticias\\\/#website\"},\"primaryImageOfPage\":{\"@id\":\"https:\\\/\\\/reporteroshoy.mx\\\/noticias\\\/arte-que-genera-beneficio-social\\\/#primaryimage\"},\"image\":{\"@id\":\"https:\\\/\\\/reporteroshoy.mx\\\/noticias\\\/arte-que-genera-beneficio-social\\\/#primaryimage\"},\"thumbnailUrl\":\"https:\\\/\\\/reporteroshoy.mx\\\/noticias\\\/wp-content\\\/uploads\\\/2023\\\/02\\\/ARTE_RECICLAJE-2-scaled.jpeg\",\"datePublished\":\"2023-02-01T22:33:06+00:00\",\"dateModified\":\"2023-02-01T22:35:31+00:00\",\"author\":{\"@id\":\"https:\\\/\\\/reporteroshoy.mx\\\/noticias\\\/#\\\/schema\\\/person\\\/948520f0d88b01be2e5266bc4acbbc15\"},\"description\":\"Una galer\u00eda local promueve arte con productos reciclados para beneficiar a comunidades vulnerables del sur de M\u00e9rida.\",\"breadcrumb\":{\"@id\":\"https:\\\/\\\/reporteroshoy.mx\\\/noticias\\\/arte-que-genera-beneficio-social\\\/#breadcrumb\"},\"inLanguage\":\"es\",\"potentialAction\":[{\"@type\":\"ReadAction\",\"target\":[\"https:\\\/\\\/reporteroshoy.mx\\\/noticias\\\/arte-que-genera-beneficio-social\\\/\"]}]},{\"@type\":\"ImageObject\",\"inLanguage\":\"es\",\"@id\":\"https:\\\/\\\/reporteroshoy.mx\\\/noticias\\\/arte-que-genera-beneficio-social\\\/#primaryimage\",\"url\":\"https:\\\/\\\/reporteroshoy.mx\\\/noticias\\\/wp-content\\\/uploads\\\/2023\\\/02\\\/ARTE_RECICLAJE-2-scaled.jpeg\",\"contentUrl\":\"https:\\\/\\\/reporteroshoy.mx\\\/noticias\\\/wp-content\\\/uploads\\\/2023\\\/02\\\/ARTE_RECICLAJE-2-scaled.jpeg\",\"width\":768,\"height\":576},{\"@type\":\"BreadcrumbList\",\"@id\":\"https:\\\/\\\/reporteroshoy.mx\\\/noticias\\\/arte-que-genera-beneficio-social\\\/#breadcrumb\",\"itemListElement\":[{\"@type\":\"ListItem\",\"position\":1,\"name\":\"Portada\",\"item\":\"https:\\\/\\\/reporteroshoy.mx\\\/noticias\\\/\"},{\"@type\":\"ListItem\",\"position\":2,\"name\":\"Arte que genera beneficio social\"}]},{\"@type\":\"WebSite\",\"@id\":\"https:\\\/\\\/reporteroshoy.mx\\\/noticias\\\/#website\",\"url\":\"https:\\\/\\\/reporteroshoy.mx\\\/noticias\\\/\",\"name\":\"Reporteros Hoy | Noticias de Yucat\u00e1n\",\"description\":\"Peri\u00f3dico digital con noticias diarias desde M\u00e9rida, Yucat\u00e1n para el mundo.\",\"potentialAction\":[{\"@type\":\"SearchAction\",\"target\":{\"@type\":\"EntryPoint\",\"urlTemplate\":\"https:\\\/\\\/reporteroshoy.mx\\\/noticias\\\/?s={search_term_string}\"},\"query-input\":{\"@type\":\"PropertyValueSpecification\",\"valueRequired\":true,\"valueName\":\"search_term_string\"}}],\"inLanguage\":\"es\"},{\"@type\":\"Person\",\"@id\":\"https:\\\/\\\/reporteroshoy.mx\\\/noticias\\\/#\\\/schema\\\/person\\\/948520f0d88b01be2e5266bc4acbbc15\",\"name\":\"Reporteros Hoy IM\",\"image\":{\"@type\":\"ImageObject\",\"inLanguage\":\"es\",\"@id\":\"https:\\\/\\\/secure.gravatar.com\\\/avatar\\\/d843030b96552826ac048bdfe26f2895604b800ed0c880ee55765a74d95dfc65?s=96&d=mm&r=g\",\"url\":\"https:\\\/\\\/secure.gravatar.com\\\/avatar\\\/d843030b96552826ac048bdfe26f2895604b800ed0c880ee55765a74d95dfc65?s=96&d=mm&r=g\",\"contentUrl\":\"https:\\\/\\\/secure.gravatar.com\\\/avatar\\\/d843030b96552826ac048bdfe26f2895604b800ed0c880ee55765a74d95dfc65?s=96&d=mm&r=g\",\"caption\":\"Reporteros Hoy IM\"},\"url\":\"https:\\\/\\\/reporteroshoy.mx\\\/noticias\\\/author\\\/israel\\\/\"}]}<\/script>\n<!-- \/ Yoast SEO plugin. -->","yoast_head_json":{"title":"Arte que genera beneficio social","description":"Una galer\u00eda local promueve arte con productos reciclados para beneficiar a comunidades vulnerables del sur de M\u00e9rida.","robots":{"index":"index","follow":"follow","max-snippet":"max-snippet:-1","max-image-preview":"max-image-preview:large","max-video-preview":"max-video-preview:-1"},"canonical":"https:\/\/reporteroshoy.mx\/noticias\/arte-que-genera-beneficio-social\/","og_locale":"es_ES","og_type":"article","og_title":"Arte que genera beneficio social","og_description":"Una galer\u00eda local promueve arte con productos reciclados para beneficiar a comunidades vulnerables del sur de M\u00e9rida.","og_url":"https:\/\/reporteroshoy.mx\/noticias\/arte-que-genera-beneficio-social\/","og_site_name":"Reporteros Hoy | Noticias de Yucat\u00e1n","article_publisher":"http:\/\/www.facebook.com\/reporteroshoymx","article_published_time":"2023-02-01T22:33:06+00:00","article_modified_time":"2023-02-01T22:35:31+00:00","og_image":[{"width":768,"height":576,"url":"https:\/\/reporteroshoy.mx\/noticias\/wp-content\/uploads\/2023\/02\/ARTE_RECICLAJE-2-scaled.jpeg","type":"image\/jpeg"}],"author":"Reporteros Hoy IM","twitter_card":"summary_large_image","twitter_creator":"@reporteroshoy","twitter_site":"@reporteroshoy","twitter_misc":{"Escrito por":"Reporteros Hoy IM","Tiempo de lectura":"3 minutos"},"schema":{"@context":"https:\/\/schema.org","@graph":[{"@type":"Article","@id":"https:\/\/reporteroshoy.mx\/noticias\/arte-que-genera-beneficio-social\/#article","isPartOf":{"@id":"https:\/\/reporteroshoy.mx\/noticias\/arte-que-genera-beneficio-social\/"},"author":{"name":"Reporteros Hoy IM","@id":"https:\/\/reporteroshoy.mx\/noticias\/#\/schema\/person\/948520f0d88b01be2e5266bc4acbbc15"},"headline":"Arte que genera beneficio social","datePublished":"2023-02-01T22:33:06+00:00","dateModified":"2023-02-01T22:35:31+00:00","mainEntityOfPage":{"@id":"https:\/\/reporteroshoy.mx\/noticias\/arte-que-genera-beneficio-social\/"},"wordCount":432,"commentCount":0,"image":{"@id":"https:\/\/reporteroshoy.mx\/noticias\/arte-que-genera-beneficio-social\/#primaryimage"},"thumbnailUrl":"https:\/\/reporteroshoy.mx\/noticias\/wp-content\/uploads\/2023\/02\/ARTE_RECICLAJE-2-scaled.jpeg","keywords":["Arte","reciclaje","Soho Galleries"],"articleSection":["Cultura"],"inLanguage":"es","potentialAction":[{"@type":"CommentAction","name":"Comment","target":["https:\/\/reporteroshoy.mx\/noticias\/arte-que-genera-beneficio-social\/#respond"]}]},{"@type":"WebPage","@id":"https:\/\/reporteroshoy.mx\/noticias\/arte-que-genera-beneficio-social\/","url":"https:\/\/reporteroshoy.mx\/noticias\/arte-que-genera-beneficio-social\/","name":"Arte que genera beneficio social","isPartOf":{"@id":"https:\/\/reporteroshoy.mx\/noticias\/#website"},"primaryImageOfPage":{"@id":"https:\/\/reporteroshoy.mx\/noticias\/arte-que-genera-beneficio-social\/#primaryimage"},"image":{"@id":"https:\/\/reporteroshoy.mx\/noticias\/arte-que-genera-beneficio-social\/#primaryimage"},"thumbnailUrl":"https:\/\/reporteroshoy.mx\/noticias\/wp-content\/uploads\/2023\/02\/ARTE_RECICLAJE-2-scaled.jpeg","datePublished":"2023-02-01T22:33:06+00:00","dateModified":"2023-02-01T22:35:31+00:00","author":{"@id":"https:\/\/reporteroshoy.mx\/noticias\/#\/schema\/person\/948520f0d88b01be2e5266bc4acbbc15"},"description":"Una galer\u00eda local promueve arte con productos reciclados para beneficiar a comunidades vulnerables del sur de M\u00e9rida.","breadcrumb":{"@id":"https:\/\/reporteroshoy.mx\/noticias\/arte-que-genera-beneficio-social\/#breadcrumb"},"inLanguage":"es","potentialAction":[{"@type":"ReadAction","target":["https:\/\/reporteroshoy.mx\/noticias\/arte-que-genera-beneficio-social\/"]}]},{"@type":"ImageObject","inLanguage":"es","@id":"https:\/\/reporteroshoy.mx\/noticias\/arte-que-genera-beneficio-social\/#primaryimage","url":"https:\/\/reporteroshoy.mx\/noticias\/wp-content\/uploads\/2023\/02\/ARTE_RECICLAJE-2-scaled.jpeg","contentUrl":"https:\/\/reporteroshoy.mx\/noticias\/wp-content\/uploads\/2023\/02\/ARTE_RECICLAJE-2-scaled.jpeg","width":768,"height":576},{"@type":"BreadcrumbList","@id":"https:\/\/reporteroshoy.mx\/noticias\/arte-que-genera-beneficio-social\/#breadcrumb","itemListElement":[{"@type":"ListItem","position":1,"name":"Portada","item":"https:\/\/reporteroshoy.mx\/noticias\/"},{"@type":"ListItem","position":2,"name":"Arte que genera beneficio social"}]},{"@type":"WebSite","@id":"https:\/\/reporteroshoy.mx\/noticias\/#website","url":"https:\/\/reporteroshoy.mx\/noticias\/","name":"Reporteros Hoy | Noticias de Yucat\u00e1n","description":"Peri\u00f3dico digital con noticias diarias desde M\u00e9rida, Yucat\u00e1n para el mundo.","potentialAction":[{"@type":"SearchAction","target":{"@type":"EntryPoint","urlTemplate":"https:\/\/reporteroshoy.mx\/noticias\/?s={search_term_string}"},"query-input":{"@type":"PropertyValueSpecification","valueRequired":true,"valueName":"search_term_string"}}],"inLanguage":"es"},{"@type":"Person","@id":"https:\/\/reporteroshoy.mx\/noticias\/#\/schema\/person\/948520f0d88b01be2e5266bc4acbbc15","name":"Reporteros Hoy IM","image":{"@type":"ImageObject","inLanguage":"es","@id":"https:\/\/secure.gravatar.com\/avatar\/d843030b96552826ac048bdfe26f2895604b800ed0c880ee55765a74d95dfc65?s=96&d=mm&r=g","url":"https:\/\/secure.gravatar.com\/avatar\/d843030b96552826ac048bdfe26f2895604b800ed0c880ee55765a74d95dfc65?s=96&d=mm&r=g","contentUrl":"https:\/\/secure.gravatar.com\/avatar\/d843030b96552826ac048bdfe26f2895604b800ed0c880ee55765a74d95dfc65?s=96&d=mm&r=g","caption":"Reporteros Hoy IM"},"url":"https:\/\/reporteroshoy.mx\/noticias\/author\/israel\/"}]}},"_links":{"self":[{"href":"https:\/\/reporteroshoy.mx\/noticias\/wp-json\/wp\/v2\/posts\/97880","targetHints":{"allow":["GET"]}}],"collection":[{"href":"https:\/\/reporteroshoy.mx\/noticias\/wp-json\/wp\/v2\/posts"}],"about":[{"href":"https:\/\/reporteroshoy.mx\/noticias\/wp-json\/wp\/v2\/types\/post"}],"author":[{"embeddable":true,"href":"https:\/\/reporteroshoy.mx\/noticias\/wp-json\/wp\/v2\/users\/5"}],"replies":[{"embeddable":true,"href":"https:\/\/reporteroshoy.mx\/noticias\/wp-json\/wp\/v2\/comments?post=97880"}],"version-history":[{"count":0,"href":"https:\/\/reporteroshoy.mx\/noticias\/wp-json\/wp\/v2\/posts\/97880\/revisions"}],"wp:featuredmedia":[{"embeddable":true,"href":"https:\/\/reporteroshoy.mx\/noticias\/wp-json\/wp\/v2\/media\/97879"}],"wp:attachment":[{"href":"https:\/\/reporteroshoy.mx\/noticias\/wp-json\/wp\/v2\/media?parent=97880"}],"wp:term":[{"taxonomy":"category","embeddable":true,"href":"https:\/\/reporteroshoy.mx\/noticias\/wp-json\/wp\/v2\/categories?post=97880"},{"taxonomy":"post_tag","embeddable":true,"href":"https:\/\/reporteroshoy.mx\/noticias\/wp-json\/wp\/v2\/tags?post=97880"}],"curies":[{"name":"wp","href":"https:\/\/api.w.org\/{rel}","templated":true}]}}