{"id":98787,"date":"2023-02-24T14:56:38","date_gmt":"2023-02-24T20:56:38","guid":{"rendered":"https:\/\/reporteroshoy.mx\/noticias\/?p=98787"},"modified":"2023-02-24T14:56:38","modified_gmt":"2023-02-24T20:56:38","slug":"emotiva-ceremonia-de-cambio-de-bandera-en-el-congreso","status":"publish","type":"post","link":"https:\/\/reporteroshoy.mx\/noticias\/emotiva-ceremonia-de-cambio-de-bandera-en-el-congreso\/","title":{"rendered":"Emotiva ceremonia de cambio de bandera en el Congreso"},"content":{"rendered":"<p style=\"text-align: justify;\">M\u00e9rida, Yucat\u00e1n; 24 de febrero de 2023.- En conmemoraci\u00f3n del D\u00eda de la Bandera Nacional, el Congreso del Estado llevo a cabo la ceremonia correspondiente a la incineraci\u00f3n del l\u00e1baro patrio para realizar el cambio con una nueva, esto en cumplimiento con el Art\u00edculo 54 Bis de la Ley sobre el Escudo, Bandera y el Himno Nacionales.<\/p>\n<p style=\"text-align: justify;\">En punto de las 10 de la ma\u00f1ana el acto protocolario, encabezado por la Secretar\u00eda de la Defensa Nacional, dio inicio con los honores a la Bandera para posteriormente dar pie al mensaje del presidente de la Junta de Gobierno y Coordinaci\u00f3n Pol\u00edtica del Congreso del Estado, diputado V\u00edctor Hugo Lozano Poveda, quien expres\u00f3 que, al realizar este acto conmemorativo, el Poder Legislativo renueva la vitalidad de los valores nacionales que nos representan.<\/p>\n<p style=\"text-align: justify;\">\u201cHoy es un d\u00eda de celebraci\u00f3n para nosotros como mexicanas y mexicanos porque estamos conmemorando con gran orgullo a nuestro s\u00edmbolo patrio, que es la Bandera Nacional\u201d, dijo.<\/p>\n<p><img loading=\"lazy\" decoding=\"async\" class=\"wp-image-98789 aligncenter\" src=\"https:\/\/reporteroshoy.mx\/noticias\/wp-content\/uploads\/2023\/02\/Incineran-bandera1.jpg\" alt=\"\" width=\"600\" height=\"338\" \/><\/p>\n<p style=\"text-align: justify;\">Durante su discurso, record\u00f3 que la bandera incinerada fue izada por primera vez en el actual recinto Legislativo el 2 de septiembre de 2016, \u201cdesde esa fecha hasta el d\u00eda de hoy, nuestro pa\u00eds ha pasado por momentos que no han sido nada f\u00e1ciles, pero hemos logrado salir adelante entre todas y todos\u201d.<\/p>\n<p style=\"text-align: justify;\">Al continuar, Lozano Poveda enfatiz\u00f3 que al ver este l\u00e1baro patrio se transmite la unidad y solidaridad que caracteriza a las mexicanas y mexicanos.<\/p>\n<p style=\"text-align: justify;\">\u201cSe piensa en todo el personal de la salud que cuid\u00f3 a nuestros enfermos durante los peores momentos de la pandemia y que lo siguen haciendo hasta el d\u00eda de hoy, en nuestras fuerzas armadas y en el personal de seguridad p\u00fablica que, adem\u00e1s de apoyar en esa labor al personal de salud, salieron junto con muchas m\u00e1s personas a ayudar a quienes m\u00e1s lo necesitaban durante una de las peores \u00e9pocas de huracanes que han llegado a nuestra entidad\u201d, agreg\u00f3.<\/p>\n<p><img loading=\"lazy\" decoding=\"async\" class=\"wp-image-98790 aligncenter\" src=\"https:\/\/reporteroshoy.mx\/noticias\/wp-content\/uploads\/2023\/02\/Incineran-bandera.jpg\" alt=\"\" width=\"600\" height=\"338\" \/><\/p>\n<p style=\"text-align: justify;\">Por ello, continu\u00f3, hoy m\u00e1s que nunca nuestro estado nos necesita unidos, trabajando en nuestras coincidencias y poniendo como objetivo primario de nuestros actos el bienestar y la calidad de vida de las y los yucatecos.<\/p>\n<p style=\"text-align: justify;\">Continuando con el protocolo, el presidente de la Mesa Directiva, diputado Erik Rihani Gonz\u00e1lez recibi\u00f3 de manos de la escolta el l\u00e1baro patrio, para luego depositarlo en el pebetero y realizar la incineraci\u00f3n. Acto seguido se llev\u00f3 a cabo la colocaci\u00f3n de la nueva ense\u00f1a nacional.<\/p>\n<p style=\"text-align: justify;\">\u00a0Cabe mencionar que la entonaci\u00f3n del Himno Nacional en lengua maya estuvo a cargo del coro de \u201cC\u00e1mara de Yucat\u00e1n\u201d, de la Secretar\u00eda de Cultura del Estado de Yucat\u00e1n.<\/p>\n","protected":false},"excerpt":{"rendered":"<p>Se llev\u00f3 a cabo la ceremonia correspondiente a la incineraci\u00f3n del l\u00e1baro patrio para realizar el cambio.<\/p>\n","protected":false},"author":9,"featured_media":98788,"comment_status":"open","ping_status":"closed","sticky":false,"template":"","format":"standard","meta":{"footnotes":""},"categories":[7],"tags":[813,321],"class_list":["post-98787","post","type-post","status-publish","format-standard","has-post-thumbnail","hentry","category-gobierno","tag-bandera","tag-congreso-de-yucatan"],"yoast_head":"<!-- This site is optimized with the Yoast SEO plugin v28.3 - https:\/\/yoast.com\/product\/yoast-seo-wordpress\/ -->\n<title>Emotiva ceremonia de cambio de bandera en el Congreso<\/title>\n<meta name=\"description\" content=\"Se llev\u00f3 a cabo la ceremonia correspondiente a la incineraci\u00f3n del l\u00e1baro patrio para realizar el cambio.\" \/>\n<meta name=\"robots\" content=\"index, follow, max-snippet:-1, max-image-preview:large, max-video-preview:-1\" \/>\n<link rel=\"canonical\" href=\"https:\/\/reporteroshoy.mx\/noticias\/emotiva-ceremonia-de-cambio-de-bandera-en-el-congreso\/\" \/>\n<meta property=\"og:locale\" content=\"es_ES\" \/>\n<meta property=\"og:type\" content=\"article\" \/>\n<meta property=\"og:title\" content=\"Emotiva ceremonia de cambio de bandera en el Congreso\" \/>\n<meta property=\"og:description\" content=\"Se llev\u00f3 a cabo la ceremonia correspondiente a la incineraci\u00f3n del l\u00e1baro patrio para realizar el cambio.\" \/>\n<meta property=\"og:url\" content=\"https:\/\/reporteroshoy.mx\/noticias\/emotiva-ceremonia-de-cambio-de-bandera-en-el-congreso\/\" \/>\n<meta property=\"og:site_name\" content=\"Reporteros Hoy | Noticias de Yucat\u00e1n\" \/>\n<meta property=\"article:publisher\" content=\"http:\/\/www.facebook.com\/reporteroshoymx\" \/>\n<meta property=\"article:published_time\" content=\"2023-02-24T20:56:38+00:00\" \/>\n<meta property=\"og:image\" content=\"https:\/\/reporteroshoy.mx\/noticias\/wp-content\/uploads\/2023\/02\/Incineran-bandera2.jpg\" \/>\n\t<meta property=\"og:image:width\" content=\"768\" \/>\n\t<meta property=\"og:image:height\" content=\"431\" \/>\n\t<meta property=\"og:image:type\" content=\"image\/jpeg\" \/>\n<meta name=\"author\" content=\"Reporteros Hoy WP\" \/>\n<meta name=\"twitter:card\" content=\"summary_large_image\" \/>\n<meta name=\"twitter:creator\" content=\"@reporteroshoy\" \/>\n<meta name=\"twitter:site\" content=\"@reporteroshoy\" \/>\n<meta name=\"twitter:label1\" content=\"Escrito por\" \/>\n\t<meta name=\"twitter:data1\" content=\"Reporteros Hoy WP\" \/>\n\t<meta name=\"twitter:label2\" content=\"Tiempo de lectura\" \/>\n\t<meta name=\"twitter:data2\" content=\"3 minutos\" \/>\n<script type=\"application\/ld+json\" class=\"yoast-schema-graph\">{\"@context\":\"https:\\\/\\\/schema.org\",\"@graph\":[{\"@type\":\"Article\",\"@id\":\"https:\\\/\\\/reporteroshoy.mx\\\/noticias\\\/emotiva-ceremonia-de-cambio-de-bandera-en-el-congreso\\\/#article\",\"isPartOf\":{\"@id\":\"https:\\\/\\\/reporteroshoy.mx\\\/noticias\\\/emotiva-ceremonia-de-cambio-de-bandera-en-el-congreso\\\/\"},\"author\":{\"name\":\"Reporteros Hoy WP\",\"@id\":\"https:\\\/\\\/reporteroshoy.mx\\\/noticias\\\/#\\\/schema\\\/person\\\/c977527e57c958a62c5cefe8fe47876e\"},\"headline\":\"Emotiva ceremonia de cambio de bandera en el Congreso\",\"datePublished\":\"2023-02-24T20:56:38+00:00\",\"mainEntityOfPage\":{\"@id\":\"https:\\\/\\\/reporteroshoy.mx\\\/noticias\\\/emotiva-ceremonia-de-cambio-de-bandera-en-el-congreso\\\/\"},\"wordCount\":466,\"commentCount\":0,\"image\":{\"@id\":\"https:\\\/\\\/reporteroshoy.mx\\\/noticias\\\/emotiva-ceremonia-de-cambio-de-bandera-en-el-congreso\\\/#primaryimage\"},\"thumbnailUrl\":\"https:\\\/\\\/reporteroshoy.mx\\\/noticias\\\/wp-content\\\/uploads\\\/2023\\\/02\\\/Incineran-bandera2.jpg\",\"keywords\":[\"Bandera\",\"congreso de yucat\u00e1n\"],\"articleSection\":[\"Gobierno\"],\"inLanguage\":\"es\",\"potentialAction\":[{\"@type\":\"CommentAction\",\"name\":\"Comment\",\"target\":[\"https:\\\/\\\/reporteroshoy.mx\\\/noticias\\\/emotiva-ceremonia-de-cambio-de-bandera-en-el-congreso\\\/#respond\"]}]},{\"@type\":\"WebPage\",\"@id\":\"https:\\\/\\\/reporteroshoy.mx\\\/noticias\\\/emotiva-ceremonia-de-cambio-de-bandera-en-el-congreso\\\/\",\"url\":\"https:\\\/\\\/reporteroshoy.mx\\\/noticias\\\/emotiva-ceremonia-de-cambio-de-bandera-en-el-congreso\\\/\",\"name\":\"Emotiva ceremonia de cambio de bandera en el Congreso\",\"isPartOf\":{\"@id\":\"https:\\\/\\\/reporteroshoy.mx\\\/noticias\\\/#website\"},\"primaryImageOfPage\":{\"@id\":\"https:\\\/\\\/reporteroshoy.mx\\\/noticias\\\/emotiva-ceremonia-de-cambio-de-bandera-en-el-congreso\\\/#primaryimage\"},\"image\":{\"@id\":\"https:\\\/\\\/reporteroshoy.mx\\\/noticias\\\/emotiva-ceremonia-de-cambio-de-bandera-en-el-congreso\\\/#primaryimage\"},\"thumbnailUrl\":\"https:\\\/\\\/reporteroshoy.mx\\\/noticias\\\/wp-content\\\/uploads\\\/2023\\\/02\\\/Incineran-bandera2.jpg\",\"datePublished\":\"2023-02-24T20:56:38+00:00\",\"author\":{\"@id\":\"https:\\\/\\\/reporteroshoy.mx\\\/noticias\\\/#\\\/schema\\\/person\\\/c977527e57c958a62c5cefe8fe47876e\"},\"description\":\"Se llev\u00f3 a cabo la ceremonia correspondiente a la incineraci\u00f3n del l\u00e1baro patrio para realizar el cambio.\",\"breadcrumb\":{\"@id\":\"https:\\\/\\\/reporteroshoy.mx\\\/noticias\\\/emotiva-ceremonia-de-cambio-de-bandera-en-el-congreso\\\/#breadcrumb\"},\"inLanguage\":\"es\",\"potentialAction\":[{\"@type\":\"ReadAction\",\"target\":[\"https:\\\/\\\/reporteroshoy.mx\\\/noticias\\\/emotiva-ceremonia-de-cambio-de-bandera-en-el-congreso\\\/\"]}]},{\"@type\":\"ImageObject\",\"inLanguage\":\"es\",\"@id\":\"https:\\\/\\\/reporteroshoy.mx\\\/noticias\\\/emotiva-ceremonia-de-cambio-de-bandera-en-el-congreso\\\/#primaryimage\",\"url\":\"https:\\\/\\\/reporteroshoy.mx\\\/noticias\\\/wp-content\\\/uploads\\\/2023\\\/02\\\/Incineran-bandera2.jpg\",\"contentUrl\":\"https:\\\/\\\/reporteroshoy.mx\\\/noticias\\\/wp-content\\\/uploads\\\/2023\\\/02\\\/Incineran-bandera2.jpg\",\"width\":768,\"height\":431},{\"@type\":\"BreadcrumbList\",\"@id\":\"https:\\\/\\\/reporteroshoy.mx\\\/noticias\\\/emotiva-ceremonia-de-cambio-de-bandera-en-el-congreso\\\/#breadcrumb\",\"itemListElement\":[{\"@type\":\"ListItem\",\"position\":1,\"name\":\"Portada\",\"item\":\"https:\\\/\\\/reporteroshoy.mx\\\/noticias\\\/\"},{\"@type\":\"ListItem\",\"position\":2,\"name\":\"Emotiva ceremonia de cambio de bandera en el Congreso\"}]},{\"@type\":\"WebSite\",\"@id\":\"https:\\\/\\\/reporteroshoy.mx\\\/noticias\\\/#website\",\"url\":\"https:\\\/\\\/reporteroshoy.mx\\\/noticias\\\/\",\"name\":\"Reporteros Hoy | Noticias de Yucat\u00e1n\",\"description\":\"Peri\u00f3dico digital con noticias diarias desde M\u00e9rida, Yucat\u00e1n para el mundo.\",\"potentialAction\":[{\"@type\":\"SearchAction\",\"target\":{\"@type\":\"EntryPoint\",\"urlTemplate\":\"https:\\\/\\\/reporteroshoy.mx\\\/noticias\\\/?s={search_term_string}\"},\"query-input\":{\"@type\":\"PropertyValueSpecification\",\"valueRequired\":true,\"valueName\":\"search_term_string\"}}],\"inLanguage\":\"es\"},{\"@type\":\"Person\",\"@id\":\"https:\\\/\\\/reporteroshoy.mx\\\/noticias\\\/#\\\/schema\\\/person\\\/c977527e57c958a62c5cefe8fe47876e\",\"name\":\"Reporteros Hoy WP\",\"image\":{\"@type\":\"ImageObject\",\"inLanguage\":\"es\",\"@id\":\"https:\\\/\\\/secure.gravatar.com\\\/avatar\\\/fd2917f79a7dae30f8ac9ddc2f35e1756bb59e25e01d1cd09deaa64df7b2f73e?s=96&d=mm&r=g\",\"url\":\"https:\\\/\\\/secure.gravatar.com\\\/avatar\\\/fd2917f79a7dae30f8ac9ddc2f35e1756bb59e25e01d1cd09deaa64df7b2f73e?s=96&d=mm&r=g\",\"contentUrl\":\"https:\\\/\\\/secure.gravatar.com\\\/avatar\\\/fd2917f79a7dae30f8ac9ddc2f35e1756bb59e25e01d1cd09deaa64df7b2f73e?s=96&d=mm&r=g\",\"caption\":\"Reporteros Hoy WP\"},\"url\":\"https:\\\/\\\/reporteroshoy.mx\\\/noticias\\\/author\\\/walfer\\\/\"}]}<\/script>\n<!-- \/ Yoast SEO plugin. -->","yoast_head_json":{"title":"Emotiva ceremonia de cambio de bandera en el Congreso","description":"Se llev\u00f3 a cabo la ceremonia correspondiente a la incineraci\u00f3n del l\u00e1baro patrio para realizar el cambio.","robots":{"index":"index","follow":"follow","max-snippet":"max-snippet:-1","max-image-preview":"max-image-preview:large","max-video-preview":"max-video-preview:-1"},"canonical":"https:\/\/reporteroshoy.mx\/noticias\/emotiva-ceremonia-de-cambio-de-bandera-en-el-congreso\/","og_locale":"es_ES","og_type":"article","og_title":"Emotiva ceremonia de cambio de bandera en el Congreso","og_description":"Se llev\u00f3 a cabo la ceremonia correspondiente a la incineraci\u00f3n del l\u00e1baro patrio para realizar el cambio.","og_url":"https:\/\/reporteroshoy.mx\/noticias\/emotiva-ceremonia-de-cambio-de-bandera-en-el-congreso\/","og_site_name":"Reporteros Hoy | Noticias de Yucat\u00e1n","article_publisher":"http:\/\/www.facebook.com\/reporteroshoymx","article_published_time":"2023-02-24T20:56:38+00:00","og_image":[{"width":768,"height":431,"url":"https:\/\/reporteroshoy.mx\/noticias\/wp-content\/uploads\/2023\/02\/Incineran-bandera2.jpg","type":"image\/jpeg"}],"author":"Reporteros Hoy WP","twitter_card":"summary_large_image","twitter_creator":"@reporteroshoy","twitter_site":"@reporteroshoy","twitter_misc":{"Escrito por":"Reporteros Hoy WP","Tiempo de lectura":"3 minutos"},"schema":{"@context":"https:\/\/schema.org","@graph":[{"@type":"Article","@id":"https:\/\/reporteroshoy.mx\/noticias\/emotiva-ceremonia-de-cambio-de-bandera-en-el-congreso\/#article","isPartOf":{"@id":"https:\/\/reporteroshoy.mx\/noticias\/emotiva-ceremonia-de-cambio-de-bandera-en-el-congreso\/"},"author":{"name":"Reporteros Hoy WP","@id":"https:\/\/reporteroshoy.mx\/noticias\/#\/schema\/person\/c977527e57c958a62c5cefe8fe47876e"},"headline":"Emotiva ceremonia de cambio de bandera en el Congreso","datePublished":"2023-02-24T20:56:38+00:00","mainEntityOfPage":{"@id":"https:\/\/reporteroshoy.mx\/noticias\/emotiva-ceremonia-de-cambio-de-bandera-en-el-congreso\/"},"wordCount":466,"commentCount":0,"image":{"@id":"https:\/\/reporteroshoy.mx\/noticias\/emotiva-ceremonia-de-cambio-de-bandera-en-el-congreso\/#primaryimage"},"thumbnailUrl":"https:\/\/reporteroshoy.mx\/noticias\/wp-content\/uploads\/2023\/02\/Incineran-bandera2.jpg","keywords":["Bandera","congreso de yucat\u00e1n"],"articleSection":["Gobierno"],"inLanguage":"es","potentialAction":[{"@type":"CommentAction","name":"Comment","target":["https:\/\/reporteroshoy.mx\/noticias\/emotiva-ceremonia-de-cambio-de-bandera-en-el-congreso\/#respond"]}]},{"@type":"WebPage","@id":"https:\/\/reporteroshoy.mx\/noticias\/emotiva-ceremonia-de-cambio-de-bandera-en-el-congreso\/","url":"https:\/\/reporteroshoy.mx\/noticias\/emotiva-ceremonia-de-cambio-de-bandera-en-el-congreso\/","name":"Emotiva ceremonia de cambio de bandera en el Congreso","isPartOf":{"@id":"https:\/\/reporteroshoy.mx\/noticias\/#website"},"primaryImageOfPage":{"@id":"https:\/\/reporteroshoy.mx\/noticias\/emotiva-ceremonia-de-cambio-de-bandera-en-el-congreso\/#primaryimage"},"image":{"@id":"https:\/\/reporteroshoy.mx\/noticias\/emotiva-ceremonia-de-cambio-de-bandera-en-el-congreso\/#primaryimage"},"thumbnailUrl":"https:\/\/reporteroshoy.mx\/noticias\/wp-content\/uploads\/2023\/02\/Incineran-bandera2.jpg","datePublished":"2023-02-24T20:56:38+00:00","author":{"@id":"https:\/\/reporteroshoy.mx\/noticias\/#\/schema\/person\/c977527e57c958a62c5cefe8fe47876e"},"description":"Se llev\u00f3 a cabo la ceremonia correspondiente a la incineraci\u00f3n del l\u00e1baro patrio para realizar el cambio.","breadcrumb":{"@id":"https:\/\/reporteroshoy.mx\/noticias\/emotiva-ceremonia-de-cambio-de-bandera-en-el-congreso\/#breadcrumb"},"inLanguage":"es","potentialAction":[{"@type":"ReadAction","target":["https:\/\/reporteroshoy.mx\/noticias\/emotiva-ceremonia-de-cambio-de-bandera-en-el-congreso\/"]}]},{"@type":"ImageObject","inLanguage":"es","@id":"https:\/\/reporteroshoy.mx\/noticias\/emotiva-ceremonia-de-cambio-de-bandera-en-el-congreso\/#primaryimage","url":"https:\/\/reporteroshoy.mx\/noticias\/wp-content\/uploads\/2023\/02\/Incineran-bandera2.jpg","contentUrl":"https:\/\/reporteroshoy.mx\/noticias\/wp-content\/uploads\/2023\/02\/Incineran-bandera2.jpg","width":768,"height":431},{"@type":"BreadcrumbList","@id":"https:\/\/reporteroshoy.mx\/noticias\/emotiva-ceremonia-de-cambio-de-bandera-en-el-congreso\/#breadcrumb","itemListElement":[{"@type":"ListItem","position":1,"name":"Portada","item":"https:\/\/reporteroshoy.mx\/noticias\/"},{"@type":"ListItem","position":2,"name":"Emotiva ceremonia de cambio de bandera en el Congreso"}]},{"@type":"WebSite","@id":"https:\/\/reporteroshoy.mx\/noticias\/#website","url":"https:\/\/reporteroshoy.mx\/noticias\/","name":"Reporteros Hoy | Noticias de Yucat\u00e1n","description":"Peri\u00f3dico digital con noticias diarias desde M\u00e9rida, Yucat\u00e1n para el mundo.","potentialAction":[{"@type":"SearchAction","target":{"@type":"EntryPoint","urlTemplate":"https:\/\/reporteroshoy.mx\/noticias\/?s={search_term_string}"},"query-input":{"@type":"PropertyValueSpecification","valueRequired":true,"valueName":"search_term_string"}}],"inLanguage":"es"},{"@type":"Person","@id":"https:\/\/reporteroshoy.mx\/noticias\/#\/schema\/person\/c977527e57c958a62c5cefe8fe47876e","name":"Reporteros Hoy WP","image":{"@type":"ImageObject","inLanguage":"es","@id":"https:\/\/secure.gravatar.com\/avatar\/fd2917f79a7dae30f8ac9ddc2f35e1756bb59e25e01d1cd09deaa64df7b2f73e?s=96&d=mm&r=g","url":"https:\/\/secure.gravatar.com\/avatar\/fd2917f79a7dae30f8ac9ddc2f35e1756bb59e25e01d1cd09deaa64df7b2f73e?s=96&d=mm&r=g","contentUrl":"https:\/\/secure.gravatar.com\/avatar\/fd2917f79a7dae30f8ac9ddc2f35e1756bb59e25e01d1cd09deaa64df7b2f73e?s=96&d=mm&r=g","caption":"Reporteros Hoy WP"},"url":"https:\/\/reporteroshoy.mx\/noticias\/author\/walfer\/"}]}},"_links":{"self":[{"href":"https:\/\/reporteroshoy.mx\/noticias\/wp-json\/wp\/v2\/posts\/98787","targetHints":{"allow":["GET"]}}],"collection":[{"href":"https:\/\/reporteroshoy.mx\/noticias\/wp-json\/wp\/v2\/posts"}],"about":[{"href":"https:\/\/reporteroshoy.mx\/noticias\/wp-json\/wp\/v2\/types\/post"}],"author":[{"embeddable":true,"href":"https:\/\/reporteroshoy.mx\/noticias\/wp-json\/wp\/v2\/users\/9"}],"replies":[{"embeddable":true,"href":"https:\/\/reporteroshoy.mx\/noticias\/wp-json\/wp\/v2\/comments?post=98787"}],"version-history":[{"count":0,"href":"https:\/\/reporteroshoy.mx\/noticias\/wp-json\/wp\/v2\/posts\/98787\/revisions"}],"wp:featuredmedia":[{"embeddable":true,"href":"https:\/\/reporteroshoy.mx\/noticias\/wp-json\/wp\/v2\/media\/98788"}],"wp:attachment":[{"href":"https:\/\/reporteroshoy.mx\/noticias\/wp-json\/wp\/v2\/media?parent=98787"}],"wp:term":[{"taxonomy":"category","embeddable":true,"href":"https:\/\/reporteroshoy.mx\/noticias\/wp-json\/wp\/v2\/categories?post=98787"},{"taxonomy":"post_tag","embeddable":true,"href":"https:\/\/reporteroshoy.mx\/noticias\/wp-json\/wp\/v2\/tags?post=98787"}],"curies":[{"name":"wp","href":"https:\/\/api.w.org\/{rel}","templated":true}]}}