{"id":98826,"date":"2023-02-25T11:00:30","date_gmt":"2023-02-25T17:00:30","guid":{"rendered":"https:\/\/reporteroshoy.mx\/noticias\/?p=98826"},"modified":"2023-02-25T14:46:23","modified_gmt":"2023-02-25T20:46:23","slug":"canaco-merida-se-desmarca-de-amparos-contra-ley-anti-tabaco","status":"publish","type":"post","link":"https:\/\/reporteroshoy.mx\/noticias\/canaco-merida-se-desmarca-de-amparos-contra-ley-anti-tabaco\/","title":{"rendered":"Canaco M\u00e9rida se desmarca de amparos contra \u201cley anti-tabaco\u201d"},"content":{"rendered":"<p style=\"text-align: justify;\"><span style=\"color: #000000;\">M\u00e9rida, Yucat\u00e1n; 25 de febrero de 2023 (ACOM).- La C\u00e1mara Nacional de Comercio (Canaco) aclar\u00f3 que no ha iniciado ning\u00fan amparo en contra de la llamada ley antitabaco, aunque reconoce que si hay establecimientos que realizaron alg\u00fan procedimiento.<\/span><\/p>\n<p style=\"text-align: justify;\"><span style=\"color: #000000;\">Al respecto, el presidente del organismo empresarial, Levy Abraham Macari, dijo que hasta ahora una tienda de conveniencia gan\u00f3 un amparo federal contra la medida que ha generado pol\u00e9mica debido a sus alcances.<\/span><\/p>\n<p style=\"text-align: justify;\"><span style=\"color: #000000;\">Sin embargo, insisti\u00f3 en que el organismo no ha procedido legalmente, aunque insiste en que otros giros comerciales ya estar\u00edan en este proceso.<\/span><\/p>\n<p><img loading=\"lazy\" decoding=\"async\" class=\"wp-image-98827 aligncenter\" src=\"https:\/\/reporteroshoy.mx\/noticias\/wp-content\/uploads\/2023\/02\/CIGARROS-CANACO-scaled.jpg\" alt=\"\" width=\"617\" height=\"404\" srcset=\"https:\/\/reporteroshoy.mx\/noticias\/wp-content\/uploads\/2023\/02\/CIGARROS-CANACO-scaled.jpg 768w, https:\/\/reporteroshoy.mx\/noticias\/wp-content\/uploads\/2023\/02\/CIGARROS-CANACO-1536x1005.jpg 1536w\" sizes=\"auto, (max-width: 617px) 100vw, 617px\" \/><\/p>\n<p style=\"text-align: justify;\"><span style=\"color: #000000;\">\u00abComo c\u00e1mara no estamos recurriendo a amparos porque la gran mayor\u00eda de los afectados son restaurantes y hoteles. Sobre las tiendas que se amparan, lo hacen a trav\u00e9s de otros grupos o asociaciones\u00bb, explic\u00f3.<\/span><\/p>\n<p style=\"text-align: justify;\"><span style=\"color: #000000;\">Por otro lado, refiri\u00f3 que el mes de febrero estar\u00eda dejando una importante derrama econ\u00f3mica para el sector comercio de Yucat\u00e1n, siendo el 14 de febrero, el pico en cuanto a la captaci\u00f3n de ingresos para los establecimientos.<\/span><\/p>\n<p style=\"text-align: justify;\"><span style=\"color: #000000;\">\u00abEl incremento de este mes estuvo para el 14 de febrero. All\u00e1 es donde vimos un mayor incremento en las ventas. La venta del 14 de febrero fue buena. Platicando con los comercios dedicados espec\u00edficamente a los rubros de regalos, restaurantero, detalles, tuvieron muy buenas ventas\u00bb, apunt\u00f3.<\/span><\/p>\n<p style=\"text-align: justify;\"><span style=\"color: #000000;\">En ese tenor, el l\u00edder empresarial estim\u00f3 que esto permitir\u00e1 superar hasta en un 10% las ventas obtenidas un a\u00f1o antes, cuando se alcanz\u00f3 los 500 millones de pesos en ganancias para los comercios.<\/span><\/p>\n<p style=\"text-align: justify;\"><span style=\"color: #000000;\">Se inform\u00f3 que a mediados de marzo se tendr\u00e1 el pulso real del crecimiento econ\u00f3mico que se tuvo en febrero.<\/span><\/p>\n","protected":false},"excerpt":{"rendered":"<p>El organismo empresarial aclar\u00f3 que no ha iniciado ning\u00fan amparo colectivo en contra de dicha ley, aunque reconoci\u00f3 que s\u00ed hay establecimientos que tomaron acciones por cuenta propia.<\/p>\n","protected":false},"author":6,"featured_media":98827,"comment_status":"open","ping_status":"closed","sticky":false,"template":"","format":"standard","meta":{"footnotes":""},"categories":[17],"tags":[293,544,23587,23817],"class_list":["post-98826","post","type-post","status-publish","format-standard","has-post-thumbnail","hentry","category-yucatan","tag-canaco-merida","tag-cigarros","tag-ley-antitabaco","tag-ley-antitacabo"],"yoast_head":"<!-- This site is optimized with the Yoast SEO plugin v28.4 - https:\/\/yoast.com\/product\/yoast-seo-wordpress\/ -->\n<title>Canaco M\u00e9rida se desmarca de amparos contra \u201cley anti-tabaco\u201d<\/title>\n<meta name=\"description\" content=\"El organismo empresarial aclar\u00f3 que no ha iniciado ning\u00fan amparo colectivo en contra de dicha ley, aunque reconoci\u00f3 que s\u00ed hay establecimientos que tomaron acciones por cuenta propia.\" \/>\n<meta name=\"robots\" content=\"index, follow, max-snippet:-1, max-image-preview:large, max-video-preview:-1\" \/>\n<link rel=\"canonical\" href=\"https:\/\/reporteroshoy.mx\/noticias\/canaco-merida-se-desmarca-de-amparos-contra-ley-anti-tabaco\/\" \/>\n<meta property=\"og:locale\" content=\"es_ES\" \/>\n<meta property=\"og:type\" content=\"article\" \/>\n<meta property=\"og:title\" content=\"Canaco M\u00e9rida se desmarca de amparos contra \u201cley anti-tabaco\u201d\" \/>\n<meta property=\"og:description\" content=\"El organismo empresarial aclar\u00f3 que no ha iniciado ning\u00fan amparo colectivo en contra de dicha ley, aunque reconoci\u00f3 que s\u00ed hay establecimientos que tomaron acciones por cuenta propia.\" \/>\n<meta property=\"og:url\" content=\"https:\/\/reporteroshoy.mx\/noticias\/canaco-merida-se-desmarca-de-amparos-contra-ley-anti-tabaco\/\" \/>\n<meta property=\"og:site_name\" content=\"Reporteros Hoy | Noticias de Yucat\u00e1n\" \/>\n<meta property=\"article:publisher\" content=\"http:\/\/www.facebook.com\/reporteroshoymx\" \/>\n<meta property=\"article:published_time\" content=\"2023-02-25T17:00:30+00:00\" \/>\n<meta property=\"article:modified_time\" content=\"2023-02-25T20:46:23+00:00\" \/>\n<meta property=\"og:image\" content=\"https:\/\/reporteroshoy.mx\/noticias\/wp-content\/uploads\/2023\/02\/CIGARROS-CANACO-scaled.jpg\" \/>\n\t<meta property=\"og:image:width\" content=\"768\" \/>\n\t<meta property=\"og:image:height\" content=\"503\" \/>\n\t<meta property=\"og:image:type\" content=\"image\/jpeg\" \/>\n<meta name=\"author\" content=\"Reporteros Hoy GS\" \/>\n<meta name=\"twitter:card\" content=\"summary_large_image\" \/>\n<meta name=\"twitter:creator\" content=\"@reporteroshoy\" \/>\n<meta name=\"twitter:site\" content=\"@reporteroshoy\" \/>\n<meta name=\"twitter:label1\" content=\"Escrito por\" \/>\n\t<meta name=\"twitter:data1\" content=\"Reporteros Hoy GS\" \/>\n\t<meta name=\"twitter:label2\" content=\"Tiempo de lectura\" \/>\n\t<meta name=\"twitter:data2\" content=\"2 minutos\" \/>\n<script type=\"application\/ld+json\" class=\"yoast-schema-graph\">{\"@context\":\"https:\\\/\\\/schema.org\",\"@graph\":[{\"@type\":\"Article\",\"@id\":\"https:\\\/\\\/reporteroshoy.mx\\\/noticias\\\/canaco-merida-se-desmarca-de-amparos-contra-ley-anti-tabaco\\\/#article\",\"isPartOf\":{\"@id\":\"https:\\\/\\\/reporteroshoy.mx\\\/noticias\\\/canaco-merida-se-desmarca-de-amparos-contra-ley-anti-tabaco\\\/\"},\"author\":{\"name\":\"Reporteros Hoy GS\",\"@id\":\"https:\\\/\\\/reporteroshoy.mx\\\/noticias\\\/#\\\/schema\\\/person\\\/49ae631fc906b44554e4ba3866c505d7\"},\"headline\":\"Canaco M\u00e9rida se desmarca de amparos contra \u201cley anti-tabaco\u201d\",\"datePublished\":\"2023-02-25T17:00:30+00:00\",\"dateModified\":\"2023-02-25T20:46:23+00:00\",\"mainEntityOfPage\":{\"@id\":\"https:\\\/\\\/reporteroshoy.mx\\\/noticias\\\/canaco-merida-se-desmarca-de-amparos-contra-ley-anti-tabaco\\\/\"},\"wordCount\":289,\"commentCount\":0,\"image\":{\"@id\":\"https:\\\/\\\/reporteroshoy.mx\\\/noticias\\\/canaco-merida-se-desmarca-de-amparos-contra-ley-anti-tabaco\\\/#primaryimage\"},\"thumbnailUrl\":\"https:\\\/\\\/reporteroshoy.mx\\\/noticias\\\/wp-content\\\/uploads\\\/2023\\\/02\\\/CIGARROS-CANACO-scaled.jpg\",\"keywords\":[\"Canaco M\u00e9rida\",\"Cigarros\",\"Ley Antitabaco\",\"ley antitacabo\"],\"articleSection\":[\"Yucat\u00e1n\"],\"inLanguage\":\"es\",\"potentialAction\":[{\"@type\":\"CommentAction\",\"name\":\"Comment\",\"target\":[\"https:\\\/\\\/reporteroshoy.mx\\\/noticias\\\/canaco-merida-se-desmarca-de-amparos-contra-ley-anti-tabaco\\\/#respond\"]}]},{\"@type\":\"WebPage\",\"@id\":\"https:\\\/\\\/reporteroshoy.mx\\\/noticias\\\/canaco-merida-se-desmarca-de-amparos-contra-ley-anti-tabaco\\\/\",\"url\":\"https:\\\/\\\/reporteroshoy.mx\\\/noticias\\\/canaco-merida-se-desmarca-de-amparos-contra-ley-anti-tabaco\\\/\",\"name\":\"Canaco M\u00e9rida se desmarca de amparos contra \u201cley anti-tabaco\u201d\",\"isPartOf\":{\"@id\":\"https:\\\/\\\/reporteroshoy.mx\\\/noticias\\\/#website\"},\"primaryImageOfPage\":{\"@id\":\"https:\\\/\\\/reporteroshoy.mx\\\/noticias\\\/canaco-merida-se-desmarca-de-amparos-contra-ley-anti-tabaco\\\/#primaryimage\"},\"image\":{\"@id\":\"https:\\\/\\\/reporteroshoy.mx\\\/noticias\\\/canaco-merida-se-desmarca-de-amparos-contra-ley-anti-tabaco\\\/#primaryimage\"},\"thumbnailUrl\":\"https:\\\/\\\/reporteroshoy.mx\\\/noticias\\\/wp-content\\\/uploads\\\/2023\\\/02\\\/CIGARROS-CANACO-scaled.jpg\",\"datePublished\":\"2023-02-25T17:00:30+00:00\",\"dateModified\":\"2023-02-25T20:46:23+00:00\",\"author\":{\"@id\":\"https:\\\/\\\/reporteroshoy.mx\\\/noticias\\\/#\\\/schema\\\/person\\\/49ae631fc906b44554e4ba3866c505d7\"},\"description\":\"El organismo empresarial aclar\u00f3 que no ha iniciado ning\u00fan amparo colectivo en contra de dicha ley, aunque reconoci\u00f3 que s\u00ed hay establecimientos que tomaron acciones por cuenta propia.\",\"breadcrumb\":{\"@id\":\"https:\\\/\\\/reporteroshoy.mx\\\/noticias\\\/canaco-merida-se-desmarca-de-amparos-contra-ley-anti-tabaco\\\/#breadcrumb\"},\"inLanguage\":\"es\",\"potentialAction\":[{\"@type\":\"ReadAction\",\"target\":[\"https:\\\/\\\/reporteroshoy.mx\\\/noticias\\\/canaco-merida-se-desmarca-de-amparos-contra-ley-anti-tabaco\\\/\"]}]},{\"@type\":\"ImageObject\",\"inLanguage\":\"es\",\"@id\":\"https:\\\/\\\/reporteroshoy.mx\\\/noticias\\\/canaco-merida-se-desmarca-de-amparos-contra-ley-anti-tabaco\\\/#primaryimage\",\"url\":\"https:\\\/\\\/reporteroshoy.mx\\\/noticias\\\/wp-content\\\/uploads\\\/2023\\\/02\\\/CIGARROS-CANACO-scaled.jpg\",\"contentUrl\":\"https:\\\/\\\/reporteroshoy.mx\\\/noticias\\\/wp-content\\\/uploads\\\/2023\\\/02\\\/CIGARROS-CANACO-scaled.jpg\",\"width\":768,\"height\":503},{\"@type\":\"BreadcrumbList\",\"@id\":\"https:\\\/\\\/reporteroshoy.mx\\\/noticias\\\/canaco-merida-se-desmarca-de-amparos-contra-ley-anti-tabaco\\\/#breadcrumb\",\"itemListElement\":[{\"@type\":\"ListItem\",\"position\":1,\"name\":\"Portada\",\"item\":\"https:\\\/\\\/reporteroshoy.mx\\\/noticias\\\/\"},{\"@type\":\"ListItem\",\"position\":2,\"name\":\"Canaco M\u00e9rida se desmarca de amparos contra \u201cley anti-tabaco\u201d\"}]},{\"@type\":\"WebSite\",\"@id\":\"https:\\\/\\\/reporteroshoy.mx\\\/noticias\\\/#website\",\"url\":\"https:\\\/\\\/reporteroshoy.mx\\\/noticias\\\/\",\"name\":\"Reporteros Hoy | Noticias de Yucat\u00e1n\",\"description\":\"Peri\u00f3dico digital con noticias diarias desde M\u00e9rida, Yucat\u00e1n para el mundo.\",\"potentialAction\":[{\"@type\":\"SearchAction\",\"target\":{\"@type\":\"EntryPoint\",\"urlTemplate\":\"https:\\\/\\\/reporteroshoy.mx\\\/noticias\\\/?s={search_term_string}\"},\"query-input\":{\"@type\":\"PropertyValueSpecification\",\"valueRequired\":true,\"valueName\":\"search_term_string\"}}],\"inLanguage\":\"es\"},{\"@type\":\"Person\",\"@id\":\"https:\\\/\\\/reporteroshoy.mx\\\/noticias\\\/#\\\/schema\\\/person\\\/49ae631fc906b44554e4ba3866c505d7\",\"name\":\"Reporteros Hoy GS\",\"image\":{\"@type\":\"ImageObject\",\"inLanguage\":\"es\",\"@id\":\"https:\\\/\\\/secure.gravatar.com\\\/avatar\\\/00d32adb620345c3db2cfc175917f65c584e1e338fdc49ad126aa1f9830eb6a9?s=96&d=mm&r=g\",\"url\":\"https:\\\/\\\/secure.gravatar.com\\\/avatar\\\/00d32adb620345c3db2cfc175917f65c584e1e338fdc49ad126aa1f9830eb6a9?s=96&d=mm&r=g\",\"contentUrl\":\"https:\\\/\\\/secure.gravatar.com\\\/avatar\\\/00d32adb620345c3db2cfc175917f65c584e1e338fdc49ad126aa1f9830eb6a9?s=96&d=mm&r=g\",\"caption\":\"Reporteros Hoy GS\"},\"url\":\"https:\\\/\\\/reporteroshoy.mx\\\/noticias\\\/author\\\/lupis\\\/\"}]}<\/script>\n<!-- \/ Yoast SEO plugin. -->","yoast_head_json":{"title":"Canaco M\u00e9rida se desmarca de amparos contra \u201cley anti-tabaco\u201d","description":"El organismo empresarial aclar\u00f3 que no ha iniciado ning\u00fan amparo colectivo en contra de dicha ley, aunque reconoci\u00f3 que s\u00ed hay establecimientos que tomaron acciones por cuenta propia.","robots":{"index":"index","follow":"follow","max-snippet":"max-snippet:-1","max-image-preview":"max-image-preview:large","max-video-preview":"max-video-preview:-1"},"canonical":"https:\/\/reporteroshoy.mx\/noticias\/canaco-merida-se-desmarca-de-amparos-contra-ley-anti-tabaco\/","og_locale":"es_ES","og_type":"article","og_title":"Canaco M\u00e9rida se desmarca de amparos contra \u201cley anti-tabaco\u201d","og_description":"El organismo empresarial aclar\u00f3 que no ha iniciado ning\u00fan amparo colectivo en contra de dicha ley, aunque reconoci\u00f3 que s\u00ed hay establecimientos que tomaron acciones por cuenta propia.","og_url":"https:\/\/reporteroshoy.mx\/noticias\/canaco-merida-se-desmarca-de-amparos-contra-ley-anti-tabaco\/","og_site_name":"Reporteros Hoy | Noticias de Yucat\u00e1n","article_publisher":"http:\/\/www.facebook.com\/reporteroshoymx","article_published_time":"2023-02-25T17:00:30+00:00","article_modified_time":"2023-02-25T20:46:23+00:00","og_image":[{"width":768,"height":503,"url":"https:\/\/reporteroshoy.mx\/noticias\/wp-content\/uploads\/2023\/02\/CIGARROS-CANACO-scaled.jpg","type":"image\/jpeg"}],"author":"Reporteros Hoy GS","twitter_card":"summary_large_image","twitter_creator":"@reporteroshoy","twitter_site":"@reporteroshoy","twitter_misc":{"Escrito por":"Reporteros Hoy GS","Tiempo de lectura":"2 minutos"},"schema":{"@context":"https:\/\/schema.org","@graph":[{"@type":"Article","@id":"https:\/\/reporteroshoy.mx\/noticias\/canaco-merida-se-desmarca-de-amparos-contra-ley-anti-tabaco\/#article","isPartOf":{"@id":"https:\/\/reporteroshoy.mx\/noticias\/canaco-merida-se-desmarca-de-amparos-contra-ley-anti-tabaco\/"},"author":{"name":"Reporteros Hoy GS","@id":"https:\/\/reporteroshoy.mx\/noticias\/#\/schema\/person\/49ae631fc906b44554e4ba3866c505d7"},"headline":"Canaco M\u00e9rida se desmarca de amparos contra \u201cley anti-tabaco\u201d","datePublished":"2023-02-25T17:00:30+00:00","dateModified":"2023-02-25T20:46:23+00:00","mainEntityOfPage":{"@id":"https:\/\/reporteroshoy.mx\/noticias\/canaco-merida-se-desmarca-de-amparos-contra-ley-anti-tabaco\/"},"wordCount":289,"commentCount":0,"image":{"@id":"https:\/\/reporteroshoy.mx\/noticias\/canaco-merida-se-desmarca-de-amparos-contra-ley-anti-tabaco\/#primaryimage"},"thumbnailUrl":"https:\/\/reporteroshoy.mx\/noticias\/wp-content\/uploads\/2023\/02\/CIGARROS-CANACO-scaled.jpg","keywords":["Canaco M\u00e9rida","Cigarros","Ley Antitabaco","ley antitacabo"],"articleSection":["Yucat\u00e1n"],"inLanguage":"es","potentialAction":[{"@type":"CommentAction","name":"Comment","target":["https:\/\/reporteroshoy.mx\/noticias\/canaco-merida-se-desmarca-de-amparos-contra-ley-anti-tabaco\/#respond"]}]},{"@type":"WebPage","@id":"https:\/\/reporteroshoy.mx\/noticias\/canaco-merida-se-desmarca-de-amparos-contra-ley-anti-tabaco\/","url":"https:\/\/reporteroshoy.mx\/noticias\/canaco-merida-se-desmarca-de-amparos-contra-ley-anti-tabaco\/","name":"Canaco M\u00e9rida se desmarca de amparos contra \u201cley anti-tabaco\u201d","isPartOf":{"@id":"https:\/\/reporteroshoy.mx\/noticias\/#website"},"primaryImageOfPage":{"@id":"https:\/\/reporteroshoy.mx\/noticias\/canaco-merida-se-desmarca-de-amparos-contra-ley-anti-tabaco\/#primaryimage"},"image":{"@id":"https:\/\/reporteroshoy.mx\/noticias\/canaco-merida-se-desmarca-de-amparos-contra-ley-anti-tabaco\/#primaryimage"},"thumbnailUrl":"https:\/\/reporteroshoy.mx\/noticias\/wp-content\/uploads\/2023\/02\/CIGARROS-CANACO-scaled.jpg","datePublished":"2023-02-25T17:00:30+00:00","dateModified":"2023-02-25T20:46:23+00:00","author":{"@id":"https:\/\/reporteroshoy.mx\/noticias\/#\/schema\/person\/49ae631fc906b44554e4ba3866c505d7"},"description":"El organismo empresarial aclar\u00f3 que no ha iniciado ning\u00fan amparo colectivo en contra de dicha ley, aunque reconoci\u00f3 que s\u00ed hay establecimientos que tomaron acciones por cuenta propia.","breadcrumb":{"@id":"https:\/\/reporteroshoy.mx\/noticias\/canaco-merida-se-desmarca-de-amparos-contra-ley-anti-tabaco\/#breadcrumb"},"inLanguage":"es","potentialAction":[{"@type":"ReadAction","target":["https:\/\/reporteroshoy.mx\/noticias\/canaco-merida-se-desmarca-de-amparos-contra-ley-anti-tabaco\/"]}]},{"@type":"ImageObject","inLanguage":"es","@id":"https:\/\/reporteroshoy.mx\/noticias\/canaco-merida-se-desmarca-de-amparos-contra-ley-anti-tabaco\/#primaryimage","url":"https:\/\/reporteroshoy.mx\/noticias\/wp-content\/uploads\/2023\/02\/CIGARROS-CANACO-scaled.jpg","contentUrl":"https:\/\/reporteroshoy.mx\/noticias\/wp-content\/uploads\/2023\/02\/CIGARROS-CANACO-scaled.jpg","width":768,"height":503},{"@type":"BreadcrumbList","@id":"https:\/\/reporteroshoy.mx\/noticias\/canaco-merida-se-desmarca-de-amparos-contra-ley-anti-tabaco\/#breadcrumb","itemListElement":[{"@type":"ListItem","position":1,"name":"Portada","item":"https:\/\/reporteroshoy.mx\/noticias\/"},{"@type":"ListItem","position":2,"name":"Canaco M\u00e9rida se desmarca de amparos contra \u201cley anti-tabaco\u201d"}]},{"@type":"WebSite","@id":"https:\/\/reporteroshoy.mx\/noticias\/#website","url":"https:\/\/reporteroshoy.mx\/noticias\/","name":"Reporteros Hoy | Noticias de Yucat\u00e1n","description":"Peri\u00f3dico digital con noticias diarias desde M\u00e9rida, Yucat\u00e1n para el mundo.","potentialAction":[{"@type":"SearchAction","target":{"@type":"EntryPoint","urlTemplate":"https:\/\/reporteroshoy.mx\/noticias\/?s={search_term_string}"},"query-input":{"@type":"PropertyValueSpecification","valueRequired":true,"valueName":"search_term_string"}}],"inLanguage":"es"},{"@type":"Person","@id":"https:\/\/reporteroshoy.mx\/noticias\/#\/schema\/person\/49ae631fc906b44554e4ba3866c505d7","name":"Reporteros Hoy GS","image":{"@type":"ImageObject","inLanguage":"es","@id":"https:\/\/secure.gravatar.com\/avatar\/00d32adb620345c3db2cfc175917f65c584e1e338fdc49ad126aa1f9830eb6a9?s=96&d=mm&r=g","url":"https:\/\/secure.gravatar.com\/avatar\/00d32adb620345c3db2cfc175917f65c584e1e338fdc49ad126aa1f9830eb6a9?s=96&d=mm&r=g","contentUrl":"https:\/\/secure.gravatar.com\/avatar\/00d32adb620345c3db2cfc175917f65c584e1e338fdc49ad126aa1f9830eb6a9?s=96&d=mm&r=g","caption":"Reporteros Hoy GS"},"url":"https:\/\/reporteroshoy.mx\/noticias\/author\/lupis\/"}]}},"_links":{"self":[{"href":"https:\/\/reporteroshoy.mx\/noticias\/wp-json\/wp\/v2\/posts\/98826","targetHints":{"allow":["GET"]}}],"collection":[{"href":"https:\/\/reporteroshoy.mx\/noticias\/wp-json\/wp\/v2\/posts"}],"about":[{"href":"https:\/\/reporteroshoy.mx\/noticias\/wp-json\/wp\/v2\/types\/post"}],"author":[{"embeddable":true,"href":"https:\/\/reporteroshoy.mx\/noticias\/wp-json\/wp\/v2\/users\/6"}],"replies":[{"embeddable":true,"href":"https:\/\/reporteroshoy.mx\/noticias\/wp-json\/wp\/v2\/comments?post=98826"}],"version-history":[{"count":0,"href":"https:\/\/reporteroshoy.mx\/noticias\/wp-json\/wp\/v2\/posts\/98826\/revisions"}],"wp:featuredmedia":[{"embeddable":true,"href":"https:\/\/reporteroshoy.mx\/noticias\/wp-json\/wp\/v2\/media\/98827"}],"wp:attachment":[{"href":"https:\/\/reporteroshoy.mx\/noticias\/wp-json\/wp\/v2\/media?parent=98826"}],"wp:term":[{"taxonomy":"category","embeddable":true,"href":"https:\/\/reporteroshoy.mx\/noticias\/wp-json\/wp\/v2\/categories?post=98826"},{"taxonomy":"post_tag","embeddable":true,"href":"https:\/\/reporteroshoy.mx\/noticias\/wp-json\/wp\/v2\/tags?post=98826"}],"curies":[{"name":"wp","href":"https:\/\/api.w.org\/{rel}","templated":true}]}}