{"id":98950,"date":"2023-02-28T19:09:07","date_gmt":"2023-03-01T01:09:07","guid":{"rendered":"https:\/\/reporteroshoy.mx\/noticias\/?p=98950"},"modified":"2023-02-28T19:09:07","modified_gmt":"2023-03-01T01:09:07","slug":"acercan-creditos-para-micro-y-pequenas-empresas-al-oriente-de-yucatan","status":"publish","type":"post","link":"https:\/\/reporteroshoy.mx\/noticias\/acercan-creditos-para-micro-y-pequenas-empresas-al-oriente-de-yucatan\/","title":{"rendered":"Acercan cr\u00e9ditos para micro y peque\u00f1as empresas al oriente de Yucat\u00e1n"},"content":{"rendered":"<p style=\"text-align: justify;\"><span style=\"color: #000000;\">Valladolid, Yucat\u00e1n, 28 de febrero de 2023.- Con el fin de que los empresarios vallisoletanos de los sectores de la industria, servicios y comercios aprovechen los cr\u00e9ditos y opciones de financiamiento del Gobierno del Estado para el crecimiento de sus negocios, la Secretar\u00eda de Fomento Econ\u00f3mico y Trabajo (Sefoet), en conjunto con el Instituto Yucateco de Emprendedores (IYEM), llev\u00f3 a cabo la Feria de Financiamiento en este municipio.<\/span><\/p>\n<p style=\"text-align: justify;\"><span style=\"color: #000000;\">Al presidir el evento, el subsecretario de Planeaci\u00f3n, Promoci\u00f3n y Proyectos de la Sefoet, Joaqu\u00edn Mier y Ter\u00e1n Puerto, resalt\u00f3 lo sustancial de la vinculaci\u00f3n con el Ayuntamiento y las c\u00e1maras empresariales para hacer llegar esta informaci\u00f3n a los micro, peque\u00f1os y medianos negocios vallisoletanos: \u201cEsta uni\u00f3n de los dos niveles de Gobierno, las c\u00e1maras empresariales y la sociedad, es la \u00fanica forma de poder mejorar\u201d, dijo.<\/span><\/p>\n<p style=\"text-align: justify;\"><img loading=\"lazy\" decoding=\"async\" class=\"wp-image-98951 aligncenter\" src=\"https:\/\/reporteroshoy.mx\/noticias\/wp-content\/uploads\/2023\/02\/FERIA-IYEM-3-scaled.jpeg\" alt=\"\" width=\"614\" height=\"345\" srcset=\"https:\/\/reporteroshoy.mx\/noticias\/wp-content\/uploads\/2023\/02\/FERIA-IYEM-3-scaled.jpeg 768w, https:\/\/reporteroshoy.mx\/noticias\/wp-content\/uploads\/2023\/02\/FERIA-IYEM-3-1536x864.jpeg 1536w\" sizes=\"auto, (max-width: 614px) 100vw, 614px\" \/> <span style=\"color: #000000;\">Indic\u00f3 que espera que este acercamiento con las empresas de Valladolid sea de mucha utilidad: \u201cIremos de la mano con ustedes, con sus negocios. Es importante que aprovechen los recursos disponibles que ayuden al crecimiento de sus empresas\u201d. Tambi\u00e9n record\u00f3 a los futuros beneficiarios que los recursos son revolventes precisamente para poder seguir apoyando a m\u00e1s empresas.<\/span><\/p>\n<p class=\"x_MsoNormal\" style=\"text-align: justify;\"><span style=\"color: #000000;\">Por \u00faltimo, reiter\u00f3 la invitaci\u00f3n a las micro, peque\u00f1as y medianas empresas de este municipio a mantenerse cerca de la Secretar\u00eda y del IYEM para que conozcan la oferta de programas y apoyos que les permitir\u00e1n crecer, consolidar y expandir sus negocios, para juntos fortalecer la econom\u00eda local.<\/span><\/p>\n<p><img loading=\"lazy\" decoding=\"async\" class=\"wp-image-98952 aligncenter\" src=\"https:\/\/reporteroshoy.mx\/noticias\/wp-content\/uploads\/2023\/02\/FERIA-IYEM-2-scaled.jpeg\" alt=\"\" width=\"659\" height=\"370\" srcset=\"https:\/\/reporteroshoy.mx\/noticias\/wp-content\/uploads\/2023\/02\/FERIA-IYEM-2-scaled.jpeg 768w, https:\/\/reporteroshoy.mx\/noticias\/wp-content\/uploads\/2023\/02\/FERIA-IYEM-2-1536x864.jpeg 1536w\" sizes=\"auto, (max-width: 659px) 100vw, 659px\" \/><\/p>\n<p style=\"text-align: justify;\"><span style=\"color: #000000;\">Por su parte, el alcalde de Valladolid, Alfredo Fern\u00e1ndez Arceo, agradeci\u00f3 a las c\u00e1maras empresariales del municipio que representan a los negocios de diversos giros y tama\u00f1os, y destac\u00f3 el trabajo en conjunto con el Gobierno del Estado, el cual se\u00f1al\u00f3 tiene pol\u00edticas p\u00fablicas muy claras y dignas de replicarse.<\/span><\/p>\n<p style=\"text-align: justify;\"><span style=\"color: #000000;\">\u201cEspero que esta informaci\u00f3n llegue a donde est\u00e9 la necesidad, el emprendimiento y la lucha de todos los d\u00edas para impulsar los negocios y as\u00ed consolidarse, y en los pr\u00f3ximos a\u00f1os sean grandes empresas con todos los elementos y salgan adelante\u201d, puntualiz\u00f3 el alcalde.<\/span><\/p>\n<p style=\"text-align: justify;\"><span style=\"color: #000000;\">En su intervenci\u00f3n, el titular del IYEM, Antonio Gonz\u00e1lez Blanco, destac\u00f3 la importancia de inyectar capital a las micro, peque\u00f1as y medianas empresas para que sigan generando m\u00e1s y mejores oportunidades de transformarse y evolucionar.<\/span><\/p>\n<p><img loading=\"lazy\" decoding=\"async\" class=\"wp-image-98953 aligncenter\" src=\"https:\/\/reporteroshoy.mx\/noticias\/wp-content\/uploads\/2023\/02\/FERIA-IYEM-1-scaled.jpg\" alt=\"\" width=\"621\" height=\"414\" srcset=\"https:\/\/reporteroshoy.mx\/noticias\/wp-content\/uploads\/2023\/02\/FERIA-IYEM-1-scaled.jpg 768w, https:\/\/reporteroshoy.mx\/noticias\/wp-content\/uploads\/2023\/02\/FERIA-IYEM-1-1536x1023.jpg 1536w\" sizes=\"auto, (max-width: 621px) 100vw, 621px\" \/><\/p>\n<p style=\"text-align: justify;\"><span style=\"color: #000000;\">\u201cUn cr\u00e9dito puede representar la oportunidad de una maquinaria que permita el ahorro de tiempo en la producci\u00f3n, mismo que, se invertir\u00eda con la familia, por ejemplo, o tambi\u00e9n, el poder contratar m\u00e1s personal y as\u00ed contribuir con la comunidad en la generaci\u00f3n de m\u00e1s y mejores empleos\u201d.<\/span><\/p>\n<p style=\"text-align: justify;\"><span style=\"color: #000000;\">Los programas de la Sefoet, presentados en la Casa de la Cultura de Valladolid por la directora de Financiamiento, Deyanire Salazar Aldana, fueron MicroYuc Mujeres, MicroYuc Empresarial e Impulso Yucat\u00e1n.<\/span><\/p>\n<p class=\"x_MsoNormal\" style=\"text-align: justify;\"><span style=\"color: #000000;\">Estos programas de apoyo est\u00e1n dirigidos a micro, peque\u00f1as y medianas empresas que operan en los sectores industrial, comercial y de servicios, principalmente.<\/span><\/p>\n<p class=\"x_MsoNormal\" style=\"text-align: justify;\"><span style=\"color: #000000;\">MicroYuc Mujeres es un programa que otorga cr\u00e9ditos de 5 mil a 50 mil pesos para favorecer a las unidades econ\u00f3micas dirigidas por mujeres o conformadas en su mayor\u00eda por ellas. Estos cr\u00e9ditos se pueden pagar en un plazo de 36 meses y tienen una tasa de inter\u00e9s interbancaria de equilibrio (TIIE) + 1.<\/span><\/p>\n<p style=\"text-align: justify;\"><span style=\"color: #000000;\">MicroYuc Empresarial permite acceder a cr\u00e9ditos de 50 mil a 400 mil pesos a las Mipymes del Estado de los sectores ya mencionados, siempre y cuando pertenezcan a la econom\u00eda formal. \u00c9stos pueden pagarse en un plazo de 48 meses, y cuentan con una TIIE + 3.<\/span><\/p>\n<p class=\"x_MsoNormal\" style=\"text-align: justify;\"><span style=\"color: #000000;\">Empresas medianas y grandes pueden recurrir al programa Impulso Yucat\u00e1n con el cual podr\u00edan alcanzar hasta cinco millones de pesos. Este es operado por la Sefoet de manera coordinada con las bancas de desarrollo y la privada, para impulsar el desarrollo industrial y regional de nuestro Estado, con plazos de hasta 60 meses y tienen un inter\u00e9s de 14.5% anual fijo.<\/span><\/p>\n<p class=\"x_MsoNormal\" style=\"text-align: justify;\"><span style=\"color: #000000;\">Por \u00faltimo, Mary Ang\u00e9lica P\u00e9rez L\u00f3pez, directora de Innovaci\u00f3n y Competitividad Empresarial del IYEM, present\u00f3 los apoyos Microyuc Emprendedores, dedicado a personas f\u00edsicas y morales que tengan un proyecto por iniciar o que ya est\u00e9 en funcionamiento, aunque no cuenten con su alta ante la Secretar\u00eda de Hacienda y Cr\u00e9dito P\u00fablico; y Microyuc Verde, cr\u00e9dito de f\u00e1cil acceso para el financiamiento de pr\u00e1cticas en eficiencia y transici\u00f3n energ\u00e9tica, econom\u00eda circular u otras acciones con enfoque sostenible.<\/span><\/p>\n","protected":false},"excerpt":{"rendered":"<p>La Sefoet y el IYEM llevaron la Feria de Financiamiento a Valladolid para que las y los empresarios de este municipio aprovechen los cr\u00e9ditos y opciones de financiamiento para hacer crecer sus negocios.<\/p>\n","protected":false},"author":2,"featured_media":98952,"comment_status":"open","ping_status":"closed","sticky":false,"template":"","format":"standard","meta":{"footnotes":""},"categories":[11],"tags":[8620,4852,1311],"class_list":["post-98950","post","type-post","status-publish","format-standard","has-post-thumbnail","hentry","category-municipios-de-yucatan","tag-creditos-en-yucatan","tag-microyuc","tag-sefoet"],"yoast_head":"<!-- This site is optimized with the Yoast SEO plugin v28.4 - https:\/\/yoast.com\/product\/yoast-seo-wordpress\/ -->\n<title>Acercan cr\u00e9ditos para micro y peque\u00f1as empresas al oriente de Yucat\u00e1n<\/title>\n<meta name=\"description\" content=\"La Sefoet y el IYEM llevaron la Feria de Financiamiento a Valladolid para que las y los empresarios de este municipio aprovechen los cr\u00e9ditos y opciones de financiamiento para hacer crecer sus negocios.\" \/>\n<meta name=\"robots\" content=\"index, follow, max-snippet:-1, max-image-preview:large, max-video-preview:-1\" \/>\n<link rel=\"canonical\" href=\"https:\/\/reporteroshoy.mx\/noticias\/acercan-creditos-para-micro-y-pequenas-empresas-al-oriente-de-yucatan\/\" \/>\n<meta property=\"og:locale\" content=\"es_ES\" \/>\n<meta property=\"og:type\" content=\"article\" \/>\n<meta property=\"og:title\" content=\"Acercan cr\u00e9ditos para micro y peque\u00f1as empresas al oriente de Yucat\u00e1n\" \/>\n<meta property=\"og:description\" content=\"La Sefoet y el IYEM llevaron la Feria de Financiamiento a Valladolid para que las y los empresarios de este municipio aprovechen los cr\u00e9ditos y opciones de financiamiento para hacer crecer sus negocios.\" \/>\n<meta property=\"og:url\" content=\"https:\/\/reporteroshoy.mx\/noticias\/acercan-creditos-para-micro-y-pequenas-empresas-al-oriente-de-yucatan\/\" \/>\n<meta property=\"og:site_name\" content=\"Reporteros Hoy | Noticias de Yucat\u00e1n\" \/>\n<meta property=\"article:publisher\" content=\"http:\/\/www.facebook.com\/reporteroshoymx\" \/>\n<meta property=\"article:published_time\" content=\"2023-03-01T01:09:07+00:00\" \/>\n<meta property=\"og:image\" content=\"https:\/\/reporteroshoy.mx\/noticias\/wp-content\/uploads\/2023\/02\/FERIA-IYEM-2-scaled.jpeg\" \/>\n\t<meta property=\"og:image:width\" content=\"768\" \/>\n\t<meta property=\"og:image:height\" content=\"432\" \/>\n\t<meta property=\"og:image:type\" content=\"image\/jpeg\" \/>\n<meta name=\"author\" content=\"Reporteros Hoy HY\" \/>\n<meta name=\"twitter:card\" content=\"summary_large_image\" \/>\n<meta name=\"twitter:creator\" content=\"@reporteroshoy\" \/>\n<meta name=\"twitter:site\" content=\"@reporteroshoy\" \/>\n<meta name=\"twitter:label1\" content=\"Escrito por\" \/>\n\t<meta name=\"twitter:data1\" content=\"Reporteros Hoy HY\" \/>\n\t<meta name=\"twitter:label2\" content=\"Tiempo de lectura\" \/>\n\t<meta name=\"twitter:data2\" content=\"4 minutos\" \/>\n<script type=\"application\/ld+json\" class=\"yoast-schema-graph\">{\"@context\":\"https:\\\/\\\/schema.org\",\"@graph\":[{\"@type\":\"Article\",\"@id\":\"https:\\\/\\\/reporteroshoy.mx\\\/noticias\\\/acercan-creditos-para-micro-y-pequenas-empresas-al-oriente-de-yucatan\\\/#article\",\"isPartOf\":{\"@id\":\"https:\\\/\\\/reporteroshoy.mx\\\/noticias\\\/acercan-creditos-para-micro-y-pequenas-empresas-al-oriente-de-yucatan\\\/\"},\"author\":{\"name\":\"Reporteros Hoy HY\",\"@id\":\"https:\\\/\\\/reporteroshoy.mx\\\/noticias\\\/#\\\/schema\\\/person\\\/d32189074678a9d41498d4248e29aac3\"},\"headline\":\"Acercan cr\u00e9ditos para micro y peque\u00f1as empresas al oriente de Yucat\u00e1n\",\"datePublished\":\"2023-03-01T01:09:07+00:00\",\"mainEntityOfPage\":{\"@id\":\"https:\\\/\\\/reporteroshoy.mx\\\/noticias\\\/acercan-creditos-para-micro-y-pequenas-empresas-al-oriente-de-yucatan\\\/\"},\"wordCount\":778,\"commentCount\":0,\"image\":{\"@id\":\"https:\\\/\\\/reporteroshoy.mx\\\/noticias\\\/acercan-creditos-para-micro-y-pequenas-empresas-al-oriente-de-yucatan\\\/#primaryimage\"},\"thumbnailUrl\":\"https:\\\/\\\/reporteroshoy.mx\\\/noticias\\\/wp-content\\\/uploads\\\/2023\\\/02\\\/FERIA-IYEM-2-scaled.jpeg\",\"keywords\":[\"cr\u00e9ditos en Yucat\u00e1n\",\"MicroYuc\",\"Sefoet\"],\"articleSection\":[\"Municipios\"],\"inLanguage\":\"es\",\"potentialAction\":[{\"@type\":\"CommentAction\",\"name\":\"Comment\",\"target\":[\"https:\\\/\\\/reporteroshoy.mx\\\/noticias\\\/acercan-creditos-para-micro-y-pequenas-empresas-al-oriente-de-yucatan\\\/#respond\"]}]},{\"@type\":\"WebPage\",\"@id\":\"https:\\\/\\\/reporteroshoy.mx\\\/noticias\\\/acercan-creditos-para-micro-y-pequenas-empresas-al-oriente-de-yucatan\\\/\",\"url\":\"https:\\\/\\\/reporteroshoy.mx\\\/noticias\\\/acercan-creditos-para-micro-y-pequenas-empresas-al-oriente-de-yucatan\\\/\",\"name\":\"Acercan cr\u00e9ditos para micro y peque\u00f1as empresas al oriente de Yucat\u00e1n\",\"isPartOf\":{\"@id\":\"https:\\\/\\\/reporteroshoy.mx\\\/noticias\\\/#website\"},\"primaryImageOfPage\":{\"@id\":\"https:\\\/\\\/reporteroshoy.mx\\\/noticias\\\/acercan-creditos-para-micro-y-pequenas-empresas-al-oriente-de-yucatan\\\/#primaryimage\"},\"image\":{\"@id\":\"https:\\\/\\\/reporteroshoy.mx\\\/noticias\\\/acercan-creditos-para-micro-y-pequenas-empresas-al-oriente-de-yucatan\\\/#primaryimage\"},\"thumbnailUrl\":\"https:\\\/\\\/reporteroshoy.mx\\\/noticias\\\/wp-content\\\/uploads\\\/2023\\\/02\\\/FERIA-IYEM-2-scaled.jpeg\",\"datePublished\":\"2023-03-01T01:09:07+00:00\",\"author\":{\"@id\":\"https:\\\/\\\/reporteroshoy.mx\\\/noticias\\\/#\\\/schema\\\/person\\\/d32189074678a9d41498d4248e29aac3\"},\"description\":\"La Sefoet y el IYEM llevaron la Feria de Financiamiento a Valladolid para que las y los empresarios de este municipio aprovechen los cr\u00e9ditos y opciones de financiamiento para hacer crecer sus negocios.\",\"breadcrumb\":{\"@id\":\"https:\\\/\\\/reporteroshoy.mx\\\/noticias\\\/acercan-creditos-para-micro-y-pequenas-empresas-al-oriente-de-yucatan\\\/#breadcrumb\"},\"inLanguage\":\"es\",\"potentialAction\":[{\"@type\":\"ReadAction\",\"target\":[\"https:\\\/\\\/reporteroshoy.mx\\\/noticias\\\/acercan-creditos-para-micro-y-pequenas-empresas-al-oriente-de-yucatan\\\/\"]}]},{\"@type\":\"ImageObject\",\"inLanguage\":\"es\",\"@id\":\"https:\\\/\\\/reporteroshoy.mx\\\/noticias\\\/acercan-creditos-para-micro-y-pequenas-empresas-al-oriente-de-yucatan\\\/#primaryimage\",\"url\":\"https:\\\/\\\/reporteroshoy.mx\\\/noticias\\\/wp-content\\\/uploads\\\/2023\\\/02\\\/FERIA-IYEM-2-scaled.jpeg\",\"contentUrl\":\"https:\\\/\\\/reporteroshoy.mx\\\/noticias\\\/wp-content\\\/uploads\\\/2023\\\/02\\\/FERIA-IYEM-2-scaled.jpeg\",\"width\":768,\"height\":432},{\"@type\":\"BreadcrumbList\",\"@id\":\"https:\\\/\\\/reporteroshoy.mx\\\/noticias\\\/acercan-creditos-para-micro-y-pequenas-empresas-al-oriente-de-yucatan\\\/#breadcrumb\",\"itemListElement\":[{\"@type\":\"ListItem\",\"position\":1,\"name\":\"Portada\",\"item\":\"https:\\\/\\\/reporteroshoy.mx\\\/noticias\\\/\"},{\"@type\":\"ListItem\",\"position\":2,\"name\":\"Acercan cr\u00e9ditos para micro y peque\u00f1as empresas al oriente de Yucat\u00e1n\"}]},{\"@type\":\"WebSite\",\"@id\":\"https:\\\/\\\/reporteroshoy.mx\\\/noticias\\\/#website\",\"url\":\"https:\\\/\\\/reporteroshoy.mx\\\/noticias\\\/\",\"name\":\"Reporteros Hoy | Noticias de Yucat\u00e1n\",\"description\":\"Peri\u00f3dico digital con noticias diarias desde M\u00e9rida, Yucat\u00e1n para el mundo.\",\"potentialAction\":[{\"@type\":\"SearchAction\",\"target\":{\"@type\":\"EntryPoint\",\"urlTemplate\":\"https:\\\/\\\/reporteroshoy.mx\\\/noticias\\\/?s={search_term_string}\"},\"query-input\":{\"@type\":\"PropertyValueSpecification\",\"valueRequired\":true,\"valueName\":\"search_term_string\"}}],\"inLanguage\":\"es\"},{\"@type\":\"Person\",\"@id\":\"https:\\\/\\\/reporteroshoy.mx\\\/noticias\\\/#\\\/schema\\\/person\\\/d32189074678a9d41498d4248e29aac3\",\"name\":\"Reporteros Hoy HY\",\"image\":{\"@type\":\"ImageObject\",\"inLanguage\":\"es\",\"@id\":\"https:\\\/\\\/secure.gravatar.com\\\/avatar\\\/c539a82770f256437b35bda44650bb50f5fd4b7017f8b29672ed9f27a43cec47?s=96&d=mm&r=g\",\"url\":\"https:\\\/\\\/secure.gravatar.com\\\/avatar\\\/c539a82770f256437b35bda44650bb50f5fd4b7017f8b29672ed9f27a43cec47?s=96&d=mm&r=g\",\"contentUrl\":\"https:\\\/\\\/secure.gravatar.com\\\/avatar\\\/c539a82770f256437b35bda44650bb50f5fd4b7017f8b29672ed9f27a43cec47?s=96&d=mm&r=g\",\"caption\":\"Reporteros Hoy HY\"},\"url\":\"https:\\\/\\\/reporteroshoy.mx\\\/noticias\\\/author\\\/thelmo\\\/\"}]}<\/script>\n<!-- \/ Yoast SEO plugin. -->","yoast_head_json":{"title":"Acercan cr\u00e9ditos para micro y peque\u00f1as empresas al oriente de Yucat\u00e1n","description":"La Sefoet y el IYEM llevaron la Feria de Financiamiento a Valladolid para que las y los empresarios de este municipio aprovechen los cr\u00e9ditos y opciones de financiamiento para hacer crecer sus negocios.","robots":{"index":"index","follow":"follow","max-snippet":"max-snippet:-1","max-image-preview":"max-image-preview:large","max-video-preview":"max-video-preview:-1"},"canonical":"https:\/\/reporteroshoy.mx\/noticias\/acercan-creditos-para-micro-y-pequenas-empresas-al-oriente-de-yucatan\/","og_locale":"es_ES","og_type":"article","og_title":"Acercan cr\u00e9ditos para micro y peque\u00f1as empresas al oriente de Yucat\u00e1n","og_description":"La Sefoet y el IYEM llevaron la Feria de Financiamiento a Valladolid para que las y los empresarios de este municipio aprovechen los cr\u00e9ditos y opciones de financiamiento para hacer crecer sus negocios.","og_url":"https:\/\/reporteroshoy.mx\/noticias\/acercan-creditos-para-micro-y-pequenas-empresas-al-oriente-de-yucatan\/","og_site_name":"Reporteros Hoy | Noticias de Yucat\u00e1n","article_publisher":"http:\/\/www.facebook.com\/reporteroshoymx","article_published_time":"2023-03-01T01:09:07+00:00","og_image":[{"width":768,"height":432,"url":"https:\/\/reporteroshoy.mx\/noticias\/wp-content\/uploads\/2023\/02\/FERIA-IYEM-2-scaled.jpeg","type":"image\/jpeg"}],"author":"Reporteros Hoy HY","twitter_card":"summary_large_image","twitter_creator":"@reporteroshoy","twitter_site":"@reporteroshoy","twitter_misc":{"Escrito por":"Reporteros Hoy HY","Tiempo de lectura":"4 minutos"},"schema":{"@context":"https:\/\/schema.org","@graph":[{"@type":"Article","@id":"https:\/\/reporteroshoy.mx\/noticias\/acercan-creditos-para-micro-y-pequenas-empresas-al-oriente-de-yucatan\/#article","isPartOf":{"@id":"https:\/\/reporteroshoy.mx\/noticias\/acercan-creditos-para-micro-y-pequenas-empresas-al-oriente-de-yucatan\/"},"author":{"name":"Reporteros Hoy HY","@id":"https:\/\/reporteroshoy.mx\/noticias\/#\/schema\/person\/d32189074678a9d41498d4248e29aac3"},"headline":"Acercan cr\u00e9ditos para micro y peque\u00f1as empresas al oriente de Yucat\u00e1n","datePublished":"2023-03-01T01:09:07+00:00","mainEntityOfPage":{"@id":"https:\/\/reporteroshoy.mx\/noticias\/acercan-creditos-para-micro-y-pequenas-empresas-al-oriente-de-yucatan\/"},"wordCount":778,"commentCount":0,"image":{"@id":"https:\/\/reporteroshoy.mx\/noticias\/acercan-creditos-para-micro-y-pequenas-empresas-al-oriente-de-yucatan\/#primaryimage"},"thumbnailUrl":"https:\/\/reporteroshoy.mx\/noticias\/wp-content\/uploads\/2023\/02\/FERIA-IYEM-2-scaled.jpeg","keywords":["cr\u00e9ditos en Yucat\u00e1n","MicroYuc","Sefoet"],"articleSection":["Municipios"],"inLanguage":"es","potentialAction":[{"@type":"CommentAction","name":"Comment","target":["https:\/\/reporteroshoy.mx\/noticias\/acercan-creditos-para-micro-y-pequenas-empresas-al-oriente-de-yucatan\/#respond"]}]},{"@type":"WebPage","@id":"https:\/\/reporteroshoy.mx\/noticias\/acercan-creditos-para-micro-y-pequenas-empresas-al-oriente-de-yucatan\/","url":"https:\/\/reporteroshoy.mx\/noticias\/acercan-creditos-para-micro-y-pequenas-empresas-al-oriente-de-yucatan\/","name":"Acercan cr\u00e9ditos para micro y peque\u00f1as empresas al oriente de Yucat\u00e1n","isPartOf":{"@id":"https:\/\/reporteroshoy.mx\/noticias\/#website"},"primaryImageOfPage":{"@id":"https:\/\/reporteroshoy.mx\/noticias\/acercan-creditos-para-micro-y-pequenas-empresas-al-oriente-de-yucatan\/#primaryimage"},"image":{"@id":"https:\/\/reporteroshoy.mx\/noticias\/acercan-creditos-para-micro-y-pequenas-empresas-al-oriente-de-yucatan\/#primaryimage"},"thumbnailUrl":"https:\/\/reporteroshoy.mx\/noticias\/wp-content\/uploads\/2023\/02\/FERIA-IYEM-2-scaled.jpeg","datePublished":"2023-03-01T01:09:07+00:00","author":{"@id":"https:\/\/reporteroshoy.mx\/noticias\/#\/schema\/person\/d32189074678a9d41498d4248e29aac3"},"description":"La Sefoet y el IYEM llevaron la Feria de Financiamiento a Valladolid para que las y los empresarios de este municipio aprovechen los cr\u00e9ditos y opciones de financiamiento para hacer crecer sus negocios.","breadcrumb":{"@id":"https:\/\/reporteroshoy.mx\/noticias\/acercan-creditos-para-micro-y-pequenas-empresas-al-oriente-de-yucatan\/#breadcrumb"},"inLanguage":"es","potentialAction":[{"@type":"ReadAction","target":["https:\/\/reporteroshoy.mx\/noticias\/acercan-creditos-para-micro-y-pequenas-empresas-al-oriente-de-yucatan\/"]}]},{"@type":"ImageObject","inLanguage":"es","@id":"https:\/\/reporteroshoy.mx\/noticias\/acercan-creditos-para-micro-y-pequenas-empresas-al-oriente-de-yucatan\/#primaryimage","url":"https:\/\/reporteroshoy.mx\/noticias\/wp-content\/uploads\/2023\/02\/FERIA-IYEM-2-scaled.jpeg","contentUrl":"https:\/\/reporteroshoy.mx\/noticias\/wp-content\/uploads\/2023\/02\/FERIA-IYEM-2-scaled.jpeg","width":768,"height":432},{"@type":"BreadcrumbList","@id":"https:\/\/reporteroshoy.mx\/noticias\/acercan-creditos-para-micro-y-pequenas-empresas-al-oriente-de-yucatan\/#breadcrumb","itemListElement":[{"@type":"ListItem","position":1,"name":"Portada","item":"https:\/\/reporteroshoy.mx\/noticias\/"},{"@type":"ListItem","position":2,"name":"Acercan cr\u00e9ditos para micro y peque\u00f1as empresas al oriente de Yucat\u00e1n"}]},{"@type":"WebSite","@id":"https:\/\/reporteroshoy.mx\/noticias\/#website","url":"https:\/\/reporteroshoy.mx\/noticias\/","name":"Reporteros Hoy | Noticias de Yucat\u00e1n","description":"Peri\u00f3dico digital con noticias diarias desde M\u00e9rida, Yucat\u00e1n para el mundo.","potentialAction":[{"@type":"SearchAction","target":{"@type":"EntryPoint","urlTemplate":"https:\/\/reporteroshoy.mx\/noticias\/?s={search_term_string}"},"query-input":{"@type":"PropertyValueSpecification","valueRequired":true,"valueName":"search_term_string"}}],"inLanguage":"es"},{"@type":"Person","@id":"https:\/\/reporteroshoy.mx\/noticias\/#\/schema\/person\/d32189074678a9d41498d4248e29aac3","name":"Reporteros Hoy HY","image":{"@type":"ImageObject","inLanguage":"es","@id":"https:\/\/secure.gravatar.com\/avatar\/c539a82770f256437b35bda44650bb50f5fd4b7017f8b29672ed9f27a43cec47?s=96&d=mm&r=g","url":"https:\/\/secure.gravatar.com\/avatar\/c539a82770f256437b35bda44650bb50f5fd4b7017f8b29672ed9f27a43cec47?s=96&d=mm&r=g","contentUrl":"https:\/\/secure.gravatar.com\/avatar\/c539a82770f256437b35bda44650bb50f5fd4b7017f8b29672ed9f27a43cec47?s=96&d=mm&r=g","caption":"Reporteros Hoy HY"},"url":"https:\/\/reporteroshoy.mx\/noticias\/author\/thelmo\/"}]}},"_links":{"self":[{"href":"https:\/\/reporteroshoy.mx\/noticias\/wp-json\/wp\/v2\/posts\/98950","targetHints":{"allow":["GET"]}}],"collection":[{"href":"https:\/\/reporteroshoy.mx\/noticias\/wp-json\/wp\/v2\/posts"}],"about":[{"href":"https:\/\/reporteroshoy.mx\/noticias\/wp-json\/wp\/v2\/types\/post"}],"author":[{"embeddable":true,"href":"https:\/\/reporteroshoy.mx\/noticias\/wp-json\/wp\/v2\/users\/2"}],"replies":[{"embeddable":true,"href":"https:\/\/reporteroshoy.mx\/noticias\/wp-json\/wp\/v2\/comments?post=98950"}],"version-history":[{"count":0,"href":"https:\/\/reporteroshoy.mx\/noticias\/wp-json\/wp\/v2\/posts\/98950\/revisions"}],"wp:featuredmedia":[{"embeddable":true,"href":"https:\/\/reporteroshoy.mx\/noticias\/wp-json\/wp\/v2\/media\/98952"}],"wp:attachment":[{"href":"https:\/\/reporteroshoy.mx\/noticias\/wp-json\/wp\/v2\/media?parent=98950"}],"wp:term":[{"taxonomy":"category","embeddable":true,"href":"https:\/\/reporteroshoy.mx\/noticias\/wp-json\/wp\/v2\/categories?post=98950"},{"taxonomy":"post_tag","embeddable":true,"href":"https:\/\/reporteroshoy.mx\/noticias\/wp-json\/wp\/v2\/tags?post=98950"}],"curies":[{"name":"wp","href":"https:\/\/api.w.org\/{rel}","templated":true}]}}