{"id":99771,"date":"2023-03-18T16:00:44","date_gmt":"2023-03-18T22:00:44","guid":{"rendered":"https:\/\/reporteroshoy.mx\/noticias\/?p=99771"},"modified":"2023-03-18T16:00:44","modified_gmt":"2023-03-18T22:00:44","slug":"recolectan-una-tonelada-de-chatarra-electronica-en-valladolid","status":"publish","type":"post","link":"https:\/\/reporteroshoy.mx\/noticias\/recolectan-una-tonelada-de-chatarra-electronica-en-valladolid\/","title":{"rendered":"Recolectan una tonelada de chatarra electr\u00f3nica en Valladolid"},"content":{"rendered":"<p style=\"text-align: justify;\"><span style=\"color: #000000;\">Valladolid, Yucat\u00e1n; 18 de marzo de 2023 (ACOM).- Para cuidar el medio ambiente, as\u00ed como\u00a0la salud de las y los vallisoletanos, el Ayuntamiento realiz\u00f3 el tercer Reciclat\u00f3n, as\u00ed como el traslado y disposici\u00f3n final de llantas recolectadas durante las pasadas campa\u00f1as de descacharrizaci\u00f3n.<\/span><\/p>\n<p><img loading=\"lazy\" decoding=\"async\" class=\"wp-image-99774 aligncenter\" src=\"https:\/\/reporteroshoy.mx\/noticias\/wp-content\/uploads\/2023\/03\/reciclaton-valla1-scaled.jpg\" alt=\"\" width=\"651\" height=\"416\" \/><\/p>\n<p style=\"text-align: justify;\"><span style=\"color: #000000;\">Durante el Reciclat\u00f3n fueron recolectados una tonelada de residuos electr\u00f3nicos, entre ellos tel\u00e9fonos, computadoras, electrodom\u00e9sticos, cables, planchas, impresoras y televisores.<\/span><\/p>\n<p style=\"text-align: justify;\"><img loading=\"lazy\" decoding=\"async\" class=\"wp-image-99772 aligncenter\" src=\"https:\/\/reporteroshoy.mx\/noticias\/wp-content\/uploads\/2023\/03\/reciclaton-valla3-scaled.jpg\" alt=\"\" width=\"630\" height=\"473\" srcset=\"https:\/\/reporteroshoy.mx\/noticias\/wp-content\/uploads\/2023\/03\/reciclaton-valla3-scaled.jpg 768w, https:\/\/reporteroshoy.mx\/noticias\/wp-content\/uploads\/2023\/03\/reciclaton-valla3-1536x1152.jpg 1536w\" sizes=\"auto, (max-width: 630px) 100vw, 630px\" \/> <span style=\"color: #000000;\">Al respecto, el jefe del departamento de desarrollo sustentable, Joaqu\u00edn Aguilar, indic\u00f3 que la actividad se lleva a cabo por tercera ocasi\u00f3n en coordinaci\u00f3n con la empresa Relmex, la cual, dijo, se encargada del traslado y disposici\u00f3n final de los residuos.<\/span><\/p>\n<p style=\"text-align: justify;\"><span style=\"color: #000000;\">Con relaci\u00f3n a la disposici\u00f3n final de las llantas que se recolectaron durante las pasadas campa\u00f1as de descacharrizaci\u00f3n, se\u00f1al\u00f3 que la actividad se hizo en coordinaci\u00f3n con la Secretar\u00eda de Desarrollo Sustentable y la empresa Holcim, la cual, explic\u00f3, se encargar\u00e1 de darle el correcto tratamiento y traslado.<span class=\"Apple-converted-space\">\u00a0<\/span><\/span><\/p>\n<p><img loading=\"lazy\" decoding=\"async\" class=\"wp-image-99773 aligncenter\" src=\"https:\/\/reporteroshoy.mx\/noticias\/wp-content\/uploads\/2023\/03\/reciclaton-valla2-scaled.jpg\" alt=\"\" width=\"639\" height=\"479\" \/><\/p>\n<p style=\"text-align: justify;\"><span style=\"color: #000000;\">\u201cPor lo pronto, de las 2,200 llantas existentes, en esta ocasi\u00f3n se llevaron mil\u201d, coment\u00f3, al tiempo en que asegur\u00f3 que se estar\u00e1 programando otro viaje para retirar el faltante.<\/span><\/p>\n<p style=\"text-align: justify;\"><span style=\"color: #000000;\">A\u00f1adi\u00f3 que lo que se est\u00e1 buscando, es valorizar los residuos, incrementar el espacio en el sitio de disposici\u00f3n final y contribuir en la eliminaci\u00f3n de criaderos de moscos.<\/span><\/p>\n","protected":false},"excerpt":{"rendered":"<p>La Sultana de Oriente le mete con todo al reciclaje y en esta ocasi\u00f3n tambi\u00e9n comenz\u00f3 con el traslado y disposici\u00f3n final de m\u00e1s de dos mil llantas.<\/p>\n","protected":false},"author":2,"featured_media":99772,"comment_status":"open","ping_status":"closed","sticky":false,"template":"","format":"standard","meta":{"footnotes":""},"categories":[11],"tags":[23990,11226,8383,139,136],"class_list":["post-99771","post","type-post","status-publish","format-standard","has-post-thumbnail","hentry","category-municipios-de-yucatan","tag-cacharros-electronicos","tag-llantas","tag-reciclaje","tag-valladolid","tag-yucatan-oriente"],"yoast_head":"<!-- This site is optimized with the Yoast SEO plugin v28.4 - https:\/\/yoast.com\/product\/yoast-seo-wordpress\/ -->\n<title>Recolectan una tonelada de chatarra electr\u00f3nica en Valladolid<\/title>\n<meta name=\"description\" content=\"La Sultana de Oriente le mete con todo al reciclaje y en esta ocasi\u00f3n tambi\u00e9n comenz\u00f3 con el traslado y disposici\u00f3n final de m\u00e1s de dos mil llantas.\" \/>\n<meta name=\"robots\" content=\"index, follow, max-snippet:-1, max-image-preview:large, max-video-preview:-1\" \/>\n<link rel=\"canonical\" href=\"https:\/\/reporteroshoy.mx\/noticias\/recolectan-una-tonelada-de-chatarra-electronica-en-valladolid\/\" \/>\n<meta property=\"og:locale\" content=\"es_ES\" \/>\n<meta property=\"og:type\" content=\"article\" \/>\n<meta property=\"og:title\" content=\"Recolectan una tonelada de chatarra electr\u00f3nica en Valladolid\" \/>\n<meta property=\"og:description\" content=\"La Sultana de Oriente le mete con todo al reciclaje y en esta ocasi\u00f3n tambi\u00e9n comenz\u00f3 con el traslado y disposici\u00f3n final de m\u00e1s de dos mil llantas.\" \/>\n<meta property=\"og:url\" content=\"https:\/\/reporteroshoy.mx\/noticias\/recolectan-una-tonelada-de-chatarra-electronica-en-valladolid\/\" \/>\n<meta property=\"og:site_name\" content=\"Reporteros Hoy | Noticias de Yucat\u00e1n\" \/>\n<meta property=\"article:publisher\" content=\"http:\/\/www.facebook.com\/reporteroshoymx\" \/>\n<meta property=\"article:published_time\" content=\"2023-03-18T22:00:44+00:00\" \/>\n<meta property=\"og:image\" content=\"https:\/\/reporteroshoy.mx\/noticias\/wp-content\/uploads\/2023\/03\/reciclaton-valla3-scaled.jpg\" \/>\n\t<meta property=\"og:image:width\" content=\"768\" \/>\n\t<meta property=\"og:image:height\" content=\"576\" \/>\n\t<meta property=\"og:image:type\" content=\"image\/jpeg\" \/>\n<meta name=\"author\" content=\"Reporteros Hoy HY\" \/>\n<meta name=\"twitter:card\" content=\"summary_large_image\" \/>\n<meta name=\"twitter:creator\" content=\"@reporteroshoy\" \/>\n<meta name=\"twitter:site\" content=\"@reporteroshoy\" \/>\n<meta name=\"twitter:label1\" content=\"Escrito por\" \/>\n\t<meta name=\"twitter:data1\" content=\"Reporteros Hoy HY\" \/>\n\t<meta name=\"twitter:label2\" content=\"Tiempo de lectura\" \/>\n\t<meta name=\"twitter:data2\" content=\"2 minutos\" \/>\n<script type=\"application\/ld+json\" class=\"yoast-schema-graph\">{\"@context\":\"https:\\\/\\\/schema.org\",\"@graph\":[{\"@type\":\"Article\",\"@id\":\"https:\\\/\\\/reporteroshoy.mx\\\/noticias\\\/recolectan-una-tonelada-de-chatarra-electronica-en-valladolid\\\/#article\",\"isPartOf\":{\"@id\":\"https:\\\/\\\/reporteroshoy.mx\\\/noticias\\\/recolectan-una-tonelada-de-chatarra-electronica-en-valladolid\\\/\"},\"author\":{\"name\":\"Reporteros Hoy HY\",\"@id\":\"https:\\\/\\\/reporteroshoy.mx\\\/noticias\\\/#\\\/schema\\\/person\\\/d32189074678a9d41498d4248e29aac3\"},\"headline\":\"Recolectan una tonelada de chatarra electr\u00f3nica en Valladolid\",\"datePublished\":\"2023-03-18T22:00:44+00:00\",\"mainEntityOfPage\":{\"@id\":\"https:\\\/\\\/reporteroshoy.mx\\\/noticias\\\/recolectan-una-tonelada-de-chatarra-electronica-en-valladolid\\\/\"},\"wordCount\":243,\"commentCount\":0,\"image\":{\"@id\":\"https:\\\/\\\/reporteroshoy.mx\\\/noticias\\\/recolectan-una-tonelada-de-chatarra-electronica-en-valladolid\\\/#primaryimage\"},\"thumbnailUrl\":\"https:\\\/\\\/reporteroshoy.mx\\\/noticias\\\/wp-content\\\/uploads\\\/2023\\\/03\\\/reciclaton-valla3-scaled.jpg\",\"keywords\":[\"cacharros electr\u00f3nicos\",\"llantas\",\"reciclaje\",\"Valladolid\",\"Yucat\u00e1n Oriente\"],\"articleSection\":[\"Municipios\"],\"inLanguage\":\"es\",\"potentialAction\":[{\"@type\":\"CommentAction\",\"name\":\"Comment\",\"target\":[\"https:\\\/\\\/reporteroshoy.mx\\\/noticias\\\/recolectan-una-tonelada-de-chatarra-electronica-en-valladolid\\\/#respond\"]}]},{\"@type\":\"WebPage\",\"@id\":\"https:\\\/\\\/reporteroshoy.mx\\\/noticias\\\/recolectan-una-tonelada-de-chatarra-electronica-en-valladolid\\\/\",\"url\":\"https:\\\/\\\/reporteroshoy.mx\\\/noticias\\\/recolectan-una-tonelada-de-chatarra-electronica-en-valladolid\\\/\",\"name\":\"Recolectan una tonelada de chatarra electr\u00f3nica en Valladolid\",\"isPartOf\":{\"@id\":\"https:\\\/\\\/reporteroshoy.mx\\\/noticias\\\/#website\"},\"primaryImageOfPage\":{\"@id\":\"https:\\\/\\\/reporteroshoy.mx\\\/noticias\\\/recolectan-una-tonelada-de-chatarra-electronica-en-valladolid\\\/#primaryimage\"},\"image\":{\"@id\":\"https:\\\/\\\/reporteroshoy.mx\\\/noticias\\\/recolectan-una-tonelada-de-chatarra-electronica-en-valladolid\\\/#primaryimage\"},\"thumbnailUrl\":\"https:\\\/\\\/reporteroshoy.mx\\\/noticias\\\/wp-content\\\/uploads\\\/2023\\\/03\\\/reciclaton-valla3-scaled.jpg\",\"datePublished\":\"2023-03-18T22:00:44+00:00\",\"author\":{\"@id\":\"https:\\\/\\\/reporteroshoy.mx\\\/noticias\\\/#\\\/schema\\\/person\\\/d32189074678a9d41498d4248e29aac3\"},\"description\":\"La Sultana de Oriente le mete con todo al reciclaje y en esta ocasi\u00f3n tambi\u00e9n comenz\u00f3 con el traslado y disposici\u00f3n final de m\u00e1s de dos mil llantas.\",\"breadcrumb\":{\"@id\":\"https:\\\/\\\/reporteroshoy.mx\\\/noticias\\\/recolectan-una-tonelada-de-chatarra-electronica-en-valladolid\\\/#breadcrumb\"},\"inLanguage\":\"es\",\"potentialAction\":[{\"@type\":\"ReadAction\",\"target\":[\"https:\\\/\\\/reporteroshoy.mx\\\/noticias\\\/recolectan-una-tonelada-de-chatarra-electronica-en-valladolid\\\/\"]}]},{\"@type\":\"ImageObject\",\"inLanguage\":\"es\",\"@id\":\"https:\\\/\\\/reporteroshoy.mx\\\/noticias\\\/recolectan-una-tonelada-de-chatarra-electronica-en-valladolid\\\/#primaryimage\",\"url\":\"https:\\\/\\\/reporteroshoy.mx\\\/noticias\\\/wp-content\\\/uploads\\\/2023\\\/03\\\/reciclaton-valla3-scaled.jpg\",\"contentUrl\":\"https:\\\/\\\/reporteroshoy.mx\\\/noticias\\\/wp-content\\\/uploads\\\/2023\\\/03\\\/reciclaton-valla3-scaled.jpg\",\"width\":768,\"height\":576},{\"@type\":\"BreadcrumbList\",\"@id\":\"https:\\\/\\\/reporteroshoy.mx\\\/noticias\\\/recolectan-una-tonelada-de-chatarra-electronica-en-valladolid\\\/#breadcrumb\",\"itemListElement\":[{\"@type\":\"ListItem\",\"position\":1,\"name\":\"Portada\",\"item\":\"https:\\\/\\\/reporteroshoy.mx\\\/noticias\\\/\"},{\"@type\":\"ListItem\",\"position\":2,\"name\":\"Recolectan una tonelada de chatarra electr\u00f3nica en Valladolid\"}]},{\"@type\":\"WebSite\",\"@id\":\"https:\\\/\\\/reporteroshoy.mx\\\/noticias\\\/#website\",\"url\":\"https:\\\/\\\/reporteroshoy.mx\\\/noticias\\\/\",\"name\":\"Reporteros Hoy | Noticias de Yucat\u00e1n\",\"description\":\"Peri\u00f3dico digital con noticias diarias desde M\u00e9rida, Yucat\u00e1n para el mundo.\",\"potentialAction\":[{\"@type\":\"SearchAction\",\"target\":{\"@type\":\"EntryPoint\",\"urlTemplate\":\"https:\\\/\\\/reporteroshoy.mx\\\/noticias\\\/?s={search_term_string}\"},\"query-input\":{\"@type\":\"PropertyValueSpecification\",\"valueRequired\":true,\"valueName\":\"search_term_string\"}}],\"inLanguage\":\"es\"},{\"@type\":\"Person\",\"@id\":\"https:\\\/\\\/reporteroshoy.mx\\\/noticias\\\/#\\\/schema\\\/person\\\/d32189074678a9d41498d4248e29aac3\",\"name\":\"Reporteros Hoy HY\",\"image\":{\"@type\":\"ImageObject\",\"inLanguage\":\"es\",\"@id\":\"https:\\\/\\\/secure.gravatar.com\\\/avatar\\\/c539a82770f256437b35bda44650bb50f5fd4b7017f8b29672ed9f27a43cec47?s=96&d=mm&r=g\",\"url\":\"https:\\\/\\\/secure.gravatar.com\\\/avatar\\\/c539a82770f256437b35bda44650bb50f5fd4b7017f8b29672ed9f27a43cec47?s=96&d=mm&r=g\",\"contentUrl\":\"https:\\\/\\\/secure.gravatar.com\\\/avatar\\\/c539a82770f256437b35bda44650bb50f5fd4b7017f8b29672ed9f27a43cec47?s=96&d=mm&r=g\",\"caption\":\"Reporteros Hoy HY\"},\"url\":\"https:\\\/\\\/reporteroshoy.mx\\\/noticias\\\/author\\\/thelmo\\\/\"}]}<\/script>\n<!-- \/ Yoast SEO plugin. -->","yoast_head_json":{"title":"Recolectan una tonelada de chatarra electr\u00f3nica en Valladolid","description":"La Sultana de Oriente le mete con todo al reciclaje y en esta ocasi\u00f3n tambi\u00e9n comenz\u00f3 con el traslado y disposici\u00f3n final de m\u00e1s de dos mil llantas.","robots":{"index":"index","follow":"follow","max-snippet":"max-snippet:-1","max-image-preview":"max-image-preview:large","max-video-preview":"max-video-preview:-1"},"canonical":"https:\/\/reporteroshoy.mx\/noticias\/recolectan-una-tonelada-de-chatarra-electronica-en-valladolid\/","og_locale":"es_ES","og_type":"article","og_title":"Recolectan una tonelada de chatarra electr\u00f3nica en Valladolid","og_description":"La Sultana de Oriente le mete con todo al reciclaje y en esta ocasi\u00f3n tambi\u00e9n comenz\u00f3 con el traslado y disposici\u00f3n final de m\u00e1s de dos mil llantas.","og_url":"https:\/\/reporteroshoy.mx\/noticias\/recolectan-una-tonelada-de-chatarra-electronica-en-valladolid\/","og_site_name":"Reporteros Hoy | Noticias de Yucat\u00e1n","article_publisher":"http:\/\/www.facebook.com\/reporteroshoymx","article_published_time":"2023-03-18T22:00:44+00:00","og_image":[{"width":768,"height":576,"url":"https:\/\/reporteroshoy.mx\/noticias\/wp-content\/uploads\/2023\/03\/reciclaton-valla3-scaled.jpg","type":"image\/jpeg"}],"author":"Reporteros Hoy HY","twitter_card":"summary_large_image","twitter_creator":"@reporteroshoy","twitter_site":"@reporteroshoy","twitter_misc":{"Escrito por":"Reporteros Hoy HY","Tiempo de lectura":"2 minutos"},"schema":{"@context":"https:\/\/schema.org","@graph":[{"@type":"Article","@id":"https:\/\/reporteroshoy.mx\/noticias\/recolectan-una-tonelada-de-chatarra-electronica-en-valladolid\/#article","isPartOf":{"@id":"https:\/\/reporteroshoy.mx\/noticias\/recolectan-una-tonelada-de-chatarra-electronica-en-valladolid\/"},"author":{"name":"Reporteros Hoy HY","@id":"https:\/\/reporteroshoy.mx\/noticias\/#\/schema\/person\/d32189074678a9d41498d4248e29aac3"},"headline":"Recolectan una tonelada de chatarra electr\u00f3nica en Valladolid","datePublished":"2023-03-18T22:00:44+00:00","mainEntityOfPage":{"@id":"https:\/\/reporteroshoy.mx\/noticias\/recolectan-una-tonelada-de-chatarra-electronica-en-valladolid\/"},"wordCount":243,"commentCount":0,"image":{"@id":"https:\/\/reporteroshoy.mx\/noticias\/recolectan-una-tonelada-de-chatarra-electronica-en-valladolid\/#primaryimage"},"thumbnailUrl":"https:\/\/reporteroshoy.mx\/noticias\/wp-content\/uploads\/2023\/03\/reciclaton-valla3-scaled.jpg","keywords":["cacharros electr\u00f3nicos","llantas","reciclaje","Valladolid","Yucat\u00e1n Oriente"],"articleSection":["Municipios"],"inLanguage":"es","potentialAction":[{"@type":"CommentAction","name":"Comment","target":["https:\/\/reporteroshoy.mx\/noticias\/recolectan-una-tonelada-de-chatarra-electronica-en-valladolid\/#respond"]}]},{"@type":"WebPage","@id":"https:\/\/reporteroshoy.mx\/noticias\/recolectan-una-tonelada-de-chatarra-electronica-en-valladolid\/","url":"https:\/\/reporteroshoy.mx\/noticias\/recolectan-una-tonelada-de-chatarra-electronica-en-valladolid\/","name":"Recolectan una tonelada de chatarra electr\u00f3nica en Valladolid","isPartOf":{"@id":"https:\/\/reporteroshoy.mx\/noticias\/#website"},"primaryImageOfPage":{"@id":"https:\/\/reporteroshoy.mx\/noticias\/recolectan-una-tonelada-de-chatarra-electronica-en-valladolid\/#primaryimage"},"image":{"@id":"https:\/\/reporteroshoy.mx\/noticias\/recolectan-una-tonelada-de-chatarra-electronica-en-valladolid\/#primaryimage"},"thumbnailUrl":"https:\/\/reporteroshoy.mx\/noticias\/wp-content\/uploads\/2023\/03\/reciclaton-valla3-scaled.jpg","datePublished":"2023-03-18T22:00:44+00:00","author":{"@id":"https:\/\/reporteroshoy.mx\/noticias\/#\/schema\/person\/d32189074678a9d41498d4248e29aac3"},"description":"La Sultana de Oriente le mete con todo al reciclaje y en esta ocasi\u00f3n tambi\u00e9n comenz\u00f3 con el traslado y disposici\u00f3n final de m\u00e1s de dos mil llantas.","breadcrumb":{"@id":"https:\/\/reporteroshoy.mx\/noticias\/recolectan-una-tonelada-de-chatarra-electronica-en-valladolid\/#breadcrumb"},"inLanguage":"es","potentialAction":[{"@type":"ReadAction","target":["https:\/\/reporteroshoy.mx\/noticias\/recolectan-una-tonelada-de-chatarra-electronica-en-valladolid\/"]}]},{"@type":"ImageObject","inLanguage":"es","@id":"https:\/\/reporteroshoy.mx\/noticias\/recolectan-una-tonelada-de-chatarra-electronica-en-valladolid\/#primaryimage","url":"https:\/\/reporteroshoy.mx\/noticias\/wp-content\/uploads\/2023\/03\/reciclaton-valla3-scaled.jpg","contentUrl":"https:\/\/reporteroshoy.mx\/noticias\/wp-content\/uploads\/2023\/03\/reciclaton-valla3-scaled.jpg","width":768,"height":576},{"@type":"BreadcrumbList","@id":"https:\/\/reporteroshoy.mx\/noticias\/recolectan-una-tonelada-de-chatarra-electronica-en-valladolid\/#breadcrumb","itemListElement":[{"@type":"ListItem","position":1,"name":"Portada","item":"https:\/\/reporteroshoy.mx\/noticias\/"},{"@type":"ListItem","position":2,"name":"Recolectan una tonelada de chatarra electr\u00f3nica en Valladolid"}]},{"@type":"WebSite","@id":"https:\/\/reporteroshoy.mx\/noticias\/#website","url":"https:\/\/reporteroshoy.mx\/noticias\/","name":"Reporteros Hoy | Noticias de Yucat\u00e1n","description":"Peri\u00f3dico digital con noticias diarias desde M\u00e9rida, Yucat\u00e1n para el mundo.","potentialAction":[{"@type":"SearchAction","target":{"@type":"EntryPoint","urlTemplate":"https:\/\/reporteroshoy.mx\/noticias\/?s={search_term_string}"},"query-input":{"@type":"PropertyValueSpecification","valueRequired":true,"valueName":"search_term_string"}}],"inLanguage":"es"},{"@type":"Person","@id":"https:\/\/reporteroshoy.mx\/noticias\/#\/schema\/person\/d32189074678a9d41498d4248e29aac3","name":"Reporteros Hoy HY","image":{"@type":"ImageObject","inLanguage":"es","@id":"https:\/\/secure.gravatar.com\/avatar\/c539a82770f256437b35bda44650bb50f5fd4b7017f8b29672ed9f27a43cec47?s=96&d=mm&r=g","url":"https:\/\/secure.gravatar.com\/avatar\/c539a82770f256437b35bda44650bb50f5fd4b7017f8b29672ed9f27a43cec47?s=96&d=mm&r=g","contentUrl":"https:\/\/secure.gravatar.com\/avatar\/c539a82770f256437b35bda44650bb50f5fd4b7017f8b29672ed9f27a43cec47?s=96&d=mm&r=g","caption":"Reporteros Hoy HY"},"url":"https:\/\/reporteroshoy.mx\/noticias\/author\/thelmo\/"}]}},"_links":{"self":[{"href":"https:\/\/reporteroshoy.mx\/noticias\/wp-json\/wp\/v2\/posts\/99771","targetHints":{"allow":["GET"]}}],"collection":[{"href":"https:\/\/reporteroshoy.mx\/noticias\/wp-json\/wp\/v2\/posts"}],"about":[{"href":"https:\/\/reporteroshoy.mx\/noticias\/wp-json\/wp\/v2\/types\/post"}],"author":[{"embeddable":true,"href":"https:\/\/reporteroshoy.mx\/noticias\/wp-json\/wp\/v2\/users\/2"}],"replies":[{"embeddable":true,"href":"https:\/\/reporteroshoy.mx\/noticias\/wp-json\/wp\/v2\/comments?post=99771"}],"version-history":[{"count":0,"href":"https:\/\/reporteroshoy.mx\/noticias\/wp-json\/wp\/v2\/posts\/99771\/revisions"}],"wp:featuredmedia":[{"embeddable":true,"href":"https:\/\/reporteroshoy.mx\/noticias\/wp-json\/wp\/v2\/media\/99772"}],"wp:attachment":[{"href":"https:\/\/reporteroshoy.mx\/noticias\/wp-json\/wp\/v2\/media?parent=99771"}],"wp:term":[{"taxonomy":"category","embeddable":true,"href":"https:\/\/reporteroshoy.mx\/noticias\/wp-json\/wp\/v2\/categories?post=99771"},{"taxonomy":"post_tag","embeddable":true,"href":"https:\/\/reporteroshoy.mx\/noticias\/wp-json\/wp\/v2\/tags?post=99771"}],"curies":[{"name":"wp","href":"https:\/\/api.w.org\/{rel}","templated":true}]}}