{"id":99877,"date":"2023-03-21T15:07:34","date_gmt":"2023-03-21T21:07:34","guid":{"rendered":"https:\/\/reporteroshoy.mx\/noticias\/?p=99877"},"modified":"2023-03-21T15:07:34","modified_gmt":"2023-03-21T21:07:34","slug":"instalan-comision-de-postulacion-a-la-excelencia-docente-de-yucatan","status":"publish","type":"post","link":"https:\/\/reporteroshoy.mx\/noticias\/instalan-comision-de-postulacion-a-la-excelencia-docente-de-yucatan\/","title":{"rendered":"Instalan comisi\u00f3n de postulaci\u00f3n \u201cA la Excelencia Docente de Yucat\u00e1n\u201d"},"content":{"rendered":"<p class=\"elementToProof\" style=\"text-align: justify;\"><span class=\"ContentPasted0 elementToProof\">M\u00e9rida, Yucat\u00e1n; 21 de marzo de 2023.- Iniciando con las actividades legislativas del Congreso del Estado, se llev\u00f3 a cabo la Instalaci\u00f3n de la Comisi\u00f3n de Postulaci\u00f3n \u201cA la Excelencia Docente del Estado de Yucat\u00e1n\u201d, integrada por los diputados y las diputadas Crescencio Guti\u00e9rrez Gonz\u00e1lez (presidente), Rub\u00ed Be Chan (vicepresidenta), Luis Fern\u00e1ndez Vidal (secretario), Karla Franco Blanco (secretaria) y Melba Gamboa \u00c1vila (vocal).<\/span><\/p>\n<p class=\"elementToProof\" style=\"text-align: justify;\">Luego de la instalaci\u00f3n, los diputados aprobaron la convocatoria que contiene las bases para designar al galardonado del m\u00e9rito.<\/p>\n<p class=\"elementToProof\" style=\"text-align: justify;\">La convocatoria invita a los poderes del estado, a las organizaciones b\u00e1sicas, medias y superiores de educaci\u00f3n; asociaciones y dem\u00e1s instituciones de educaci\u00f3n, a presentar propuestas de candidatas y candidatos al reconocimiento; por haberse destacado en el \u00e1mbito de la docencia por sus acciones, servicios o trayectoria ejemplar, sobresaliente o de impulso al desarrollo de la educaci\u00f3n en el estado que se encuentren en activo. La publicaci\u00f3n de la convocatoria se realizar\u00e1 posterior a su aprobaci\u00f3n ante el Pleno del Poder Legislativo.<\/p>\n<p class=\"elementToProof\" style=\"text-align: justify;\">Este reconocimiento se entregar\u00e1 en Sesi\u00f3n Solemne en mayo, en el marco de la conmemoraci\u00f3n del D\u00eda del Maestro.<\/p>\n<p><img loading=\"lazy\" decoding=\"async\" class=\"wp-image-99878 aligncenter\" src=\"https:\/\/reporteroshoy.mx\/noticias\/wp-content\/uploads\/2023\/03\/Congreso-1-scaled.jpg\" alt=\"\" width=\"600\" height=\"338\" \/><\/p>\n<p class=\"elementToProof\" style=\"text-align: justify;\"><strong class=\"ContentPasted0\">Comisi\u00f3n de Vigilancia de la Cuenta P\u00fablica, Transparencia y Anticorrupci\u00f3n<\/strong><br class=\"ContentPasted0\" \/><br class=\"ContentPasted0\" \/><span class=\"ContentPasted0\">Los diputados aprobaron por unanimidad el proyecto de dictamen que contiene la Segunda Entrega de 103 informes individuales correspondientes a 45 entidades y 58 municipios y paramunicipales, y un informe ejecutivo de los mismos, correspondientes a la revisi\u00f3n y fiscalizaci\u00f3n de la cuenta p\u00fablica 2021.<\/span><\/p>\n<p class=\"elementToProof\" style=\"text-align: justify;\">Las 45 entidades entre poderes y organismos descentralizados, de participaci\u00f3n estatal, fideicomisos y aut\u00f3nomos son los siguientes: Fideicomiso de Administraci\u00f3n e Inversi\u00f3n para la Promoci\u00f3n y Fomento al Desarrollo Tur\u00edstico y Econ\u00f3mico; Fideicomiso del Desarrollo P\u00fablico del Turismo de Reuniones de Yucat\u00e1n; Fideicomiso para la Reserva Territorial de Uc\u00fa; Fiscal\u00eda Especializada en Combate a la Corrupci\u00f3n; Fiscal\u00eda General del Estado; Congreso del Estado de Yucat\u00e1n; Instituto de Capacitaci\u00f3n para el Trabajo; Instituto de Infraestructura del Estado; Instituto de Movilidad y Desarrollo Urbano Territorial; Programa de Apoyo al Gasto Familiar en el Transporte P\u00fablico; Instituto de Seguridad de los Trabajadores del Estado; Instituto de Vivienda del Estado; Instituto para el Desarrollo y Certificaci\u00f3n de la Infraestructura F\u00edsica, Educativa y El\u00e9ctrica del Estado; Instituto para la Construcci\u00f3n y Conservaci\u00f3n de la Obra P\u00fablica en Yucat\u00e1n; Junta de Agua Potable y Alcantarillado; y Patronato de Unidades Culturales y Tur\u00edsticas.<\/p>\n<p class=\"elementToProof\" style=\"text-align: justify;\">Las secretar\u00edas de Administraci\u00f3n y Finanzas, de Desarrollo Rural del Programa Peso a Peso y sus programas de Apoyo Directo al Desarrollo Rural y Seguridad Alimentaria; de la Secretar\u00eda de Desarrollo Social; del Programa Impulso Escolar; M\u00e9dico a Domicilio; Programa Microyuc Productivo; Microyuc Social y Programa Emergente de Apoyo Comunitario.<\/p>\n<p class=\"elementToProof\" style=\"text-align: justify;\">Las secretarias de Desarrollo Sustentable, de Educaci\u00f3n y de Fomento Tur\u00edstico.<\/p>\n<p class=\"elementToProof\" style=\"text-align: justify;\">De la secretaria de Investigaci\u00f3n, Innovaci\u00f3n y Educaci\u00f3n Superior y sus programas de Becas de Educaci\u00f3n Superior para Hijos de Polic\u00edas, Fortalecimiento de la Ense\u00f1anza del \u00c1rea de Energ\u00eda, Programa de Apoyo Econ\u00f3mico para Operaci\u00f3n del Parque Cient\u00edfico y Tecnol\u00f3gico de Yucat\u00e1n.<\/p>\n<p class=\"elementToProof\" style=\"text-align: justify;\">De la secretaria de la Cultura y las Artes y su programa Donativos Econ\u00f3micos a Museos de la Ciudad de M\u00e9rida regido por organizaciones de la sociedad civil.<\/p>\n<p class=\"elementToProof\" style=\"text-align: justify;\">La Secretar\u00eda de las Mujeres, Secretar\u00eda de Pesca y Acuacultura Sustentables y su programa Respeto a la Veda de Mero. Tambi\u00e9n de la Secretar\u00eda de Seguridad P\u00fablica, Secretar\u00eda General de Gobierno, Servicios de Salud de Yucat\u00e1n, Sistema para el Desarrollo Integral de la Familia DIF y Tribunal de Justicia Administrativa.<\/p>\n<p class=\"elementToProof\" style=\"text-align: justify;\">Municipios: Abala, Baca, Buctzotz, Chacsink\u00edn, Chankom, Chemax, Chichimila, Chikindzonot, Chochol\u00e1, Cuncunul, Dzidzant\u00fan, Dzilam de Bravo, Dzoncauich, Hoct\u00fan, Huh\u00ed, Hunucm\u00e1, Izamal, Kantunil, Kaua, Kopom\u00e1, Merida, Motul, Opich\u00e9n, Progreso, Sacalum, Samahil, Sanahcat, Santa Elena, Seye, Sotuta, Sucila, Suma, Tahdziu, Tekal de Venegas, Tekax, Tekit, Tekom, Temax, Tetiz, Timucuy, Tixpehual, Tunkas, Tzucacab, Valladolid, Yaxkukul, Junta Intermunicipal, Biocultural del Puuc, Sistema de Agua Potable y Alcantarillado de Progreso, de Sucil\u00e1, Sistema Individual del Retiro y Jubilaci\u00f3n Municipal.<\/p>\n<p><img loading=\"lazy\" decoding=\"async\" class=\"wp-image-99879 aligncenter\" src=\"https:\/\/reporteroshoy.mx\/noticias\/wp-content\/uploads\/2023\/03\/Congreso1-scaled.jpg\" alt=\"\" width=\"604\" height=\"340\" \/><\/p>\n<p class=\"elementToProof\" style=\"text-align: justify;\"><strong class=\"ContentPasted0\">Comisi\u00f3n de Salud y Seguridad Social<\/strong><br class=\"ContentPasted0\" \/><br class=\"ContentPasted0\" \/><span class=\"ContentPasted0\">En la comisi\u00f3n se distribuyeron diversas iniciativas para reformar el Tercer y Cuarto p\u00e1rrafo del art\u00edculo 32 de la Ley de los Trabajadores al Servicio del Estado y Municipios de Yucat\u00e1n, en materia de licencia de paternidad; as\u00ed como, reformas al art\u00edculo a la Ley de Salud Mental del Estado de Yucat\u00e1n, en materia de presupuesto para el Instituto de Salud Mental del Estado de Yucat\u00e1n.<\/span><\/p>\n<p class=\"elementToProof\" style=\"text-align: justify;\">Otra que reforma diversas disposiciones de la Ley para la Donaci\u00f3n y Trasplantes de \u00d3rganos, Tejidos y C\u00e9lulas en el Estado de Yucat\u00e1n y, por \u00faltimo, la iniciativa para reformar y adicionar diversas disposiciones de la Ley de Salud del Estado de Yucat\u00e1n, en materia de parteras tradicionales.<\/p>\n<p class=\"elementToProof\" style=\"text-align: justify;\">Al hacer uso de la palabra, la diputada Karla Franco Blanco (PRI) solicit\u00f3 a la comisi\u00f3n continuar con el an\u00e1lisis de la iniciativa que present\u00f3 en materia de reconstrucci\u00f3n mamaria, \u201ccreo que, en el marco del D\u00eda Internacional de la Mujer, vale la pena seguir encausando estos temas de salud de la mujer\u201d.<\/p>\n<p class=\"elementToProof\" style=\"text-align: justify;\">Por \u00faltimo, sesiono la comisi\u00f3n de Desarrollo Urbano, Vivienda e Infraestructura, donde se distribuy\u00f3 a los diputados integrantes la iniciativa para reformar la Ley de Movilidad y Seguridad Vial del Estado de Yucat\u00e1n, en materia de seguridad e inclusi\u00f3n en el transporte p\u00fablico.<\/p>\n<p class=\"elementToProof\" style=\"text-align: justify;\">As\u00ed como, la iniciativa para adicionar dos p\u00e1rrafos al Art\u00edculo 109 de la Ley de Movilidad y Seguridad Vial del Estado de Yucat\u00e1n, en materia de tarifa social en el transporte p\u00fablico de pasajeros.<\/p>\n<p class=\"elementToProof\" style=\"text-align: justify;\"><span class=\"ContentPasted0\">En asuntos generales, el diputado Rafael Echazarreta Torres manifest\u00f3 que, junto con sus compa\u00f1eras diputadas de Morena, realizaron una iniciativa respecto al crecimiento del Estado, para preservar las \u00e1reas protegidas que est\u00e1n dentro del territorio, as\u00ed como realizar parlamentos abiertos para que se expongan los planteamientos y se propicie una vinculaci\u00f3n entre todos.<\/span><\/p>\n","protected":false},"excerpt":{"rendered":"<p>La convocatoria invita a presentar propuestas de candidatas y candidatos al reconocimiento.<\/p>\n","protected":false},"author":9,"featured_media":99878,"comment_status":"open","ping_status":"closed","sticky":false,"template":"","format":"standard","meta":{"footnotes":""},"categories":[7],"tags":[3799,321],"class_list":["post-99877","post","type-post","status-publish","format-standard","has-post-thumbnail","hentry","category-gobierno","tag-comisiones","tag-congreso-de-yucatan"],"yoast_head":"<!-- This site is optimized with the Yoast SEO plugin v28.3 - https:\/\/yoast.com\/product\/yoast-seo-wordpress\/ -->\n<title>Instalan comisi\u00f3n de postulaci\u00f3n \u201cA la Excelencia Docente de Yucat\u00e1n\u201d<\/title>\n<meta name=\"description\" content=\"La convocatoria invita a presentar propuestas de candidatas y candidatos al reconocimiento.\" \/>\n<meta name=\"robots\" content=\"index, follow, max-snippet:-1, max-image-preview:large, max-video-preview:-1\" \/>\n<link rel=\"canonical\" href=\"https:\/\/reporteroshoy.mx\/noticias\/instalan-comision-de-postulacion-a-la-excelencia-docente-de-yucatan\/\" \/>\n<meta property=\"og:locale\" content=\"es_ES\" \/>\n<meta property=\"og:type\" content=\"article\" \/>\n<meta property=\"og:title\" content=\"Instalan comisi\u00f3n de postulaci\u00f3n \u201cA la Excelencia Docente de Yucat\u00e1n\u201d\" \/>\n<meta property=\"og:description\" content=\"La convocatoria invita a presentar propuestas de candidatas y candidatos al reconocimiento.\" \/>\n<meta property=\"og:url\" content=\"https:\/\/reporteroshoy.mx\/noticias\/instalan-comision-de-postulacion-a-la-excelencia-docente-de-yucatan\/\" \/>\n<meta property=\"og:site_name\" content=\"Reporteros Hoy | Noticias de Yucat\u00e1n\" \/>\n<meta property=\"article:publisher\" content=\"http:\/\/www.facebook.com\/reporteroshoymx\" \/>\n<meta property=\"article:published_time\" content=\"2023-03-21T21:07:34+00:00\" \/>\n<meta property=\"og:image\" content=\"https:\/\/reporteroshoy.mx\/noticias\/wp-content\/uploads\/2023\/03\/Congreso-1-scaled.jpg\" \/>\n\t<meta property=\"og:image:width\" content=\"768\" \/>\n\t<meta property=\"og:image:height\" content=\"432\" \/>\n\t<meta property=\"og:image:type\" content=\"image\/jpeg\" \/>\n<meta name=\"author\" content=\"Reporteros Hoy WP\" \/>\n<meta name=\"twitter:card\" content=\"summary_large_image\" \/>\n<meta name=\"twitter:creator\" content=\"@reporteroshoy\" \/>\n<meta name=\"twitter:site\" content=\"@reporteroshoy\" \/>\n<meta name=\"twitter:label1\" content=\"Escrito por\" \/>\n\t<meta name=\"twitter:data1\" content=\"Reporteros Hoy WP\" \/>\n\t<meta name=\"twitter:label2\" content=\"Tiempo de lectura\" \/>\n\t<meta name=\"twitter:data2\" content=\"5 minutos\" \/>\n<script type=\"application\/ld+json\" class=\"yoast-schema-graph\">{\"@context\":\"https:\\\/\\\/schema.org\",\"@graph\":[{\"@type\":\"Article\",\"@id\":\"https:\\\/\\\/reporteroshoy.mx\\\/noticias\\\/instalan-comision-de-postulacion-a-la-excelencia-docente-de-yucatan\\\/#article\",\"isPartOf\":{\"@id\":\"https:\\\/\\\/reporteroshoy.mx\\\/noticias\\\/instalan-comision-de-postulacion-a-la-excelencia-docente-de-yucatan\\\/\"},\"author\":{\"name\":\"Reporteros Hoy WP\",\"@id\":\"https:\\\/\\\/reporteroshoy.mx\\\/noticias\\\/#\\\/schema\\\/person\\\/c977527e57c958a62c5cefe8fe47876e\"},\"headline\":\"Instalan comisi\u00f3n de postulaci\u00f3n \u201cA la Excelencia Docente de Yucat\u00e1n\u201d\",\"datePublished\":\"2023-03-21T21:07:34+00:00\",\"mainEntityOfPage\":{\"@id\":\"https:\\\/\\\/reporteroshoy.mx\\\/noticias\\\/instalan-comision-de-postulacion-a-la-excelencia-docente-de-yucatan\\\/\"},\"wordCount\":1055,\"commentCount\":0,\"image\":{\"@id\":\"https:\\\/\\\/reporteroshoy.mx\\\/noticias\\\/instalan-comision-de-postulacion-a-la-excelencia-docente-de-yucatan\\\/#primaryimage\"},\"thumbnailUrl\":\"https:\\\/\\\/reporteroshoy.mx\\\/noticias\\\/wp-content\\\/uploads\\\/2023\\\/03\\\/Congreso-1-scaled.jpg\",\"keywords\":[\"Comisiones\",\"congreso de yucat\u00e1n\"],\"articleSection\":[\"Gobierno\"],\"inLanguage\":\"es\",\"potentialAction\":[{\"@type\":\"CommentAction\",\"name\":\"Comment\",\"target\":[\"https:\\\/\\\/reporteroshoy.mx\\\/noticias\\\/instalan-comision-de-postulacion-a-la-excelencia-docente-de-yucatan\\\/#respond\"]}]},{\"@type\":\"WebPage\",\"@id\":\"https:\\\/\\\/reporteroshoy.mx\\\/noticias\\\/instalan-comision-de-postulacion-a-la-excelencia-docente-de-yucatan\\\/\",\"url\":\"https:\\\/\\\/reporteroshoy.mx\\\/noticias\\\/instalan-comision-de-postulacion-a-la-excelencia-docente-de-yucatan\\\/\",\"name\":\"Instalan comisi\u00f3n de postulaci\u00f3n \u201cA la Excelencia Docente de Yucat\u00e1n\u201d\",\"isPartOf\":{\"@id\":\"https:\\\/\\\/reporteroshoy.mx\\\/noticias\\\/#website\"},\"primaryImageOfPage\":{\"@id\":\"https:\\\/\\\/reporteroshoy.mx\\\/noticias\\\/instalan-comision-de-postulacion-a-la-excelencia-docente-de-yucatan\\\/#primaryimage\"},\"image\":{\"@id\":\"https:\\\/\\\/reporteroshoy.mx\\\/noticias\\\/instalan-comision-de-postulacion-a-la-excelencia-docente-de-yucatan\\\/#primaryimage\"},\"thumbnailUrl\":\"https:\\\/\\\/reporteroshoy.mx\\\/noticias\\\/wp-content\\\/uploads\\\/2023\\\/03\\\/Congreso-1-scaled.jpg\",\"datePublished\":\"2023-03-21T21:07:34+00:00\",\"author\":{\"@id\":\"https:\\\/\\\/reporteroshoy.mx\\\/noticias\\\/#\\\/schema\\\/person\\\/c977527e57c958a62c5cefe8fe47876e\"},\"description\":\"La convocatoria invita a presentar propuestas de candidatas y candidatos al reconocimiento.\",\"breadcrumb\":{\"@id\":\"https:\\\/\\\/reporteroshoy.mx\\\/noticias\\\/instalan-comision-de-postulacion-a-la-excelencia-docente-de-yucatan\\\/#breadcrumb\"},\"inLanguage\":\"es\",\"potentialAction\":[{\"@type\":\"ReadAction\",\"target\":[\"https:\\\/\\\/reporteroshoy.mx\\\/noticias\\\/instalan-comision-de-postulacion-a-la-excelencia-docente-de-yucatan\\\/\"]}]},{\"@type\":\"ImageObject\",\"inLanguage\":\"es\",\"@id\":\"https:\\\/\\\/reporteroshoy.mx\\\/noticias\\\/instalan-comision-de-postulacion-a-la-excelencia-docente-de-yucatan\\\/#primaryimage\",\"url\":\"https:\\\/\\\/reporteroshoy.mx\\\/noticias\\\/wp-content\\\/uploads\\\/2023\\\/03\\\/Congreso-1-scaled.jpg\",\"contentUrl\":\"https:\\\/\\\/reporteroshoy.mx\\\/noticias\\\/wp-content\\\/uploads\\\/2023\\\/03\\\/Congreso-1-scaled.jpg\",\"width\":768,\"height\":432},{\"@type\":\"BreadcrumbList\",\"@id\":\"https:\\\/\\\/reporteroshoy.mx\\\/noticias\\\/instalan-comision-de-postulacion-a-la-excelencia-docente-de-yucatan\\\/#breadcrumb\",\"itemListElement\":[{\"@type\":\"ListItem\",\"position\":1,\"name\":\"Portada\",\"item\":\"https:\\\/\\\/reporteroshoy.mx\\\/noticias\\\/\"},{\"@type\":\"ListItem\",\"position\":2,\"name\":\"Instalan comisi\u00f3n de postulaci\u00f3n \u201cA la Excelencia Docente de Yucat\u00e1n\u201d\"}]},{\"@type\":\"WebSite\",\"@id\":\"https:\\\/\\\/reporteroshoy.mx\\\/noticias\\\/#website\",\"url\":\"https:\\\/\\\/reporteroshoy.mx\\\/noticias\\\/\",\"name\":\"Reporteros Hoy | Noticias de Yucat\u00e1n\",\"description\":\"Peri\u00f3dico digital con noticias diarias desde M\u00e9rida, Yucat\u00e1n para el mundo.\",\"potentialAction\":[{\"@type\":\"SearchAction\",\"target\":{\"@type\":\"EntryPoint\",\"urlTemplate\":\"https:\\\/\\\/reporteroshoy.mx\\\/noticias\\\/?s={search_term_string}\"},\"query-input\":{\"@type\":\"PropertyValueSpecification\",\"valueRequired\":true,\"valueName\":\"search_term_string\"}}],\"inLanguage\":\"es\"},{\"@type\":\"Person\",\"@id\":\"https:\\\/\\\/reporteroshoy.mx\\\/noticias\\\/#\\\/schema\\\/person\\\/c977527e57c958a62c5cefe8fe47876e\",\"name\":\"Reporteros Hoy WP\",\"image\":{\"@type\":\"ImageObject\",\"inLanguage\":\"es\",\"@id\":\"https:\\\/\\\/secure.gravatar.com\\\/avatar\\\/fd2917f79a7dae30f8ac9ddc2f35e1756bb59e25e01d1cd09deaa64df7b2f73e?s=96&d=mm&r=g\",\"url\":\"https:\\\/\\\/secure.gravatar.com\\\/avatar\\\/fd2917f79a7dae30f8ac9ddc2f35e1756bb59e25e01d1cd09deaa64df7b2f73e?s=96&d=mm&r=g\",\"contentUrl\":\"https:\\\/\\\/secure.gravatar.com\\\/avatar\\\/fd2917f79a7dae30f8ac9ddc2f35e1756bb59e25e01d1cd09deaa64df7b2f73e?s=96&d=mm&r=g\",\"caption\":\"Reporteros Hoy WP\"},\"url\":\"https:\\\/\\\/reporteroshoy.mx\\\/noticias\\\/author\\\/walfer\\\/\"}]}<\/script>\n<!-- \/ Yoast SEO plugin. -->","yoast_head_json":{"title":"Instalan comisi\u00f3n de postulaci\u00f3n \u201cA la Excelencia Docente de Yucat\u00e1n\u201d","description":"La convocatoria invita a presentar propuestas de candidatas y candidatos al reconocimiento.","robots":{"index":"index","follow":"follow","max-snippet":"max-snippet:-1","max-image-preview":"max-image-preview:large","max-video-preview":"max-video-preview:-1"},"canonical":"https:\/\/reporteroshoy.mx\/noticias\/instalan-comision-de-postulacion-a-la-excelencia-docente-de-yucatan\/","og_locale":"es_ES","og_type":"article","og_title":"Instalan comisi\u00f3n de postulaci\u00f3n \u201cA la Excelencia Docente de Yucat\u00e1n\u201d","og_description":"La convocatoria invita a presentar propuestas de candidatas y candidatos al reconocimiento.","og_url":"https:\/\/reporteroshoy.mx\/noticias\/instalan-comision-de-postulacion-a-la-excelencia-docente-de-yucatan\/","og_site_name":"Reporteros Hoy | Noticias de Yucat\u00e1n","article_publisher":"http:\/\/www.facebook.com\/reporteroshoymx","article_published_time":"2023-03-21T21:07:34+00:00","og_image":[{"width":768,"height":432,"url":"https:\/\/reporteroshoy.mx\/noticias\/wp-content\/uploads\/2023\/03\/Congreso-1-scaled.jpg","type":"image\/jpeg"}],"author":"Reporteros Hoy WP","twitter_card":"summary_large_image","twitter_creator":"@reporteroshoy","twitter_site":"@reporteroshoy","twitter_misc":{"Escrito por":"Reporteros Hoy WP","Tiempo de lectura":"5 minutos"},"schema":{"@context":"https:\/\/schema.org","@graph":[{"@type":"Article","@id":"https:\/\/reporteroshoy.mx\/noticias\/instalan-comision-de-postulacion-a-la-excelencia-docente-de-yucatan\/#article","isPartOf":{"@id":"https:\/\/reporteroshoy.mx\/noticias\/instalan-comision-de-postulacion-a-la-excelencia-docente-de-yucatan\/"},"author":{"name":"Reporteros Hoy WP","@id":"https:\/\/reporteroshoy.mx\/noticias\/#\/schema\/person\/c977527e57c958a62c5cefe8fe47876e"},"headline":"Instalan comisi\u00f3n de postulaci\u00f3n \u201cA la Excelencia Docente de Yucat\u00e1n\u201d","datePublished":"2023-03-21T21:07:34+00:00","mainEntityOfPage":{"@id":"https:\/\/reporteroshoy.mx\/noticias\/instalan-comision-de-postulacion-a-la-excelencia-docente-de-yucatan\/"},"wordCount":1055,"commentCount":0,"image":{"@id":"https:\/\/reporteroshoy.mx\/noticias\/instalan-comision-de-postulacion-a-la-excelencia-docente-de-yucatan\/#primaryimage"},"thumbnailUrl":"https:\/\/reporteroshoy.mx\/noticias\/wp-content\/uploads\/2023\/03\/Congreso-1-scaled.jpg","keywords":["Comisiones","congreso de yucat\u00e1n"],"articleSection":["Gobierno"],"inLanguage":"es","potentialAction":[{"@type":"CommentAction","name":"Comment","target":["https:\/\/reporteroshoy.mx\/noticias\/instalan-comision-de-postulacion-a-la-excelencia-docente-de-yucatan\/#respond"]}]},{"@type":"WebPage","@id":"https:\/\/reporteroshoy.mx\/noticias\/instalan-comision-de-postulacion-a-la-excelencia-docente-de-yucatan\/","url":"https:\/\/reporteroshoy.mx\/noticias\/instalan-comision-de-postulacion-a-la-excelencia-docente-de-yucatan\/","name":"Instalan comisi\u00f3n de postulaci\u00f3n \u201cA la Excelencia Docente de Yucat\u00e1n\u201d","isPartOf":{"@id":"https:\/\/reporteroshoy.mx\/noticias\/#website"},"primaryImageOfPage":{"@id":"https:\/\/reporteroshoy.mx\/noticias\/instalan-comision-de-postulacion-a-la-excelencia-docente-de-yucatan\/#primaryimage"},"image":{"@id":"https:\/\/reporteroshoy.mx\/noticias\/instalan-comision-de-postulacion-a-la-excelencia-docente-de-yucatan\/#primaryimage"},"thumbnailUrl":"https:\/\/reporteroshoy.mx\/noticias\/wp-content\/uploads\/2023\/03\/Congreso-1-scaled.jpg","datePublished":"2023-03-21T21:07:34+00:00","author":{"@id":"https:\/\/reporteroshoy.mx\/noticias\/#\/schema\/person\/c977527e57c958a62c5cefe8fe47876e"},"description":"La convocatoria invita a presentar propuestas de candidatas y candidatos al reconocimiento.","breadcrumb":{"@id":"https:\/\/reporteroshoy.mx\/noticias\/instalan-comision-de-postulacion-a-la-excelencia-docente-de-yucatan\/#breadcrumb"},"inLanguage":"es","potentialAction":[{"@type":"ReadAction","target":["https:\/\/reporteroshoy.mx\/noticias\/instalan-comision-de-postulacion-a-la-excelencia-docente-de-yucatan\/"]}]},{"@type":"ImageObject","inLanguage":"es","@id":"https:\/\/reporteroshoy.mx\/noticias\/instalan-comision-de-postulacion-a-la-excelencia-docente-de-yucatan\/#primaryimage","url":"https:\/\/reporteroshoy.mx\/noticias\/wp-content\/uploads\/2023\/03\/Congreso-1-scaled.jpg","contentUrl":"https:\/\/reporteroshoy.mx\/noticias\/wp-content\/uploads\/2023\/03\/Congreso-1-scaled.jpg","width":768,"height":432},{"@type":"BreadcrumbList","@id":"https:\/\/reporteroshoy.mx\/noticias\/instalan-comision-de-postulacion-a-la-excelencia-docente-de-yucatan\/#breadcrumb","itemListElement":[{"@type":"ListItem","position":1,"name":"Portada","item":"https:\/\/reporteroshoy.mx\/noticias\/"},{"@type":"ListItem","position":2,"name":"Instalan comisi\u00f3n de postulaci\u00f3n \u201cA la Excelencia Docente de Yucat\u00e1n\u201d"}]},{"@type":"WebSite","@id":"https:\/\/reporteroshoy.mx\/noticias\/#website","url":"https:\/\/reporteroshoy.mx\/noticias\/","name":"Reporteros Hoy | Noticias de Yucat\u00e1n","description":"Peri\u00f3dico digital con noticias diarias desde M\u00e9rida, Yucat\u00e1n para el mundo.","potentialAction":[{"@type":"SearchAction","target":{"@type":"EntryPoint","urlTemplate":"https:\/\/reporteroshoy.mx\/noticias\/?s={search_term_string}"},"query-input":{"@type":"PropertyValueSpecification","valueRequired":true,"valueName":"search_term_string"}}],"inLanguage":"es"},{"@type":"Person","@id":"https:\/\/reporteroshoy.mx\/noticias\/#\/schema\/person\/c977527e57c958a62c5cefe8fe47876e","name":"Reporteros Hoy WP","image":{"@type":"ImageObject","inLanguage":"es","@id":"https:\/\/secure.gravatar.com\/avatar\/fd2917f79a7dae30f8ac9ddc2f35e1756bb59e25e01d1cd09deaa64df7b2f73e?s=96&d=mm&r=g","url":"https:\/\/secure.gravatar.com\/avatar\/fd2917f79a7dae30f8ac9ddc2f35e1756bb59e25e01d1cd09deaa64df7b2f73e?s=96&d=mm&r=g","contentUrl":"https:\/\/secure.gravatar.com\/avatar\/fd2917f79a7dae30f8ac9ddc2f35e1756bb59e25e01d1cd09deaa64df7b2f73e?s=96&d=mm&r=g","caption":"Reporteros Hoy WP"},"url":"https:\/\/reporteroshoy.mx\/noticias\/author\/walfer\/"}]}},"_links":{"self":[{"href":"https:\/\/reporteroshoy.mx\/noticias\/wp-json\/wp\/v2\/posts\/99877","targetHints":{"allow":["GET"]}}],"collection":[{"href":"https:\/\/reporteroshoy.mx\/noticias\/wp-json\/wp\/v2\/posts"}],"about":[{"href":"https:\/\/reporteroshoy.mx\/noticias\/wp-json\/wp\/v2\/types\/post"}],"author":[{"embeddable":true,"href":"https:\/\/reporteroshoy.mx\/noticias\/wp-json\/wp\/v2\/users\/9"}],"replies":[{"embeddable":true,"href":"https:\/\/reporteroshoy.mx\/noticias\/wp-json\/wp\/v2\/comments?post=99877"}],"version-history":[{"count":0,"href":"https:\/\/reporteroshoy.mx\/noticias\/wp-json\/wp\/v2\/posts\/99877\/revisions"}],"wp:featuredmedia":[{"embeddable":true,"href":"https:\/\/reporteroshoy.mx\/noticias\/wp-json\/wp\/v2\/media\/99878"}],"wp:attachment":[{"href":"https:\/\/reporteroshoy.mx\/noticias\/wp-json\/wp\/v2\/media?parent=99877"}],"wp:term":[{"taxonomy":"category","embeddable":true,"href":"https:\/\/reporteroshoy.mx\/noticias\/wp-json\/wp\/v2\/categories?post=99877"},{"taxonomy":"post_tag","embeddable":true,"href":"https:\/\/reporteroshoy.mx\/noticias\/wp-json\/wp\/v2\/tags?post=99877"}],"curies":[{"name":"wp","href":"https:\/\/api.w.org\/{rel}","templated":true}]}}