{"id":99894,"date":"2023-03-21T19:37:45","date_gmt":"2023-03-22T01:37:45","guid":{"rendered":"https:\/\/reporteroshoy.mx\/noticias\/?p=99894"},"modified":"2023-03-21T19:37:45","modified_gmt":"2023-03-22T01:37:45","slug":"matrimonio-de-portugal-protagoniza-brutal-choque-en-yucatan","status":"publish","type":"post","link":"https:\/\/reporteroshoy.mx\/noticias\/matrimonio-de-portugal-protagoniza-brutal-choque-en-yucatan\/","title":{"rendered":"Matrimonio de Portugal protagoniza brutal choque en Yucat\u00e1n"},"content":{"rendered":"<p style=\"text-align: justify;\"><span style=\"color: #000000;\">Kinchil, Yucat\u00e1n; 21 de marzo de 2023 (ACOM).- Una pareja de turistas qued\u00f3 prensada al interior de su veh\u00edculo tras ser impactada brutalmente esta tarde por una camioneta BMW en el peligroso entronque Kinchil-Tetiz, de la carretera federal M\u00e9rida-Celest\u00fan. <\/span><\/p>\n<p style=\"text-align: justify;\"><span style=\"color: #000000;\">Seg\u00fan se averigu\u00f3, los involucrados son dos europeos que quer\u00edan conocer el puerto del poniente yucateco.<\/span><\/p>\n<p style=\"text-align: justify;\"><img loading=\"lazy\" decoding=\"async\" class=\"wp-image-99897 aligncenter\" src=\"https:\/\/reporteroshoy.mx\/noticias\/wp-content\/uploads\/2023\/03\/CHOQUE-KINCHIL-OK-3-scaled.jpeg\" alt=\"\" width=\"659\" height=\"370\" srcset=\"https:\/\/reporteroshoy.mx\/noticias\/wp-content\/uploads\/2023\/03\/CHOQUE-KINCHIL-OK-3-scaled.jpeg 768w, https:\/\/reporteroshoy.mx\/noticias\/wp-content\/uploads\/2023\/03\/CHOQUE-KINCHIL-OK-3-1536x864.jpeg 1536w, https:\/\/reporteroshoy.mx\/noticias\/wp-content\/uploads\/2023\/03\/CHOQUE-KINCHIL-OK-3-2048x1152.jpeg 2048w\" sizes=\"auto, (max-width: 659px) 100vw, 659px\" \/> <span style=\"color: #000000;\">Luego de pasar por Hunucm\u00e1, se enfilaron a la costa, pero en el citado cruzamiento el conductor no se detuvo con la se\u00f1al de alto y fue chocado con fuerza por una SUV BMW por su costado derecho. <\/span><\/p>\n<p style=\"text-align: justify;\"><span style=\"color: #000000;\">Ante la brutal colisi\u00f3n, ocurrida alrededor de las 2:30 de la tarde, los testigos llamaron r\u00e1pidamente a los n\u00fameros de emergencia, por lo que fue necesaria la intervenci\u00f3n de polic\u00edas, param\u00e9dicos y bomberos de la Secretar\u00eda de Seguridad P\u00fablica (SSP).<\/span><\/p>\n<p><img loading=\"lazy\" decoding=\"async\" class=\"wp-image-99896 aligncenter\" src=\"https:\/\/reporteroshoy.mx\/noticias\/wp-content\/uploads\/2023\/03\/CHOQUE-KINCHIL-OK-2-scaled.jpeg\" alt=\"\" width=\"644\" height=\"485\" srcset=\"https:\/\/reporteroshoy.mx\/noticias\/wp-content\/uploads\/2023\/03\/CHOQUE-KINCHIL-OK-2-scaled.jpeg 768w, https:\/\/reporteroshoy.mx\/noticias\/wp-content\/uploads\/2023\/03\/CHOQUE-KINCHIL-OK-2-1536x1156.jpeg 1536w, https:\/\/reporteroshoy.mx\/noticias\/wp-content\/uploads\/2023\/03\/CHOQUE-KINCHIL-OK-2-2048x1542.jpeg 2048w\" sizes=\"auto, (max-width: 644px) 100vw, 644px\" \/><\/p>\n<p style=\"text-align: justify;\"><span style=\"color: #000000;\">Estos \u00faltimos, incluso, usaron las quijadas de la vida para rescatar a los extranjeros atascados en el auto hecho trizas. <\/span><\/p>\n<p style=\"text-align: justify;\"><span style=\"color: #000000;\">El conductor del compacto result\u00f3 con posible fractura en una pierna y fue rescatado primero, mientras la mujer se tard\u00f3 m\u00e1s, pues los cuerpos de rescate tuvieron que cortar las puertas. Los gritos de la se\u00f1ora eran de profundo dolor, ya que qued\u00f3 como la m\u00e1s grave. <\/span><\/p>\n<p style=\"text-align: justify;\"><span style=\"color: #000000;\">Los dos lesionados son Manuel Salvador da Silva, de 60 a\u00f1os, y su acompa\u00f1ante Elizabeth Carvallo, de 56, ambos son oriundos de Portugal, pero viven en Luxemburgo.<\/span><\/p>\n<p><img loading=\"lazy\" decoding=\"async\" class=\"wp-image-99895 aligncenter\" src=\"https:\/\/reporteroshoy.mx\/noticias\/wp-content\/uploads\/2023\/03\/CHOQUE-KINCHIL-OK-1-scaled.jpeg\" alt=\"\" width=\"649\" height=\"508\" srcset=\"https:\/\/reporteroshoy.mx\/noticias\/wp-content\/uploads\/2023\/03\/CHOQUE-KINCHIL-OK-1-scaled.jpeg 768w, https:\/\/reporteroshoy.mx\/noticias\/wp-content\/uploads\/2023\/03\/CHOQUE-KINCHIL-OK-1-1536x1201.jpeg 1536w, https:\/\/reporteroshoy.mx\/noticias\/wp-content\/uploads\/2023\/03\/CHOQUE-KINCHIL-OK-1-2048x1602.jpeg 2048w\" sizes=\"auto, (max-width: 649px) 100vw, 649px\" \/><\/p>\n<p style=\"text-align: justify;\"><span style=\"color: #000000;\">El Versa rentado con placas de Yucat\u00e1n (YZA-372E) finaliz\u00f3 sobre la carretera y la unidad Suv X-5, en la alambrada de un terreno kinchile\u00f1o. <\/span><\/p>\n<p style=\"text-align: justify;\"><span style=\"color: #000000;\">En cuanto a la BMW, que se sali\u00f3 del pavimento, era manejada por un conocido empresario de Celest\u00fan, Ram\u00f3n C.S., de 66 a\u00f1os, quien solo presento golpes leves y no amerito su traslado a un hospital. <\/span><\/p>\n<p style=\"text-align: justify;\"><span style=\"color: #000000;\">Por \u00faltimo los polic\u00edas municipales de Kinchil y agentes de la Polic\u00eda de Tetiz abanderaron el lugar para evitar otro percance, en espera de la Guardia Nacional, para el deslinde de responsabilidades.<\/span><\/p>\n","protected":false},"excerpt":{"rendered":"<p>Dos turistas europeos quer\u00edan conocer las aguas de Celest\u00fan, pero no vieron un alto y fueron impactados de lleno por una camioneta de lujo en la carretera.<\/p>\n","protected":false},"author":2,"featured_media":99897,"comment_status":"open","ping_status":"closed","sticky":false,"template":"","format":"standard","meta":{"footnotes":""},"categories":[11],"tags":[10405,121,123],"class_list":["post-99894","post","type-post","status-publish","format-standard","has-post-thumbnail","hentry","category-municipios-de-yucatan","tag-choque-en-kinchil","tag-kinchil","tag-yucatan-poniente"],"yoast_head":"<!-- This site is optimized with the Yoast SEO plugin v28.4 - https:\/\/yoast.com\/product\/yoast-seo-wordpress\/ -->\n<title>Matrimonio de Portugal protagoniza brutal choque en Yucat\u00e1n<\/title>\n<meta name=\"description\" content=\"Dos turistas europeos quer\u00edan conocer las aguas de Celest\u00fan, pero no vieron un alto y fueron impactados de lleno por una camioneta de lujo en la carretera.\" \/>\n<meta name=\"robots\" content=\"index, follow, max-snippet:-1, max-image-preview:large, max-video-preview:-1\" \/>\n<link rel=\"canonical\" href=\"https:\/\/reporteroshoy.mx\/noticias\/matrimonio-de-portugal-protagoniza-brutal-choque-en-yucatan\/\" \/>\n<meta property=\"og:locale\" content=\"es_ES\" \/>\n<meta property=\"og:type\" content=\"article\" \/>\n<meta property=\"og:title\" content=\"Matrimonio de Portugal protagoniza brutal choque en Yucat\u00e1n\" \/>\n<meta property=\"og:description\" content=\"Dos turistas europeos quer\u00edan conocer las aguas de Celest\u00fan, pero no vieron un alto y fueron impactados de lleno por una camioneta de lujo en la carretera.\" \/>\n<meta property=\"og:url\" content=\"https:\/\/reporteroshoy.mx\/noticias\/matrimonio-de-portugal-protagoniza-brutal-choque-en-yucatan\/\" \/>\n<meta property=\"og:site_name\" content=\"Reporteros Hoy | Noticias de Yucat\u00e1n\" \/>\n<meta property=\"article:publisher\" content=\"http:\/\/www.facebook.com\/reporteroshoymx\" \/>\n<meta property=\"article:published_time\" content=\"2023-03-22T01:37:45+00:00\" \/>\n<meta property=\"og:image\" content=\"https:\/\/reporteroshoy.mx\/noticias\/wp-content\/uploads\/2023\/03\/CHOQUE-KINCHIL-OK-3-scaled.jpeg\" \/>\n\t<meta property=\"og:image:width\" content=\"768\" \/>\n\t<meta property=\"og:image:height\" content=\"432\" \/>\n\t<meta property=\"og:image:type\" content=\"image\/jpeg\" \/>\n<meta name=\"author\" content=\"Reporteros Hoy HY\" \/>\n<meta name=\"twitter:card\" content=\"summary_large_image\" \/>\n<meta name=\"twitter:creator\" content=\"@reporteroshoy\" \/>\n<meta name=\"twitter:site\" content=\"@reporteroshoy\" \/>\n<meta name=\"twitter:label1\" content=\"Escrito por\" \/>\n\t<meta name=\"twitter:data1\" content=\"Reporteros Hoy HY\" \/>\n\t<meta name=\"twitter:label2\" content=\"Tiempo de lectura\" \/>\n\t<meta name=\"twitter:data2\" content=\"3 minutos\" \/>\n<script type=\"application\/ld+json\" class=\"yoast-schema-graph\">{\"@context\":\"https:\\\/\\\/schema.org\",\"@graph\":[{\"@type\":\"Article\",\"@id\":\"https:\\\/\\\/reporteroshoy.mx\\\/noticias\\\/matrimonio-de-portugal-protagoniza-brutal-choque-en-yucatan\\\/#article\",\"isPartOf\":{\"@id\":\"https:\\\/\\\/reporteroshoy.mx\\\/noticias\\\/matrimonio-de-portugal-protagoniza-brutal-choque-en-yucatan\\\/\"},\"author\":{\"name\":\"Reporteros Hoy HY\",\"@id\":\"https:\\\/\\\/reporteroshoy.mx\\\/noticias\\\/#\\\/schema\\\/person\\\/d32189074678a9d41498d4248e29aac3\"},\"headline\":\"Matrimonio de Portugal protagoniza brutal choque en Yucat\u00e1n\",\"datePublished\":\"2023-03-22T01:37:45+00:00\",\"mainEntityOfPage\":{\"@id\":\"https:\\\/\\\/reporteroshoy.mx\\\/noticias\\\/matrimonio-de-portugal-protagoniza-brutal-choque-en-yucatan\\\/\"},\"wordCount\":352,\"commentCount\":0,\"image\":{\"@id\":\"https:\\\/\\\/reporteroshoy.mx\\\/noticias\\\/matrimonio-de-portugal-protagoniza-brutal-choque-en-yucatan\\\/#primaryimage\"},\"thumbnailUrl\":\"https:\\\/\\\/reporteroshoy.mx\\\/noticias\\\/wp-content\\\/uploads\\\/2023\\\/03\\\/CHOQUE-KINCHIL-OK-3-scaled.jpeg\",\"keywords\":[\"choque en Kinchil\",\"Kinchil\",\"Yucatan Poniente\"],\"articleSection\":[\"Municipios\"],\"inLanguage\":\"es\",\"potentialAction\":[{\"@type\":\"CommentAction\",\"name\":\"Comment\",\"target\":[\"https:\\\/\\\/reporteroshoy.mx\\\/noticias\\\/matrimonio-de-portugal-protagoniza-brutal-choque-en-yucatan\\\/#respond\"]}]},{\"@type\":\"WebPage\",\"@id\":\"https:\\\/\\\/reporteroshoy.mx\\\/noticias\\\/matrimonio-de-portugal-protagoniza-brutal-choque-en-yucatan\\\/\",\"url\":\"https:\\\/\\\/reporteroshoy.mx\\\/noticias\\\/matrimonio-de-portugal-protagoniza-brutal-choque-en-yucatan\\\/\",\"name\":\"Matrimonio de Portugal protagoniza brutal choque en Yucat\u00e1n\",\"isPartOf\":{\"@id\":\"https:\\\/\\\/reporteroshoy.mx\\\/noticias\\\/#website\"},\"primaryImageOfPage\":{\"@id\":\"https:\\\/\\\/reporteroshoy.mx\\\/noticias\\\/matrimonio-de-portugal-protagoniza-brutal-choque-en-yucatan\\\/#primaryimage\"},\"image\":{\"@id\":\"https:\\\/\\\/reporteroshoy.mx\\\/noticias\\\/matrimonio-de-portugal-protagoniza-brutal-choque-en-yucatan\\\/#primaryimage\"},\"thumbnailUrl\":\"https:\\\/\\\/reporteroshoy.mx\\\/noticias\\\/wp-content\\\/uploads\\\/2023\\\/03\\\/CHOQUE-KINCHIL-OK-3-scaled.jpeg\",\"datePublished\":\"2023-03-22T01:37:45+00:00\",\"author\":{\"@id\":\"https:\\\/\\\/reporteroshoy.mx\\\/noticias\\\/#\\\/schema\\\/person\\\/d32189074678a9d41498d4248e29aac3\"},\"description\":\"Dos turistas europeos quer\u00edan conocer las aguas de Celest\u00fan, pero no vieron un alto y fueron impactados de lleno por una camioneta de lujo en la carretera.\",\"breadcrumb\":{\"@id\":\"https:\\\/\\\/reporteroshoy.mx\\\/noticias\\\/matrimonio-de-portugal-protagoniza-brutal-choque-en-yucatan\\\/#breadcrumb\"},\"inLanguage\":\"es\",\"potentialAction\":[{\"@type\":\"ReadAction\",\"target\":[\"https:\\\/\\\/reporteroshoy.mx\\\/noticias\\\/matrimonio-de-portugal-protagoniza-brutal-choque-en-yucatan\\\/\"]}]},{\"@type\":\"ImageObject\",\"inLanguage\":\"es\",\"@id\":\"https:\\\/\\\/reporteroshoy.mx\\\/noticias\\\/matrimonio-de-portugal-protagoniza-brutal-choque-en-yucatan\\\/#primaryimage\",\"url\":\"https:\\\/\\\/reporteroshoy.mx\\\/noticias\\\/wp-content\\\/uploads\\\/2023\\\/03\\\/CHOQUE-KINCHIL-OK-3-scaled.jpeg\",\"contentUrl\":\"https:\\\/\\\/reporteroshoy.mx\\\/noticias\\\/wp-content\\\/uploads\\\/2023\\\/03\\\/CHOQUE-KINCHIL-OK-3-scaled.jpeg\",\"width\":768,\"height\":432},{\"@type\":\"BreadcrumbList\",\"@id\":\"https:\\\/\\\/reporteroshoy.mx\\\/noticias\\\/matrimonio-de-portugal-protagoniza-brutal-choque-en-yucatan\\\/#breadcrumb\",\"itemListElement\":[{\"@type\":\"ListItem\",\"position\":1,\"name\":\"Portada\",\"item\":\"https:\\\/\\\/reporteroshoy.mx\\\/noticias\\\/\"},{\"@type\":\"ListItem\",\"position\":2,\"name\":\"Matrimonio de Portugal protagoniza brutal choque en Yucat\u00e1n\"}]},{\"@type\":\"WebSite\",\"@id\":\"https:\\\/\\\/reporteroshoy.mx\\\/noticias\\\/#website\",\"url\":\"https:\\\/\\\/reporteroshoy.mx\\\/noticias\\\/\",\"name\":\"Reporteros Hoy | Noticias de Yucat\u00e1n\",\"description\":\"Peri\u00f3dico digital con noticias diarias desde M\u00e9rida, Yucat\u00e1n para el mundo.\",\"potentialAction\":[{\"@type\":\"SearchAction\",\"target\":{\"@type\":\"EntryPoint\",\"urlTemplate\":\"https:\\\/\\\/reporteroshoy.mx\\\/noticias\\\/?s={search_term_string}\"},\"query-input\":{\"@type\":\"PropertyValueSpecification\",\"valueRequired\":true,\"valueName\":\"search_term_string\"}}],\"inLanguage\":\"es\"},{\"@type\":\"Person\",\"@id\":\"https:\\\/\\\/reporteroshoy.mx\\\/noticias\\\/#\\\/schema\\\/person\\\/d32189074678a9d41498d4248e29aac3\",\"name\":\"Reporteros Hoy HY\",\"image\":{\"@type\":\"ImageObject\",\"inLanguage\":\"es\",\"@id\":\"https:\\\/\\\/secure.gravatar.com\\\/avatar\\\/c539a82770f256437b35bda44650bb50f5fd4b7017f8b29672ed9f27a43cec47?s=96&d=mm&r=g\",\"url\":\"https:\\\/\\\/secure.gravatar.com\\\/avatar\\\/c539a82770f256437b35bda44650bb50f5fd4b7017f8b29672ed9f27a43cec47?s=96&d=mm&r=g\",\"contentUrl\":\"https:\\\/\\\/secure.gravatar.com\\\/avatar\\\/c539a82770f256437b35bda44650bb50f5fd4b7017f8b29672ed9f27a43cec47?s=96&d=mm&r=g\",\"caption\":\"Reporteros Hoy HY\"},\"url\":\"https:\\\/\\\/reporteroshoy.mx\\\/noticias\\\/author\\\/thelmo\\\/\"}]}<\/script>\n<!-- \/ Yoast SEO plugin. -->","yoast_head_json":{"title":"Matrimonio de Portugal protagoniza brutal choque en Yucat\u00e1n","description":"Dos turistas europeos quer\u00edan conocer las aguas de Celest\u00fan, pero no vieron un alto y fueron impactados de lleno por una camioneta de lujo en la carretera.","robots":{"index":"index","follow":"follow","max-snippet":"max-snippet:-1","max-image-preview":"max-image-preview:large","max-video-preview":"max-video-preview:-1"},"canonical":"https:\/\/reporteroshoy.mx\/noticias\/matrimonio-de-portugal-protagoniza-brutal-choque-en-yucatan\/","og_locale":"es_ES","og_type":"article","og_title":"Matrimonio de Portugal protagoniza brutal choque en Yucat\u00e1n","og_description":"Dos turistas europeos quer\u00edan conocer las aguas de Celest\u00fan, pero no vieron un alto y fueron impactados de lleno por una camioneta de lujo en la carretera.","og_url":"https:\/\/reporteroshoy.mx\/noticias\/matrimonio-de-portugal-protagoniza-brutal-choque-en-yucatan\/","og_site_name":"Reporteros Hoy | Noticias de Yucat\u00e1n","article_publisher":"http:\/\/www.facebook.com\/reporteroshoymx","article_published_time":"2023-03-22T01:37:45+00:00","og_image":[{"width":768,"height":432,"url":"https:\/\/reporteroshoy.mx\/noticias\/wp-content\/uploads\/2023\/03\/CHOQUE-KINCHIL-OK-3-scaled.jpeg","type":"image\/jpeg"}],"author":"Reporteros Hoy HY","twitter_card":"summary_large_image","twitter_creator":"@reporteroshoy","twitter_site":"@reporteroshoy","twitter_misc":{"Escrito por":"Reporteros Hoy HY","Tiempo de lectura":"3 minutos"},"schema":{"@context":"https:\/\/schema.org","@graph":[{"@type":"Article","@id":"https:\/\/reporteroshoy.mx\/noticias\/matrimonio-de-portugal-protagoniza-brutal-choque-en-yucatan\/#article","isPartOf":{"@id":"https:\/\/reporteroshoy.mx\/noticias\/matrimonio-de-portugal-protagoniza-brutal-choque-en-yucatan\/"},"author":{"name":"Reporteros Hoy HY","@id":"https:\/\/reporteroshoy.mx\/noticias\/#\/schema\/person\/d32189074678a9d41498d4248e29aac3"},"headline":"Matrimonio de Portugal protagoniza brutal choque en Yucat\u00e1n","datePublished":"2023-03-22T01:37:45+00:00","mainEntityOfPage":{"@id":"https:\/\/reporteroshoy.mx\/noticias\/matrimonio-de-portugal-protagoniza-brutal-choque-en-yucatan\/"},"wordCount":352,"commentCount":0,"image":{"@id":"https:\/\/reporteroshoy.mx\/noticias\/matrimonio-de-portugal-protagoniza-brutal-choque-en-yucatan\/#primaryimage"},"thumbnailUrl":"https:\/\/reporteroshoy.mx\/noticias\/wp-content\/uploads\/2023\/03\/CHOQUE-KINCHIL-OK-3-scaled.jpeg","keywords":["choque en Kinchil","Kinchil","Yucatan Poniente"],"articleSection":["Municipios"],"inLanguage":"es","potentialAction":[{"@type":"CommentAction","name":"Comment","target":["https:\/\/reporteroshoy.mx\/noticias\/matrimonio-de-portugal-protagoniza-brutal-choque-en-yucatan\/#respond"]}]},{"@type":"WebPage","@id":"https:\/\/reporteroshoy.mx\/noticias\/matrimonio-de-portugal-protagoniza-brutal-choque-en-yucatan\/","url":"https:\/\/reporteroshoy.mx\/noticias\/matrimonio-de-portugal-protagoniza-brutal-choque-en-yucatan\/","name":"Matrimonio de Portugal protagoniza brutal choque en Yucat\u00e1n","isPartOf":{"@id":"https:\/\/reporteroshoy.mx\/noticias\/#website"},"primaryImageOfPage":{"@id":"https:\/\/reporteroshoy.mx\/noticias\/matrimonio-de-portugal-protagoniza-brutal-choque-en-yucatan\/#primaryimage"},"image":{"@id":"https:\/\/reporteroshoy.mx\/noticias\/matrimonio-de-portugal-protagoniza-brutal-choque-en-yucatan\/#primaryimage"},"thumbnailUrl":"https:\/\/reporteroshoy.mx\/noticias\/wp-content\/uploads\/2023\/03\/CHOQUE-KINCHIL-OK-3-scaled.jpeg","datePublished":"2023-03-22T01:37:45+00:00","author":{"@id":"https:\/\/reporteroshoy.mx\/noticias\/#\/schema\/person\/d32189074678a9d41498d4248e29aac3"},"description":"Dos turistas europeos quer\u00edan conocer las aguas de Celest\u00fan, pero no vieron un alto y fueron impactados de lleno por una camioneta de lujo en la carretera.","breadcrumb":{"@id":"https:\/\/reporteroshoy.mx\/noticias\/matrimonio-de-portugal-protagoniza-brutal-choque-en-yucatan\/#breadcrumb"},"inLanguage":"es","potentialAction":[{"@type":"ReadAction","target":["https:\/\/reporteroshoy.mx\/noticias\/matrimonio-de-portugal-protagoniza-brutal-choque-en-yucatan\/"]}]},{"@type":"ImageObject","inLanguage":"es","@id":"https:\/\/reporteroshoy.mx\/noticias\/matrimonio-de-portugal-protagoniza-brutal-choque-en-yucatan\/#primaryimage","url":"https:\/\/reporteroshoy.mx\/noticias\/wp-content\/uploads\/2023\/03\/CHOQUE-KINCHIL-OK-3-scaled.jpeg","contentUrl":"https:\/\/reporteroshoy.mx\/noticias\/wp-content\/uploads\/2023\/03\/CHOQUE-KINCHIL-OK-3-scaled.jpeg","width":768,"height":432},{"@type":"BreadcrumbList","@id":"https:\/\/reporteroshoy.mx\/noticias\/matrimonio-de-portugal-protagoniza-brutal-choque-en-yucatan\/#breadcrumb","itemListElement":[{"@type":"ListItem","position":1,"name":"Portada","item":"https:\/\/reporteroshoy.mx\/noticias\/"},{"@type":"ListItem","position":2,"name":"Matrimonio de Portugal protagoniza brutal choque en Yucat\u00e1n"}]},{"@type":"WebSite","@id":"https:\/\/reporteroshoy.mx\/noticias\/#website","url":"https:\/\/reporteroshoy.mx\/noticias\/","name":"Reporteros Hoy | Noticias de Yucat\u00e1n","description":"Peri\u00f3dico digital con noticias diarias desde M\u00e9rida, Yucat\u00e1n para el mundo.","potentialAction":[{"@type":"SearchAction","target":{"@type":"EntryPoint","urlTemplate":"https:\/\/reporteroshoy.mx\/noticias\/?s={search_term_string}"},"query-input":{"@type":"PropertyValueSpecification","valueRequired":true,"valueName":"search_term_string"}}],"inLanguage":"es"},{"@type":"Person","@id":"https:\/\/reporteroshoy.mx\/noticias\/#\/schema\/person\/d32189074678a9d41498d4248e29aac3","name":"Reporteros Hoy HY","image":{"@type":"ImageObject","inLanguage":"es","@id":"https:\/\/secure.gravatar.com\/avatar\/c539a82770f256437b35bda44650bb50f5fd4b7017f8b29672ed9f27a43cec47?s=96&d=mm&r=g","url":"https:\/\/secure.gravatar.com\/avatar\/c539a82770f256437b35bda44650bb50f5fd4b7017f8b29672ed9f27a43cec47?s=96&d=mm&r=g","contentUrl":"https:\/\/secure.gravatar.com\/avatar\/c539a82770f256437b35bda44650bb50f5fd4b7017f8b29672ed9f27a43cec47?s=96&d=mm&r=g","caption":"Reporteros Hoy HY"},"url":"https:\/\/reporteroshoy.mx\/noticias\/author\/thelmo\/"}]}},"_links":{"self":[{"href":"https:\/\/reporteroshoy.mx\/noticias\/wp-json\/wp\/v2\/posts\/99894","targetHints":{"allow":["GET"]}}],"collection":[{"href":"https:\/\/reporteroshoy.mx\/noticias\/wp-json\/wp\/v2\/posts"}],"about":[{"href":"https:\/\/reporteroshoy.mx\/noticias\/wp-json\/wp\/v2\/types\/post"}],"author":[{"embeddable":true,"href":"https:\/\/reporteroshoy.mx\/noticias\/wp-json\/wp\/v2\/users\/2"}],"replies":[{"embeddable":true,"href":"https:\/\/reporteroshoy.mx\/noticias\/wp-json\/wp\/v2\/comments?post=99894"}],"version-history":[{"count":0,"href":"https:\/\/reporteroshoy.mx\/noticias\/wp-json\/wp\/v2\/posts\/99894\/revisions"}],"wp:featuredmedia":[{"embeddable":true,"href":"https:\/\/reporteroshoy.mx\/noticias\/wp-json\/wp\/v2\/media\/99897"}],"wp:attachment":[{"href":"https:\/\/reporteroshoy.mx\/noticias\/wp-json\/wp\/v2\/media?parent=99894"}],"wp:term":[{"taxonomy":"category","embeddable":true,"href":"https:\/\/reporteroshoy.mx\/noticias\/wp-json\/wp\/v2\/categories?post=99894"},{"taxonomy":"post_tag","embeddable":true,"href":"https:\/\/reporteroshoy.mx\/noticias\/wp-json\/wp\/v2\/tags?post=99894"}],"curies":[{"name":"wp","href":"https:\/\/api.w.org\/{rel}","templated":true}]}}