{"id":203443,"date":"2018-02-21T16:44:58","date_gmt":"2018-02-21T22:44:58","guid":{"rendered":"http:\/\/reporteroshoy.mx\/wp\/?p=203443"},"modified":"2018-02-21T16:44:58","modified_gmt":"2018-02-21T22:44:58","slug":"centro-municipal-emprendedores-cumple-primer-ano","status":"publish","type":"post","link":"https:\/\/reporteroshoy.mx\/wp\/centro-municipal-emprendedores-cumple-primer-ano.html","title":{"rendered":"Centro Municipal de Emprendedores cumple su primer a\u00f1o"},"content":{"rendered":"<p><img loading=\"lazy\" decoding=\"async\" class=\"aligncenter size-full wp-image-203444\" src=\"http:\/\/reporteroshoy.mx\/wp\/wp-content\/uploads\/2018\/02\/emprende5.jpg\" alt=\"\" width=\"600\" height=\"365\" \/><\/p>\n<p class=\"x_ydpd7ec02f1MsoNormal\" style=\"text-align: justify;\">M\u00e9rida, Yucat\u00e1n; 21 de febrero de 2018.- Luego de un a\u00f1o de su inauguraci\u00f3n, el Centro Municipal de Emprendedores (CME), representa una ventana de oportunidades para todos aquellos cuya meta es posicionarse en el mercado con un negocio propio contribuyendo a la econom\u00eda de la ciudad y la creaci\u00f3n de m\u00e1s y mejores empleos, generando una mejor calidad de vida para los meridanos.<\/p>\n<p class=\"x_ydpd7ec02f1MsoNormal\" style=\"text-align: justify;\">Hoy, en su primer aniversario, la presidenta municipal Mar\u00eda Fritz Sierra manifest\u00f3 que el Centro representa un compromiso asumido por el alcalde con licencia Mauricio Vila desde antes del inicio de la administraci\u00f3n actual, y que gracias a la puesta en marcha en un a\u00f1o se han visto resultados favorables para los emprendedores, adem\u00e1s de que es una oportunidad para disminuir la brecha de desigualdad social.<\/p>\n<p class=\"x_ydpd7ec02f1MsoNormal\" style=\"text-align: justify;\">Durante el evento realizado en el CEM, la alcaldesa expres\u00f3 que este es el primer espacio creado por un gobierno municipal en todo el pa\u00eds.<\/p>\n<p class=\"x_ydpd7ec02f1MsoNormal\" style=\"text-align: justify;\">\u00abCon esto dimos un gran paso para el impulso de nuevas ideas de negocios consolidando empresas rentables que sin duda impulsan la econom\u00eda de la ciudad\u00bb, agreg\u00f3.<\/p>\n<p class=\"x_ydpd7ec02f1MsoNormal\" style=\"text-align: justify;\">Fritz Sierra explic\u00f3 que como resultado de este primer a\u00f1o de operaci\u00f3n, el 100% de los proyectos emprendidos cuenta con propuestas de identidad corporativa as\u00ed como avances para su formalizaci\u00f3n.<\/p>\n<p class=\"x_ydpd7ec02f1MsoNormal\" style=\"text-align: justify;\">\u00abEl \u00e9xito obtenido en este primer a\u00f1o nos llena de satisfacci\u00f3n, pues el Centro Municipal de Emprendedores realiz\u00f3 un total de 7, 354 acciones y ha beneficiado a 1,235 proyectos de emprendimiento y capacitado a 4,893 personas\u00bb, dijo.<\/p>\n<p class=\"x_ydpd7ec02f1MsoNormal\" style=\"text-align: justify;\">La presidenta municipal reiter\u00f3 el compromiso del Ayuntamiento de M\u00e9rida para dar continuidad a las acciones que generen m\u00e1s oportunidades para que la ciudad contin\u00fae siendo una de las mejores ciudades para vivir.<\/p>\n<p class=\"x_ydpd7ec02f1MsoNormal\" style=\"text-align: justify;\">La conmemoraci\u00f3n del primer aniversario fue el marco para la entrega de un reconocimiento a Ver\u00f3nica Franco Rosales por ser parte de la primera generaci\u00f3n del Centro Municipal de Emprendedores con el proyecto Miss Careful Funny. La presidenta municipal tambi\u00e9n entreg\u00f3 tres laptops de la convocatoria Fortalecimiento para las Microempresas y tres cheques del cr\u00e9dito Micromer.<\/p>\n<p><img loading=\"lazy\" decoding=\"async\" class=\"aligncenter size-full wp-image-203445\" src=\"http:\/\/reporteroshoy.mx\/wp\/wp-content\/uploads\/2018\/02\/emprende4.jpg\" alt=\"\" width=\"600\" height=\"318\" \/><\/p>\n<p class=\"x_ydpd7ec02f1MsoNormal\" style=\"text-align: justify;\">Franco Rosales, agradeci\u00f3 a las autoridades municipales por pensar en todos aquellos que buscan emprender negocios apoy\u00e1ndoles con mentor\u00edas, cursos de capacitaci\u00f3n y sobre todo con instalaciones de primera calidad en las cuales puedan desarrollar sus proyectos.<\/p>\n<p class=\"x_ydpd7ec02f1MsoNormal\" style=\"text-align: justify;\">En el evento estuvo presente Jes\u00fas Vega Herrera titular de la oficina regional sureste del IMPI, Carlos Pandiela V\u00e1zquez en representaci\u00f3n de la Canaco Servytur M\u00e9rida, Felipe Herrera Hern\u00e1ndez, delegado federal de la Procuradur\u00eda de la Defensa del Contribuyente, Ra\u00fal Alayola Rosas representante del Colegio de Ingenieros Qu\u00edmicos de Yucat\u00e1n, el secretario de la comuna Arturo Sabido G\u00f3ngora, la directora de Turismo y Promoci\u00f3n Econ\u00f3mica Carolina C\u00e1rdenas Sosa, el coordinador de Pol\u00edtica Comunitaria V\u00edctor Lozano Poveda y alumnos de la escuela Felipe Carrillo Puerto.<\/p>\n<h4 class=\"x_ydpd7ec02f1MsoNormal\" style=\"text-align: justify;\"><b>Datos del Centro Municipal de Emprendedores<\/b><\/h4>\n<p class=\"x_ydpd7ec02f1MsoNormal\" style=\"text-align: justify;\">Para integrar la primera generaci\u00f3n de emprendedores, se abri\u00f3 la convocatoria para recibir a los 100 primeros emprendedores, de los cuales\u00a0se seleccionaron 60 ideas de negocio y 40 proyectos emprendidos, siendo el 46% desarrollado por mujeres.<\/p>\n<p class=\"x_ydpd7ec02f1MsoNormal\" style=\"text-align: justify;\">Asimismo, con las convocatorias \u201cTu Empresa, Tu Marca\u201d, \u201cConstituye tu Empresa, Formaliza tu Negocio\u201d se recibieron m\u00e1s de 270 solicitudes. Se realiz\u00f3 la tercera y cuarta edici\u00f3n de Expo M\u00e9ridaBlancaEmprende en las cuales participaron m\u00e1s de 260 emprendedores, as\u00ed como el primer Seminario de Industrias Creativas y Culturales en el cual participaron 155 personas.<\/p>\n<p class=\"x_ydpd7ec02f1MsoNormal\" style=\"text-align: justify;\">Se capacito a un total de 3,704 emprendedores y se brind\u00f3 asesor\u00eda externa a m\u00e1s de 240.<b>\u00a0<\/b><\/p>\n<h4 class=\"x_ydpd7ec02f1MsoNormal\" style=\"text-align: justify;\"><b>Alianzas con el sector empresarial y colegios<\/b><\/h4>\n<p class=\"x_ydpd7ec02f1MsoNormal\" style=\"text-align: justify;\">El Ayuntamiento y la Canaco Servytur signaron un convenio para impulsar a los j\u00f3venes del Centro Municipal de Emprendedores y acercar a los socios de la c\u00e1mara los programas que maneja la direcci\u00f3n de Turismo y Promoci\u00f3n Econ\u00f3mica.<\/p>\n<p class=\"x_ydpd7ec02f1MsoNormal\" style=\"text-align: justify;\">Tambi\u00e9n se firm\u00f3 un convenio con el Instituto Mexicano de la Propiedad Industrial (IMPI) con el cual se fomenta la protecci\u00f3n y registro de marcas e ideas y con Nacional Financiera (NAFIN), el cual permite a los emprendedores, a peque\u00f1os y medianos empresarios apoyados por el Ayuntamiento de M\u00e9rida acceder a toda clase de informaci\u00f3n relacionada con productos financieros, esquemas de financiamiento y desarrollo empresarial.<\/p>\n<p class=\"x_ydpd7ec02f1MsoNormal\" style=\"text-align: justify;\">Asimismo con Mayan Capital Fundation y la Procuradur\u00eda de la Defensa del Contribuyente, que permiten a los usuarios del Centro Municipal de Emprendedores contar con un fondo de inversi\u00f3n privada para la consolidaci\u00f3n de sus proyectos y recibir apoyo formativo en materia fiscal, respectivamente.<\/p>\n<p class=\"x_ydpd7ec02f1MsoNormal\" style=\"text-align: justify;\">Otros convenios signados son con el Colegio de Abogados, Contadores e Ingenieros.<\/p>\n<h4 class=\"x_ydpd7ec02f1MsoNormal\" style=\"text-align: justify;\"><b>Apoyo a peque\u00f1as y medianas empresas<\/b><\/h4>\n<p class=\"x_ydpd7ec02f1MsoNormal\" style=\"text-align: justify;\">Uno de los programas exitosos es el de Micromer, el cual fue reestructurado en esta administraci\u00f3n a fin de apoyar a m\u00e1s meridanos que desean iniciar o emprender un negocio.<\/p>\n<p class=\"x_ydpd7ec02f1MsoNormal\" style=\"text-align: justify;\">Esta consisti\u00f3 en el incremento a 100 mil pesos el monto m\u00e1ximo de los cr\u00e9ditos y una reestructuraci\u00f3n de las reglas de operaci\u00f3n que hoy permiten entregar esta cantidad a quienes lo solicitan por primera\u00a0\u00a0vez.<\/p>\n<p class=\"x_ydpd7ec02f1MsoNormal\" style=\"text-align: justify;\">Ha sido calificado como Mejor Pr\u00e1ctica de Gobierno de parte del CIDE y en esta administraci\u00f3n, Micromer ha entregado un total de 14.9 millones de pesos en cr\u00e9ditos, de los cuales el 61.2% ha sido para empresas encabezadas por mujeres.<\/p>\n<p>Bolet\u00edn de prensa.<\/p>\n","protected":false},"excerpt":{"rendered":"<p>Se ha convertido en una ventana de oportunidades para quienes desean abrir y consolidar su propio negocio en M\u00e9rida.<\/p>\n","protected":false},"author":11,"featured_media":203444,"comment_status":"open","ping_status":"closed","sticky":false,"template":"","format":"standard","meta":{"footnotes":""},"categories":[59107],"tags":[303,57336,27588,40242],"class_list":["post-203443","post","type-post","status-publish","format-standard","has-post-thumbnail","category-gobierno","tag-ayuntamiento-de-merida","tag-centro-municipal-de-emprendedores","tag-emprendedores","tag-emprendedores-en-merida"],"yoast_head":"<!-- This site is optimized with the Yoast SEO plugin v27.7 - https:\/\/yoast.com\/product\/yoast-seo-wordpress\/ -->\n<title>Centro Municipal de Emprendedores cumple su primer a\u00f1o<\/title>\n<meta name=\"description\" content=\"Se ha convertido en una ventana de oportunidades para quienes desean abrir y consolidar su propio negocio en M\u00e9rida.\" \/>\n<meta name=\"robots\" content=\"index, follow, max-snippet:-1, max-image-preview:large, max-video-preview:-1\" \/>\n<link rel=\"canonical\" href=\"https:\/\/reporteroshoy.mx\/wp\/centro-municipal-emprendedores-cumple-primer-ano.html\" \/>\n<meta name=\"twitter:card\" content=\"summary_large_image\" \/>\n<meta name=\"twitter:title\" content=\"Centro Municipal de Emprendedores cumple su primer a\u00f1o\" \/>\n<meta name=\"twitter:description\" content=\"Se ha convertido en una ventana de oportunidades para quienes desean abrir y consolidar su propio negocio en M\u00e9rida.\" \/>\n<meta name=\"twitter:image\" content=\"https:\/\/reporteroshoy.mx\/wp\/wp-content\/uploads\/2018\/02\/emprende5.jpg\" \/>\n<meta name=\"twitter:creator\" content=\"@reporteroshoy\" \/>\n<meta name=\"twitter:site\" content=\"@reporteroshoy\" \/>\n<meta name=\"twitter:label1\" content=\"Escrito por\" \/>\n\t<meta name=\"twitter:data1\" content=\"Reporteros Hoy TZ\" \/>\n\t<meta name=\"twitter:label2\" content=\"Tiempo de lectura\" \/>\n\t<meta name=\"twitter:data2\" content=\"5 minutos\" \/>\n<script type=\"application\/ld+json\" class=\"yoast-schema-graph\">{\"@context\":\"https:\\\/\\\/schema.org\",\"@graph\":[{\"@type\":\"Article\",\"@id\":\"https:\\\/\\\/reporteroshoy.mx\\\/wp\\\/centro-municipal-emprendedores-cumple-primer-ano.html#article\",\"isPartOf\":{\"@id\":\"https:\\\/\\\/reporteroshoy.mx\\\/wp\\\/centro-municipal-emprendedores-cumple-primer-ano.html\"},\"author\":{\"name\":\"Reporteros Hoy TZ\",\"@id\":\"https:\\\/\\\/reporteroshoy.mx\\\/wp\\\/#\\\/schema\\\/person\\\/a02a9ba557c2e7326637ab5bbd6175dd\"},\"headline\":\"Centro Municipal de Emprendedores cumple su primer a\u00f1o\",\"datePublished\":\"2018-02-21T22:44:58+00:00\",\"mainEntityOfPage\":{\"@id\":\"https:\\\/\\\/reporteroshoy.mx\\\/wp\\\/centro-municipal-emprendedores-cumple-primer-ano.html\"},\"wordCount\":920,\"commentCount\":0,\"image\":{\"@id\":\"https:\\\/\\\/reporteroshoy.mx\\\/wp\\\/centro-municipal-emprendedores-cumple-primer-ano.html#primaryimage\"},\"thumbnailUrl\":\"https:\\\/\\\/reporteroshoy.mx\\\/wp\\\/wp-content\\\/uploads\\\/2018\\\/02\\\/emprende5.jpg\",\"keywords\":[\"ayuntamiento de merida\",\"Centro Municipal de Emprendedores\",\"emprendedores\",\"emprendedores en merida\"],\"articleSection\":[\"Gobierno\"],\"inLanguage\":\"es\"},{\"@type\":\"WebPage\",\"@id\":\"https:\\\/\\\/reporteroshoy.mx\\\/wp\\\/centro-municipal-emprendedores-cumple-primer-ano.html\",\"url\":\"https:\\\/\\\/reporteroshoy.mx\\\/wp\\\/centro-municipal-emprendedores-cumple-primer-ano.html\",\"name\":\"Centro Municipal de Emprendedores cumple su primer a\u00f1o\",\"isPartOf\":{\"@id\":\"https:\\\/\\\/reporteroshoy.mx\\\/wp\\\/#website\"},\"primaryImageOfPage\":{\"@id\":\"https:\\\/\\\/reporteroshoy.mx\\\/wp\\\/centro-municipal-emprendedores-cumple-primer-ano.html#primaryimage\"},\"image\":{\"@id\":\"https:\\\/\\\/reporteroshoy.mx\\\/wp\\\/centro-municipal-emprendedores-cumple-primer-ano.html#primaryimage\"},\"thumbnailUrl\":\"https:\\\/\\\/reporteroshoy.mx\\\/wp\\\/wp-content\\\/uploads\\\/2018\\\/02\\\/emprende5.jpg\",\"datePublished\":\"2018-02-21T22:44:58+00:00\",\"author\":{\"@id\":\"https:\\\/\\\/reporteroshoy.mx\\\/wp\\\/#\\\/schema\\\/person\\\/a02a9ba557c2e7326637ab5bbd6175dd\"},\"description\":\"Se ha convertido en una ventana de oportunidades para quienes desean abrir y consolidar su propio negocio en M\u00e9rida.\",\"breadcrumb\":{\"@id\":\"https:\\\/\\\/reporteroshoy.mx\\\/wp\\\/centro-municipal-emprendedores-cumple-primer-ano.html#breadcrumb\"},\"inLanguage\":\"es\",\"potentialAction\":[{\"@type\":\"ReadAction\",\"target\":[\"https:\\\/\\\/reporteroshoy.mx\\\/wp\\\/centro-municipal-emprendedores-cumple-primer-ano.html\"]}]},{\"@type\":\"ImageObject\",\"inLanguage\":\"es\",\"@id\":\"https:\\\/\\\/reporteroshoy.mx\\\/wp\\\/centro-municipal-emprendedores-cumple-primer-ano.html#primaryimage\",\"url\":\"https:\\\/\\\/reporteroshoy.mx\\\/wp\\\/wp-content\\\/uploads\\\/2018\\\/02\\\/emprende5.jpg\",\"contentUrl\":\"https:\\\/\\\/reporteroshoy.mx\\\/wp\\\/wp-content\\\/uploads\\\/2018\\\/02\\\/emprende5.jpg\",\"width\":600,\"height\":365},{\"@type\":\"BreadcrumbList\",\"@id\":\"https:\\\/\\\/reporteroshoy.mx\\\/wp\\\/centro-municipal-emprendedores-cumple-primer-ano.html#breadcrumb\",\"itemListElement\":[{\"@type\":\"ListItem\",\"position\":1,\"name\":\"Home\",\"item\":\"https:\\\/\\\/reporteroshoy.mx\\\/wp\\\/\"},{\"@type\":\"ListItem\",\"position\":2,\"name\":\"Centro Municipal de Emprendedores cumple su primer a\u00f1o\"}]},{\"@type\":\"WebSite\",\"@id\":\"https:\\\/\\\/reporteroshoy.mx\\\/wp\\\/#website\",\"url\":\"https:\\\/\\\/reporteroshoy.mx\\\/wp\\\/\",\"name\":\"NOTICIAS DE YUCAT\u00c1N - Reporteros Hoy\",\"description\":\"Peri\u00f3dico digital con NOTICIAS DE M\u00c9RIDA y YUCAT\u00c1N de HOY. Cientos de noticias por d\u00eda; Policiales, de inter\u00e9s general y m\u00e1s.\",\"potentialAction\":[{\"@type\":\"SearchAction\",\"target\":{\"@type\":\"EntryPoint\",\"urlTemplate\":\"https:\\\/\\\/reporteroshoy.mx\\\/wp\\\/?s={search_term_string}\"},\"query-input\":{\"@type\":\"PropertyValueSpecification\",\"valueRequired\":true,\"valueName\":\"search_term_string\"}}],\"inLanguage\":\"es\"},{\"@type\":\"Person\",\"@id\":\"https:\\\/\\\/reporteroshoy.mx\\\/wp\\\/#\\\/schema\\\/person\\\/a02a9ba557c2e7326637ab5bbd6175dd\",\"name\":\"Reporteros Hoy TZ\",\"image\":{\"@type\":\"ImageObject\",\"inLanguage\":\"es\",\"@id\":\"https:\\\/\\\/secure.gravatar.com\\\/avatar\\\/c539a82770f256437b35bda44650bb50f5fd4b7017f8b29672ed9f27a43cec47?s=96&d=blank&r=g\",\"url\":\"https:\\\/\\\/secure.gravatar.com\\\/avatar\\\/c539a82770f256437b35bda44650bb50f5fd4b7017f8b29672ed9f27a43cec47?s=96&d=blank&r=g\",\"contentUrl\":\"https:\\\/\\\/secure.gravatar.com\\\/avatar\\\/c539a82770f256437b35bda44650bb50f5fd4b7017f8b29672ed9f27a43cec47?s=96&d=blank&r=g\",\"caption\":\"Reporteros Hoy TZ\"},\"url\":\"https:\\\/\\\/reporteroshoy.mx\\\/wp\\\/author\\\/thelmo\"}]}<\/script>\n<!-- \/ Yoast SEO plugin. -->","yoast_head_json":{"title":"Centro Municipal de Emprendedores cumple su primer a\u00f1o","description":"Se ha convertido en una ventana de oportunidades para quienes desean abrir y consolidar su propio negocio en M\u00e9rida.","robots":{"index":"index","follow":"follow","max-snippet":"max-snippet:-1","max-image-preview":"max-image-preview:large","max-video-preview":"max-video-preview:-1"},"canonical":"https:\/\/reporteroshoy.mx\/wp\/centro-municipal-emprendedores-cumple-primer-ano.html","twitter_card":"summary_large_image","twitter_title":"Centro Municipal de Emprendedores cumple su primer a\u00f1o","twitter_description":"Se ha convertido en una ventana de oportunidades para quienes desean abrir y consolidar su propio negocio en M\u00e9rida.","twitter_image":"https:\/\/reporteroshoy.mx\/wp\/wp-content\/uploads\/2018\/02\/emprende5.jpg","twitter_creator":"@reporteroshoy","twitter_site":"@reporteroshoy","twitter_misc":{"Escrito por":"Reporteros Hoy TZ","Tiempo de lectura":"5 minutos"},"schema":{"@context":"https:\/\/schema.org","@graph":[{"@type":"Article","@id":"https:\/\/reporteroshoy.mx\/wp\/centro-municipal-emprendedores-cumple-primer-ano.html#article","isPartOf":{"@id":"https:\/\/reporteroshoy.mx\/wp\/centro-municipal-emprendedores-cumple-primer-ano.html"},"author":{"name":"Reporteros Hoy TZ","@id":"https:\/\/reporteroshoy.mx\/wp\/#\/schema\/person\/a02a9ba557c2e7326637ab5bbd6175dd"},"headline":"Centro Municipal de Emprendedores cumple su primer a\u00f1o","datePublished":"2018-02-21T22:44:58+00:00","mainEntityOfPage":{"@id":"https:\/\/reporteroshoy.mx\/wp\/centro-municipal-emprendedores-cumple-primer-ano.html"},"wordCount":920,"commentCount":0,"image":{"@id":"https:\/\/reporteroshoy.mx\/wp\/centro-municipal-emprendedores-cumple-primer-ano.html#primaryimage"},"thumbnailUrl":"https:\/\/reporteroshoy.mx\/wp\/wp-content\/uploads\/2018\/02\/emprende5.jpg","keywords":["ayuntamiento de merida","Centro Municipal de Emprendedores","emprendedores","emprendedores en merida"],"articleSection":["Gobierno"],"inLanguage":"es"},{"@type":"WebPage","@id":"https:\/\/reporteroshoy.mx\/wp\/centro-municipal-emprendedores-cumple-primer-ano.html","url":"https:\/\/reporteroshoy.mx\/wp\/centro-municipal-emprendedores-cumple-primer-ano.html","name":"Centro Municipal de Emprendedores cumple su primer a\u00f1o","isPartOf":{"@id":"https:\/\/reporteroshoy.mx\/wp\/#website"},"primaryImageOfPage":{"@id":"https:\/\/reporteroshoy.mx\/wp\/centro-municipal-emprendedores-cumple-primer-ano.html#primaryimage"},"image":{"@id":"https:\/\/reporteroshoy.mx\/wp\/centro-municipal-emprendedores-cumple-primer-ano.html#primaryimage"},"thumbnailUrl":"https:\/\/reporteroshoy.mx\/wp\/wp-content\/uploads\/2018\/02\/emprende5.jpg","datePublished":"2018-02-21T22:44:58+00:00","author":{"@id":"https:\/\/reporteroshoy.mx\/wp\/#\/schema\/person\/a02a9ba557c2e7326637ab5bbd6175dd"},"description":"Se ha convertido en una ventana de oportunidades para quienes desean abrir y consolidar su propio negocio en M\u00e9rida.","breadcrumb":{"@id":"https:\/\/reporteroshoy.mx\/wp\/centro-municipal-emprendedores-cumple-primer-ano.html#breadcrumb"},"inLanguage":"es","potentialAction":[{"@type":"ReadAction","target":["https:\/\/reporteroshoy.mx\/wp\/centro-municipal-emprendedores-cumple-primer-ano.html"]}]},{"@type":"ImageObject","inLanguage":"es","@id":"https:\/\/reporteroshoy.mx\/wp\/centro-municipal-emprendedores-cumple-primer-ano.html#primaryimage","url":"https:\/\/reporteroshoy.mx\/wp\/wp-content\/uploads\/2018\/02\/emprende5.jpg","contentUrl":"https:\/\/reporteroshoy.mx\/wp\/wp-content\/uploads\/2018\/02\/emprende5.jpg","width":600,"height":365},{"@type":"BreadcrumbList","@id":"https:\/\/reporteroshoy.mx\/wp\/centro-municipal-emprendedores-cumple-primer-ano.html#breadcrumb","itemListElement":[{"@type":"ListItem","position":1,"name":"Home","item":"https:\/\/reporteroshoy.mx\/wp\/"},{"@type":"ListItem","position":2,"name":"Centro Municipal de Emprendedores cumple su primer a\u00f1o"}]},{"@type":"WebSite","@id":"https:\/\/reporteroshoy.mx\/wp\/#website","url":"https:\/\/reporteroshoy.mx\/wp\/","name":"NOTICIAS DE YUCAT\u00c1N - Reporteros Hoy","description":"Peri\u00f3dico digital con NOTICIAS DE M\u00c9RIDA y YUCAT\u00c1N de HOY. Cientos de noticias por d\u00eda; Policiales, de inter\u00e9s general y m\u00e1s.","potentialAction":[{"@type":"SearchAction","target":{"@type":"EntryPoint","urlTemplate":"https:\/\/reporteroshoy.mx\/wp\/?s={search_term_string}"},"query-input":{"@type":"PropertyValueSpecification","valueRequired":true,"valueName":"search_term_string"}}],"inLanguage":"es"},{"@type":"Person","@id":"https:\/\/reporteroshoy.mx\/wp\/#\/schema\/person\/a02a9ba557c2e7326637ab5bbd6175dd","name":"Reporteros Hoy TZ","image":{"@type":"ImageObject","inLanguage":"es","@id":"https:\/\/secure.gravatar.com\/avatar\/c539a82770f256437b35bda44650bb50f5fd4b7017f8b29672ed9f27a43cec47?s=96&d=blank&r=g","url":"https:\/\/secure.gravatar.com\/avatar\/c539a82770f256437b35bda44650bb50f5fd4b7017f8b29672ed9f27a43cec47?s=96&d=blank&r=g","contentUrl":"https:\/\/secure.gravatar.com\/avatar\/c539a82770f256437b35bda44650bb50f5fd4b7017f8b29672ed9f27a43cec47?s=96&d=blank&r=g","caption":"Reporteros Hoy TZ"},"url":"https:\/\/reporteroshoy.mx\/wp\/author\/thelmo"}]}},"_links":{"self":[{"href":"https:\/\/reporteroshoy.mx\/wp\/wp-json\/wp\/v2\/posts\/203443","targetHints":{"allow":["GET"]}}],"collection":[{"href":"https:\/\/reporteroshoy.mx\/wp\/wp-json\/wp\/v2\/posts"}],"about":[{"href":"https:\/\/reporteroshoy.mx\/wp\/wp-json\/wp\/v2\/types\/post"}],"author":[{"embeddable":true,"href":"https:\/\/reporteroshoy.mx\/wp\/wp-json\/wp\/v2\/users\/11"}],"replies":[{"embeddable":true,"href":"https:\/\/reporteroshoy.mx\/wp\/wp-json\/wp\/v2\/comments?post=203443"}],"version-history":[{"count":0,"href":"https:\/\/reporteroshoy.mx\/wp\/wp-json\/wp\/v2\/posts\/203443\/revisions"}],"wp:featuredmedia":[{"embeddable":true,"href":"https:\/\/reporteroshoy.mx\/wp\/wp-json\/wp\/v2\/media\/203444"}],"wp:attachment":[{"href":"https:\/\/reporteroshoy.mx\/wp\/wp-json\/wp\/v2\/media?parent=203443"}],"wp:term":[{"taxonomy":"category","embeddable":true,"href":"https:\/\/reporteroshoy.mx\/wp\/wp-json\/wp\/v2\/categories?post=203443"},{"taxonomy":"post_tag","embeddable":true,"href":"https:\/\/reporteroshoy.mx\/wp\/wp-json\/wp\/v2\/tags?post=203443"}],"curies":[{"name":"wp","href":"https:\/\/api.w.org\/{rel}","templated":true}]}}